{"id":278791,"date":"2025-07-28T04:29:39","date_gmt":"2025-07-28T04:29:39","guid":{"rendered":"https:\/\/www.europesays.com\/fr\/278791\/"},"modified":"2025-07-28T04:29:39","modified_gmt":"2025-07-28T04:29:39","slug":"tony-et-ziva-reviendront-ils-apres-leur-spin-off-le-patron-de-la-serie-repond","status":"publish","type":"post","link":"https:\/\/www.europesays.com\/fr\/278791\/","title":{"rendered":"Tony et Ziva reviendront-ils apr\u00e8s leur spin-off ? Le patron de la s\u00e9rie r\u00e9pond"},"content":{"rendered":"<p>M\u00eame s&rsquo;ils vont avoir droit \u00e0 leur propre s\u00e9rie, Tony et Ziva restent des personnages \u00e9troitement li\u00e9s \u00e0 NCIS. Alors que la s\u00e9rie originale s&rsquo;appr\u00eate \u00e0 revenir pour sa 23e saison, on peut l\u00e9gitimement se demander si on les apercevra dans un prochain \u00e9pisode.<\/p>\n<p>Alors que la date de sortie du premier \u00e9pisode du <a href=\"https:\/\/www.programme-tv.net\/news\/series-tv\/351753-ncis-tony-ziva-intrigues-casting-ce-qu-il-faut-savoir-sur-le-nouveau-spin-off\/\" data-api-deeplink=\"teleloisirs:\/\/news\/351753\" target=\"_blank\" rel=\"noopener\">nouveau spin-off NCIS : Tony &amp; Ziva<\/a> approche, puisqu&rsquo;il sera diffus\u00e9 le 4 septembre prochain aux Etats-Unis, certains fans, qui sont <a href=\"https:\/\/www.programme-tv.net\/news\/series-tv\/377043-ncis-tony-ziva-le-premier-teaser-est-arrive-et-les-fans-sont-deja-chauds-bouillants\/\" data-api-deeplink=\"teleloisirs:\/\/news\/377043\" target=\"_blank\" rel=\"noopener\">chaud bouillants apr\u00e8s avoir vu le premier teaser<\/a>, se posent d\u00e9j\u00e0 la question : Tony DiNozzo et Ziva David reviendront-ils dans la s\u00e9rie originale apr\u00e8s leur spin-off ? \u00ab\u00a0Je pense que ce serait g\u00e9nial\u00a0\u00bb, estime le producteur ex\u00e9cutif de NCIS, Steven D. Binder, interrog\u00e9 par TV Insider. Ce dernier est en tout cas certain \u00ab\u00a0que le public appr\u00e9cierait\u00a0\u00bb. \u00ab\u00a0Je ne parle pas au nom du studio ni de la cha\u00eene, je ne sais pas ce qu&rsquo;ils en penseraient, mais ils ont tendance \u00e0 \u00eatre tr\u00e8s favorables aux crossovers. Maintenant que nous avons du mat\u00e9riel en r\u00e9serve, nous voulons vraiment y r\u00e9fl\u00e9chir\u00a0\u00bb, ajoute le patron de la s\u00e9rie. Il estime d&rsquo;ailleurs qu&rsquo;un retour des deux personnages serait \u00ab\u00a0amusant\u00a0\u00bb, notamment pour les acteurs Cote de Pablo et Michael Weatherly.<\/p>\n<p>                        NCIS : le patron de la s\u00e9rie optimiste sur un retour de Tony et Ziva<\/p>\n<p>\u00ab\u00a0Il n&rsquo;y a aucune raison de ne pas le faire, \u00e0 moins qu&rsquo;il y ait une raison que j&rsquo;ignore. Mais comme je l&rsquo;ai dit, je ne parle qu&rsquo;en tant que sc\u00e9nariste de la s\u00e9rie, et vous me posez une question qui implique un sup\u00e9rieur hi\u00e9rarchique qui doit trancher\u00a0\u00bb, souligne toutefois Steven D. Binder. \u00ab\u00a0Mais je parle beaucoup avec Michael. Nous avons beaucoup parl\u00e9 de Tony et Ziva au fil des ans, et je peux vous dire que tous les \u00e9l\u00e9ments sont en place pour que quelque chose comme \u00e7a se produise\u00a0\u00bb, affirme-t-il encore, permettant aux fans d&rsquo;esp\u00e9rer.<\/p>\n<p>NCIS : un crossover possible malgr\u00e9 les contraintes ?<\/p>\n<p>Si un crossover devait avoir lieu, ce ne serait pas le premier. Michael Weatherly et Cote de Pablo ont tous deux fait des apparitions dans NCIS depuis qu&rsquo;ils ont quitt\u00e9 la s\u00e9rie. Le personnage de Tony DiNozzo est ainsi revenu pour l&rsquo;\u00e9pisode rendant hommage \u00e0 Ducky apr\u00e8s le d\u00e9c\u00e8s de <a href=\"https:\/\/www.programme-tv.net\/biographie\/3818-mccallum-david\/\" data-link-people=\"18443b4f-2973-472d-b3bf-5192fc4680ea\" target=\"_blank\" rel=\"noopener\">David McCallum<\/a>, tandis que Ziva est r\u00e9apparue pour aller rejoindre Tony et<a href=\"https:\/\/www.programme-tv.net\/news\/series-tv\/363381-ncis-la-fille-de-tony-ziva-enfin-devoilee-par-michael-weatherly-et-cote-de-pablo\/\" data-api-deeplink=\"teleloisirs:\/\/news\/363381\" target=\"_blank\" rel=\"noopener\"> leur fille<\/a> \u00e0 Paris. Reste une grande inconnue : les calendriers des deux s\u00e9ries et l&#8217;emploi du temps des acteurs seront-ils compatibles pour voir le projet aboutir ?<\/p>\n<p>Article \u00e9crit en collaboration avec 6Medias<\/p>\n","protected":false},"excerpt":{"rendered":"M\u00eame s&rsquo;ils vont avoir droit \u00e0 leur propre s\u00e9rie, Tony et Ziva restent des personnages \u00e9troitement li\u00e9s \u00e0&hellip;\n","protected":false},"author":2,"featured_media":278792,"comment_status":"","ping_status":"","sticky":false,"template":"","format":"standard","meta":{"footnotes":""},"categories":[1356],"tags":[4225,244,41833,58,59,1011,27,41834,13903,4224,129,252,1364],"class_list":{"0":"post-278791","1":"post","2":"type-post","3":"status-publish","4":"format-standard","5":"has-post-thumbnail","7":"category-television","8":"tag-amazon-prime-vidu00e9o","9":"tag-commentaire","10":"tag-cote-de-pablo","11":"tag-divertissement","12":"tag-entertainment","13":"tag-fr","14":"tag-france","15":"tag-michael-weatherly","16":"tag-ncis-enquu00eates-spu00e9ciales","17":"tag-pub-streaming-prime-video","18":"tag-svod","19":"tag-television","20":"tag-tv"},"share_on_mastodon":{"url":"https:\/\/pubeurope.com\/@fr\/114928979976227344","error":""},"_links":{"self":[{"href":"https:\/\/www.europesays.com\/fr\/wp-json\/wp\/v2\/posts\/278791","targetHints":{"allow":["GET"]}}],"collection":[{"href":"https:\/\/www.europesays.com\/fr\/wp-json\/wp\/v2\/posts"}],"about":[{"href":"https:\/\/www.europesays.com\/fr\/wp-json\/wp\/v2\/types\/post"}],"author":[{"embeddable":true,"href":"https:\/\/www.europesays.com\/fr\/wp-json\/wp\/v2\/users\/2"}],"replies":[{"embeddable":true,"href":"https:\/\/www.europesays.com\/fr\/wp-json\/wp\/v2\/comments?post=278791"}],"version-history":[{"count":0,"href":"https:\/\/www.europesays.com\/fr\/wp-json\/wp\/v2\/posts\/278791\/revisions"}],"wp:featuredmedia":[{"embeddable":true,"href":"https:\/\/www.europesays.com\/fr\/wp-json\/wp\/v2\/media\/278792"}],"wp:attachment":[{"href":"https:\/\/www.europesays.com\/fr\/wp-json\/wp\/v2\/media?parent=278791"}],"wp:term":[{"taxonomy":"category","embeddable":true,"href":"https:\/\/www.europesays.com\/fr\/wp-json\/wp\/v2\/categories?post=278791"},{"taxonomy":"post_tag","embeddable":true,"href":"https:\/\/www.europesays.com\/fr\/wp-json\/wp\/v2\/tags?post=278791"}],"curies":[{"name":"wp","href":"https:\/\/api.w.org\/{rel}","templated":true}]}}