{"id":278793,"date":"2025-07-28T04:31:16","date_gmt":"2025-07-28T04:31:16","guid":{"rendered":"https:\/\/www.europesays.com\/fr\/278793\/"},"modified":"2025-07-28T04:31:16","modified_gmt":"2025-07-28T04:31:16","slug":"piscine-interieure-jardin-dhiver-son-ancienne-maison-de-luxe-est-a-vendre-a-un-prix-exorbitant","status":"publish","type":"post","link":"https:\/\/www.europesays.com\/fr\/278793\/","title":{"rendered":"piscine int\u00e9rieure, jardin d\u2019hiver\u2026 Son ancienne maison de luxe est \u00e0 vendre \u00e0 un prix exorbitant"},"content":{"rendered":"<p><strong>L\u00e9gende vivante de la chanson fran\u00e7aise<\/strong>. Michel Sardou a d\u00e9cid\u00e9 de prendre sa retraite. Afin de jouir d&rsquo;un repos bien m\u00e9rit\u00e9. Install\u00e9 avec sa compagne dans le sud de la France. Le chanteur a longtemps v\u00e9cu dans une immense demeure situ\u00e9e \u00e0 Neuilly-sur-Seine. Cette fameuse b\u00e2tisse est aujourd&rsquo;hui en vente pour la modique somme de 18,8 millions d\u2019euros. Comme l&rsquo;a rapport\u00e9 Le Parisien. Situ\u00e9 en plein c\u0153ur du quartier Saint-James. Ce bien immobilier dispose de <strong>pr\u00e8s de 700 m2 de surface habitable<\/strong>. L&rsquo;ancienne maison de Michel Sardou s\u2019\u00e9tend sur trois \u00e9tages. Et dispose \u00e9galement d&rsquo;un sous-sol enti\u00e8rement am\u00e9nag\u00e9. Un jardin de 1 750 m2 compl\u00e8te \u00e9galement cette propri\u00e9t\u00e9 unique en son genre. Comme l&rsquo;a soulign\u00e9 Alexandre Cointet, le directeur de l\u2019agence \u00c9mile Garcin Neuilly, charg\u00e9 de la vente de cette r\u00e9sidence.<\/p>\n<p>Michel Sardou : son ancienne maison de Neuilly-sur-Seine poss\u00e8de un immense jardin<\/p>\n<p>\u00ab\u00a0On ne peut plus parler d\u2019h\u00f4tel particulier \u00e0 ce niveau-l\u00e0. C\u2019est une propri\u00e9t\u00e9. Des biens comme cela avec un si grand espace ext\u00e9rieur, <strong>il n\u2019y en a que cinq ou six \u00e0 Neuilly<\/strong>\u00ab\u00a0, a-t-il ainsi d\u00e9clar\u00e9. \u00ab\u00a0L\u2019effet waouh, c\u2019est vraiment que tout l\u2019espace de r\u00e9ception soit au m\u00eame endroit, au rez-de-chauss\u00e9e. Avec un acc\u00e8s direct au jardin\u00a0\u00bb, a par ailleurs ajout\u00e9 Alexandre Cointet au sujet de l&rsquo;ancienne demeure de Michel Sardou. En fait, la porte d&rsquo;entr\u00e9e donne directement sur une grande salle de s\u00e9jour. Celle-ci est ouverte sur la cuisine (&#8230;)<\/p>\n<p><a href=\"https:\/\/www.closermag.fr\/people\/michel-sardou-piscine-interieure-jardin-dhiver-son-ancienne-maison-de-luxe-est-a-vendre-a-un-prix-exorbitant-3567254\" rel=\"nofollow noopener\" target=\"_blank\" data-ylk=\"slk:Lire la suite sur Closer;elm:context_link;itc:0;sec:content-canvas\" class=\"link \">Lire la suite sur Closer<\/a><\/p>\n<p><a href=\"https:\/\/www.closermag.fr\/royautes\/leonor-et-sofia-despagne-les-deux-soeurs-ont-perdu-leur-bataille-contre-la-princesse-charlotte-3567288\" rel=\"nofollow noopener\" target=\"_blank\" data-ylk=\"slk:Leonor et Sofia d\u2019Espagne : les deux soeurs ont perdu leur bataille contre la princesse Charlotte;elm:context_link;itc:0;sec:content-canvas\" class=\"link \">Leonor et Sofia d\u2019Espagne : les deux soeurs ont perdu leur bataille contre la princesse Charlotte<\/a><br \/><a href=\"https:\/\/www.closermag.fr\/people\/david-et-victoria-beckham-le-couple-a-choisi-un-celebre-port-francais-pour-passer-leurs-vacances-sur-un-yacht-a-18-millions-deuros-3567284\" rel=\"nofollow noopener\" target=\"_blank\" data-ylk=\"slk:David et Victoria Beckham : le couple a choisi un c\u00e9l\u00e8bre port fran\u00e7ais pour passer leurs vacances sur un yacht \u00e0 18 millions d&#039;euros;elm:context_link;itc:0;sec:content-canvas\" class=\"link \">David et Victoria Beckham : le couple a choisi un c\u00e9l\u00e8bre port fran\u00e7ais pour passer leurs vacances sur un yacht \u00e0 18 millions d&rsquo;euros<\/a><br \/><a href=\"https:\/\/www.closermag.fr\/royautes\/prince-harry-la-perte-de-ce-contrat-va-lui-faire-du-mal-financierement-et-bien-plus-qua-meghan-markle-3567280\" rel=\"nofollow noopener\" target=\"_blank\" data-ylk=\"slk:Prince Harry : la perte de ce contrat va lui faire du mal financi\u00e8rement\u2026 et bien plus qu\u2019\u00e0 Meghan Markle !;elm:context_link;itc:0;sec:content-canvas\" class=\"link \">Prince Harry : la perte de ce contrat va lui faire du mal financi\u00e8rement\u2026 et bien plus qu\u2019\u00e0 Meghan Markle !<\/a><br \/><a href=\"https:\/\/www.closermag.fr\/vecu\/nuit-des-etoiles-ces-trois-signes-vont-appeler-une-rencontre-dame-3567278\" rel=\"nofollow noopener\" target=\"_blank\" data-ylk=\"slk:Nuit des \u00c9toiles : ces trois signes vont appeler une rencontre d\u2019\u00e2me;elm:context_link;itc:0;sec:content-canvas\" class=\"link \">Nuit des \u00c9toiles : ces trois signes vont appeler une rencontre d\u2019\u00e2me<\/a><br \/><a href=\"https:\/\/www.closermag.fr\/people\/je-pesais-redouane-bougheraba-se-confie-sur-sa-grosse-perte-de-poids-depuis-sa-participation-a-fort-boyard-3567275\" rel=\"nofollow noopener\" target=\"_blank\" data-ylk=\"slk:&quot;Je pesais\u2026&quot; : Redouane Bougheraba se confie sur sa grosse perte de poids depuis sa participation \u00e0 Fort Boyard;elm:context_link;itc:0;sec:content-canvas\" class=\"link \">\u00ab\u00a0Je pesais\u2026\u00a0\u00bb : Redouane Bougheraba se confie sur sa grosse perte de poids depuis sa participation \u00e0 Fort Boyard<\/a><\/p>\n","protected":false},"excerpt":{"rendered":"L\u00e9gende vivante de la chanson fran\u00e7aise. Michel Sardou a d\u00e9cid\u00e9 de prendre sa retraite. Afin de jouir d&rsquo;un&hellip;\n","protected":false},"author":2,"featured_media":278794,"comment_status":"","ping_status":"","sticky":false,"template":"","format":"standard","meta":{"footnotes":""},"categories":[1355],"tags":[41835,58,59,1011,27,30040,1361,873,21622],"class_list":{"0":"post-278793","1":"post","2":"type-post","3":"status-publish","4":"format-standard","5":"has-post-thumbnail","7":"category-musique","8":"tag-alexandre-cointet","9":"tag-divertissement","10":"tag-entertainment","11":"tag-fr","12":"tag-france","13":"tag-michel-sardou","14":"tag-music","15":"tag-musique","16":"tag-neuilly-sur-seine"},"share_on_mastodon":{"url":"https:\/\/pubeurope.com\/@fr\/114928987868934838","error":""},"_links":{"self":[{"href":"https:\/\/www.europesays.com\/fr\/wp-json\/wp\/v2\/posts\/278793","targetHints":{"allow":["GET"]}}],"collection":[{"href":"https:\/\/www.europesays.com\/fr\/wp-json\/wp\/v2\/posts"}],"about":[{"href":"https:\/\/www.europesays.com\/fr\/wp-json\/wp\/v2\/types\/post"}],"author":[{"embeddable":true,"href":"https:\/\/www.europesays.com\/fr\/wp-json\/wp\/v2\/users\/2"}],"replies":[{"embeddable":true,"href":"https:\/\/www.europesays.com\/fr\/wp-json\/wp\/v2\/comments?post=278793"}],"version-history":[{"count":0,"href":"https:\/\/www.europesays.com\/fr\/wp-json\/wp\/v2\/posts\/278793\/revisions"}],"wp:featuredmedia":[{"embeddable":true,"href":"https:\/\/www.europesays.com\/fr\/wp-json\/wp\/v2\/media\/278794"}],"wp:attachment":[{"href":"https:\/\/www.europesays.com\/fr\/wp-json\/wp\/v2\/media?parent=278793"}],"wp:term":[{"taxonomy":"category","embeddable":true,"href":"https:\/\/www.europesays.com\/fr\/wp-json\/wp\/v2\/categories?post=278793"},{"taxonomy":"post_tag","embeddable":true,"href":"https:\/\/www.europesays.com\/fr\/wp-json\/wp\/v2\/tags?post=278793"}],"curies":[{"name":"wp","href":"https:\/\/api.w.org\/{rel}","templated":true}]}}