{"id":278797,"date":"2025-07-28T04:35:12","date_gmt":"2025-07-28T04:35:12","guid":{"rendered":"https:\/\/www.europesays.com\/fr\/278797\/"},"modified":"2025-07-28T04:35:12","modified_gmt":"2025-07-28T04:35:12","slug":"marie-morgane-le-deunff-et-trois-autres-coureuses-hors-delais-a-larrivee-de-la-deuxieme-etape-du-tour-de-france-femmes","status":"publish","type":"post","link":"https:\/\/www.europesays.com\/fr\/278797\/","title":{"rendered":"Marie-Morgane Le Deunff et trois autres coureuses hors d\u00e9lais \u00e0 l\u2019arriv\u00e9e de la deuxi\u00e8me \u00e9tape du Tour de France femmes"},"content":{"rendered":"<p>Un petit tour et puis s\u2019en va. Appel\u00e9e de derni\u00e8re minute, Marie-Morgane Le Deunff (Winspace Orange Seal) est arriv\u00e9e hors d\u00e9lais de la deuxi\u00e8me \u00e9tape du Tour de France femmes. Elles sont quatre dans ce cas.<\/p>\n<p>En plus de la Bretonne, les coureuses de Saint-Michel &#8211; Auber 93 Lucie Fityus et la Fran\u00e7aise S\u00e9gol\u00e8ne Thomas sont arriv\u00e9es apr\u00e8s le temps imparti, tout comme Elena Pirrone (Roland Le Devoluy). Elles ont franchi la ligne plus de 24\u201940\u2019\u2019<a href=\"https:\/\/www.letelegramme.fr\/sports\/cyclisme\/tour-de-france\/direct-suivez-la-deuxieme-etape-du-tour-de-france-femmes-entre-brest-et-quimper-6861893.php\" target=\"_blank\" rel=\"nofollow noopener\">apr\u00e8s Mavi Garcia, l\u2019Espagnole gagnante de la deuxi\u00e8me \u00e9tape<\/a> en 2 h 44\u201929\u2019\u2019. En deux jours de course, le peloton a d\u00e9j\u00e0 perdu sept coureuses.<\/p>\n","protected":false},"excerpt":{"rendered":"Un petit tour et puis s\u2019en va. Appel\u00e9e de derni\u00e8re minute, Marie-Morgane Le Deunff (Winspace Orange Seal) est&hellip;\n","protected":false},"author":2,"featured_media":278798,"comment_status":"","ping_status":"","sticky":false,"template":"","format":"standard","meta":{"footnotes":""},"categories":[9],"tags":[207,11097,3166,1011,27,60,210,11098],"class_list":{"0":"post-278797","1":"post","2":"type-post","3":"status-publish","4":"format-standard","5":"has-post-thumbnail","7":"category-sports","8":"tag-cyclisme","9":"tag-cyclisme-feminin","10":"tag-en-continu-sports","11":"tag-fr","12":"tag-france","13":"tag-sports","14":"tag-tour-de-france","15":"tag-tour-de-france-femmes"},"share_on_mastodon":{"url":"https:\/\/pubeurope.com\/@fr\/114929003712520861","error":""},"_links":{"self":[{"href":"https:\/\/www.europesays.com\/fr\/wp-json\/wp\/v2\/posts\/278797","targetHints":{"allow":["GET"]}}],"collection":[{"href":"https:\/\/www.europesays.com\/fr\/wp-json\/wp\/v2\/posts"}],"about":[{"href":"https:\/\/www.europesays.com\/fr\/wp-json\/wp\/v2\/types\/post"}],"author":[{"embeddable":true,"href":"https:\/\/www.europesays.com\/fr\/wp-json\/wp\/v2\/users\/2"}],"replies":[{"embeddable":true,"href":"https:\/\/www.europesays.com\/fr\/wp-json\/wp\/v2\/comments?post=278797"}],"version-history":[{"count":0,"href":"https:\/\/www.europesays.com\/fr\/wp-json\/wp\/v2\/posts\/278797\/revisions"}],"wp:featuredmedia":[{"embeddable":true,"href":"https:\/\/www.europesays.com\/fr\/wp-json\/wp\/v2\/media\/278798"}],"wp:attachment":[{"href":"https:\/\/www.europesays.com\/fr\/wp-json\/wp\/v2\/media?parent=278797"}],"wp:term":[{"taxonomy":"category","embeddable":true,"href":"https:\/\/www.europesays.com\/fr\/wp-json\/wp\/v2\/categories?post=278797"},{"taxonomy":"post_tag","embeddable":true,"href":"https:\/\/www.europesays.com\/fr\/wp-json\/wp\/v2\/tags?post=278797"}],"curies":[{"name":"wp","href":"https:\/\/api.w.org\/{rel}","templated":true}]}}