{"id":278807,"date":"2025-07-28T04:41:12","date_gmt":"2025-07-28T04:41:12","guid":{"rendered":"https:\/\/www.europesays.com\/fr\/278807\/"},"modified":"2025-07-28T04:41:12","modified_gmt":"2025-07-28T04:41:12","slug":"un-diner-entre-bruno-retailleau-rachida-dati-et-michel-barnier-a-bien-eu-lieu-dimanche-a-beauvau","status":"publish","type":"post","link":"https:\/\/www.europesays.com\/fr\/278807\/","title":{"rendered":"un d\u00eener entre Bruno Retailleau, Rachida Dati et Michel Barnier a bien eu lieu dimanche \u00e0 Beauvau"},"content":{"rendered":"<p>Selon nos informations, l\u2019ancien pr\u00e9sident Nicolas Sarkozy aurait encourag\u00e9 la ministre de la Culture \u00e0 accepter l\u2019\u00e9change organis\u00e9 au minist\u00e8re de l\u2019Int\u00e9rieur en vue d\u2019apaiser les tensions avec la commission nationale d\u2019investiture pr\u00e9vue lundi. L\u2019espoir d\u2019un \u00abchemin\u00bb est apparu.<\/p>\n<p class=\"fig-paragraph\">Le d\u00eener a bien eu lieu dimanche soir \u00e0 l\u2019H\u00f4tel de Beauvau et en sortant, un premier commentaire optimiste a fuit\u00e9 en coulisses: \u00abLe dialogue continue et il y a un chemin\u00bb. Une rencontre jug\u00e9e \u00e0 la fois \u00abutile\u00bb et \u00abn\u00e9cessaire\u00bb.<\/p>\n<p class=\"fig-paragraph\">Bruno Retailleau,\u00a0<a href=\"http:\/\/www.lefigaro.fr\/politique\/municipales-2026-rachida-dati-serait-une-excellente-maire-de-paris-d-apres-sophie-primas-20250723\" data-fig-type=\"Article\" data-gtm-custom-categorie=\"navigation\" data-gtm-custom-action=\"crossclick\" data-gtm-custom-label=\"Contextuel\" data-gtm-event=\"customEventSPE\" data-fig-domain=\"LEFIGARO\" target=\"_blank\" rel=\"noopener\">Rachida Dati<\/a>\u00a0et\u00a0<a href=\"http:\/\/www.lefigaro.fr\/politique\/j-ai-envie-d-etre-sur-le-pont-pas-dans-la-cave-les-confidences-de-michel-barnier-candidat-a-la-legislative-partielle-a-paris-20250723\" data-fig-type=\"Article\" data-gtm-custom-categorie=\"navigation\" data-gtm-custom-action=\"crossclick\" data-gtm-custom-label=\"Contextuel\" data-gtm-event=\"customEventSPE\" data-fig-domain=\"LEFIGARO\" target=\"_blank\" rel=\"noopener\">Michel Barnier<\/a>\u00a0avaient souhait\u00e9 \u00e9changer avant la commission nationale d\u2019investiture pr\u00e9vue lundi en fin d\u2019apr\u00e8s-midi. Pour le pr\u00e9sident des R\u00e9publicains, l\u2019objectif de ce repas \u00e9tait d\u2019apaiser les tensions et de dissiper les malentendus li\u00e9s \u00e0 la candidature de Michel Barnier pour la 2e circonscription de Paris. Rachida Dati, candidate aux municipales \u00e0 Paris, avait per\u00e7u cette candidature comme une ing\u00e9rence dans ses projets politiques parisiens et n\u2019avait pas h\u00e9sit\u00e9 \u00e0 le clamer publiquement sur les plateaux et dans les r\u00e9unions publiques.<\/p>\n<p class=\"fig-paragraph\">Apr\u00e8s une semaine de crispations, durant laquelle la ministre de la Culture avait laiss\u00e9 entendre qu\u2019elle irait au bout de l\u2019audition r\u00e9clam\u00e9e \u00e0 la CNI, tout en brandissant la menace de se d\u00e9clarer\u2026<\/p>\n<p class=\"fig-premium-paywall__infos\">\n        Cet article est r\u00e9serv\u00e9 aux abonn\u00e9s.        Il vous reste 71% \u00e0 d\u00e9couvrir.\n    <\/p>\n<p>                <img  data- alt=\"Le Figaro\" class=\"fig-img--complete fig-img\"\/><\/p>\n<p class=\"fig-premium-paywall__title\">Vous avez envie de lire la suite ?<\/p>\n<p class=\"fig-premium-paywall__subtitle\">D\u00e9bloquez tous les articles imm\u00e9diatement.<\/p>\n<p class=\"fig-premium-paywall__connect\">\n                D\u00e9j\u00e0 abonn\u00e9\u00a0?                <a class=\"fig-premium-paywall__connect-link\" href=\"https:\/\/connect.lefigaro.fr\/login?client=horizon_web&amp;type=main&amp;redirect_uri=https%3A%2F%2Fwww.lefigaro.fr%2Fpolitique%2Fparis-un-diner-entre-bruno-retailleau-rachida-dati-et-michel-barnier-a-eu-lieu-a-beauvau-20250727\" data-js-gtm=\"{&quot;customCategorie&quot;: &quot;conversion&quot;, &quot;customAction&quot;: &quot;before_Landing_Connexion_paywall_auto&quot;, &quot;customLabel&quot;: &quot;bGVmaWdhcm8uZnJfXzFmMDZiMjU2LWJkMzYtNjdmZS05MTIwLTk1MTA1ZDAzYTY5NF9fQXJ0aWNsZQ==_Paris: un d\u00eener entre Bruno Retailleau, Rachida Dati et Michel Barnier a bien eu lieu dimanche \u00e0 Beauvau_192&quot;, &quot;customIDSPE&quot;: &quot;bGVmaWdhcm8uZnJfXzFmMDZiMjU2LWJkMzYtNjdmZS05MTIwLTk1MTA1ZDAzYTY5NF9fQXJ0aWNsZQ==&quot;, &quot;event&quot;: &quot;customEventSPE&quot;}\" target=\"_blank\" rel=\"noopener\"><br \/>\n                    Connectez-vous<br \/>\n                <\/a>\n            <\/p>\n","protected":false},"excerpt":{"rendered":"Selon nos informations, l\u2019ancien pr\u00e9sident Nicolas Sarkozy aurait encourag\u00e9 la ministre de la Culture \u00e0 accepter l\u2019\u00e9change organis\u00e9&hellip;\n","protected":false},"author":2,"featured_media":278808,"comment_status":"","ping_status":"","sticky":false,"template":"","format":"standard","meta":{"footnotes":""},"categories":[4],"tags":[11,1013,6592,1011,27,6319,27636,12,626,25],"class_list":{"0":"post-278807","1":"post","2":"type-post","3":"status-publish","4":"format-standard","5":"has-post-thumbnail","7":"category-france","8":"tag-actualites","9":"tag-bruno-retailleau","10":"tag-droite","11":"tag-fr","12":"tag-france","13":"tag-les-republicains","14":"tag-michel-barnier","15":"tag-news","16":"tag-paris","17":"tag-republique-francaise"},"share_on_mastodon":{"url":"https:\/\/pubeurope.com\/@fr\/114929027157939050","error":""},"_links":{"self":[{"href":"https:\/\/www.europesays.com\/fr\/wp-json\/wp\/v2\/posts\/278807","targetHints":{"allow":["GET"]}}],"collection":[{"href":"https:\/\/www.europesays.com\/fr\/wp-json\/wp\/v2\/posts"}],"about":[{"href":"https:\/\/www.europesays.com\/fr\/wp-json\/wp\/v2\/types\/post"}],"author":[{"embeddable":true,"href":"https:\/\/www.europesays.com\/fr\/wp-json\/wp\/v2\/users\/2"}],"replies":[{"embeddable":true,"href":"https:\/\/www.europesays.com\/fr\/wp-json\/wp\/v2\/comments?post=278807"}],"version-history":[{"count":0,"href":"https:\/\/www.europesays.com\/fr\/wp-json\/wp\/v2\/posts\/278807\/revisions"}],"wp:featuredmedia":[{"embeddable":true,"href":"https:\/\/www.europesays.com\/fr\/wp-json\/wp\/v2\/media\/278808"}],"wp:attachment":[{"href":"https:\/\/www.europesays.com\/fr\/wp-json\/wp\/v2\/media?parent=278807"}],"wp:term":[{"taxonomy":"category","embeddable":true,"href":"https:\/\/www.europesays.com\/fr\/wp-json\/wp\/v2\/categories?post=278807"},{"taxonomy":"post_tag","embeddable":true,"href":"https:\/\/www.europesays.com\/fr\/wp-json\/wp\/v2\/tags?post=278807"}],"curies":[{"name":"wp","href":"https:\/\/api.w.org\/{rel}","templated":true}]}}