{"id":278811,"date":"2025-07-28T04:45:33","date_gmt":"2025-07-28T04:45:33","guid":{"rendered":"https:\/\/www.europesays.com\/fr\/278811\/"},"modified":"2025-07-28T04:45:33","modified_gmt":"2025-07-28T04:45:33","slug":"son-groupe-facebook-compte-14-000-abonnes","status":"publish","type":"post","link":"https:\/\/www.europesays.com\/fr\/278811\/","title":{"rendered":"son groupe Facebook compte 14\u00a0000 abonn\u00e9s"},"content":{"rendered":"<p>Catherine Crisi, 54 ans, voit chaque lundi matin comme une chance d\u2019\u00eatre en vie. C\u2019est en 2014, alors qu\u2019elle est bloqu\u00e9e chez elle \u00e0 cause d\u2019un traitement contre un cancer, qu\u2019elle cr\u00e9e une page sur le r\u00e9seau social Facebook intitul\u00e9e\u00a0: \u00ab\u00a0Tu es de Saint-Chamond si\u2026\u00a0\u00bb.<\/p>\n<p>Elle raconte\u00a0: \u00ab\u00a0Je suis chez moi, seule, et j\u2019invite mon r\u00e9seau, mes potes de Sainte-Marie\u2026 et on discute\u00a0! C\u2019est comme \u00e7a que \u00e7a a commenc\u00e9\u00a0! Et puis gu\u00e9rie, j\u2019ai repris le boulot et la page, de son c\u00f4t\u00e9, a grandi.\u00a0\u00bb<\/p>\n<p>Cathy, \u00e9ternelle optimiste au regard bleu p\u00e9tillant, bouillonne d\u2019id\u00e9es et de projets. Secr\u00e9taire \u00e0 son compte, elle est, au d\u00e9part, sp\u00e9cialis\u00e9e dans le BTP. Mais apr\u00e8s avoir \u00e9t\u00e9 salari\u00e9e pendant trente ans,&#8230;<\/p>\n","protected":false},"excerpt":{"rendered":"Catherine Crisi, 54 ans, voit chaque lundi matin comme une chance d\u2019\u00eatre en vie. C\u2019est en 2014, alors&hellip;\n","protected":false},"author":2,"featured_media":278812,"comment_status":"","ping_status":"","sticky":false,"template":"","format":"standard","meta":{"footnotes":""},"categories":[9653],"tags":[1111,11,2430,7539,1777,674,1011,27,12,25,9669,9670,4001,104,1631],"class_list":{"0":"post-278811","1":"post","2":"type-post","3":"status-publish","4":"format-standard","5":"has-post-thumbnail","7":"category-saint-etienne","8":"tag-actu","9":"tag-actualites","10":"tag-auvergne-rhone-alpes","11":"tag-edition-loire-sud","12":"tag-eu","13":"tag-europe","14":"tag-fr","15":"tag-france","16":"tag-news","17":"tag-republique-francaise","18":"tag-saint-chamond","19":"tag-saint-chamond-ville","20":"tag-saint-etienne","21":"tag-societe","22":"tag-vie-associative"},"share_on_mastodon":{"url":"https:\/\/pubeurope.com\/@fr\/114929042899444285","error":""},"_links":{"self":[{"href":"https:\/\/www.europesays.com\/fr\/wp-json\/wp\/v2\/posts\/278811","targetHints":{"allow":["GET"]}}],"collection":[{"href":"https:\/\/www.europesays.com\/fr\/wp-json\/wp\/v2\/posts"}],"about":[{"href":"https:\/\/www.europesays.com\/fr\/wp-json\/wp\/v2\/types\/post"}],"author":[{"embeddable":true,"href":"https:\/\/www.europesays.com\/fr\/wp-json\/wp\/v2\/users\/2"}],"replies":[{"embeddable":true,"href":"https:\/\/www.europesays.com\/fr\/wp-json\/wp\/v2\/comments?post=278811"}],"version-history":[{"count":0,"href":"https:\/\/www.europesays.com\/fr\/wp-json\/wp\/v2\/posts\/278811\/revisions"}],"wp:featuredmedia":[{"embeddable":true,"href":"https:\/\/www.europesays.com\/fr\/wp-json\/wp\/v2\/media\/278812"}],"wp:attachment":[{"href":"https:\/\/www.europesays.com\/fr\/wp-json\/wp\/v2\/media?parent=278811"}],"wp:term":[{"taxonomy":"category","embeddable":true,"href":"https:\/\/www.europesays.com\/fr\/wp-json\/wp\/v2\/categories?post=278811"},{"taxonomy":"post_tag","embeddable":true,"href":"https:\/\/www.europesays.com\/fr\/wp-json\/wp\/v2\/tags?post=278811"}],"curies":[{"name":"wp","href":"https:\/\/api.w.org\/{rel}","templated":true}]}}