{"id":278813,"date":"2025-07-28T04:48:39","date_gmt":"2025-07-28T04:48:39","guid":{"rendered":"https:\/\/www.europesays.com\/fr\/278813\/"},"modified":"2025-07-28T04:48:39","modified_gmt":"2025-07-28T04:48:39","slug":"amical-saint-etienne-balaye-par-le-paris-fc-avec-un-bijou-dilan-kebbal","status":"publish","type":"post","link":"https:\/\/www.europesays.com\/fr\/278813\/","title":{"rendered":"Amical &#8211; Saint-\u00c9tienne balay\u00e9 par le Paris FC, avec un bijou d&rsquo;Ilan Kebbal"},"content":{"rendered":"<p>Le <strong>Paris FC<\/strong> (Ligue 1) et l\u2019AS <strong>Saint-\u00c9tienne<\/strong> (Ligue 2) n\u2019ont \u00e9chang\u00e9 leurs places qu\u2019il y a quelques semaines mais la hi\u00e9rarchie \u00e9tait tr\u00e8s claire vendredi soir \u00e0 Thonon lors d\u2019un match amical entre les deux formations. Les Franciliens se sont nettement impos\u00e9s (3-0) en pliant le r\u00e9sultat d\u00e8s la premi\u00e8re mi-temps. Vincent Marchetti marque un doubl\u00e9. Son co\u00e9quipier Ilan Kebbal inscrit un unique but, sur un festival technique conclue d\u2019une frappe enroul\u00e9e en lucarne.<\/p>\n<blockquote class=\"twitter-tweet\">\n<p dir=\"ltr\" lang=\"fr\">Ilan Kebbal r\u00e9gale d\u00e9j\u00e0 \u2026<br \/>3-0 \u00e0 la MT pour le Paris FC contre Saint-Etienne <a href=\"https:\/\/twitter.com\/hashtag\/ASSEPFC?src=hash&amp;ref_src=twsrc%5Etfw\" target=\"_blank\" rel=\"noopener\">#ASSEPFC<\/a><\/p>\n<p><a href=\"https:\/\/t.co\/0p3gD0g93U\">pic.twitter.com\/0p3gD0g93U<\/a><\/p>\n<p>\u2014 Laurent Pruneta (@PrunetaLaurent) <a href=\"https:\/\/twitter.com\/PrunetaLaurent\/status\/1948803700841218163?ref_src=twsrc%5Etfw\" target=\"_blank\" rel=\"noopener\">July 25, 2025<\/a><\/p>\n<\/blockquote>\n<p>ASSE 0-3 Paris FC<\/p>\n<p>Buteurs : Marchetti (x2), Kebbal pour le Paris FC<\/p>\n<p><strong>ASSE<\/strong> : Larsonneur \u2013 Appiah, Lamba, Bernauer, Traor\u00e9, Tardieu, Jaber, Moueffek, Boakye, Old, Cardona<\/p>\n<p><strong>PFC<\/strong> : Riou \u2013 Sangui; Kor\u00e9; Mbow, Tourraine \u2013 Marchetti, J. Lopez, Kebbal \u2013 Gory, El Kit, Gaudin<\/p>\n<p>Photo \u00a9Philippe Lecoeur\/FEP\/Icon Sport<\/p>\n<p>\t\t<script async src=\"https:\/\/platform.twitter.com\/widgets.js\" charset=\"utf-8\"><\/script><\/p>\n","protected":false},"excerpt":{"rendered":"Le Paris FC (Ligue 1) et l\u2019AS Saint-\u00c9tienne (Ligue 2) n\u2019ont \u00e9chang\u00e9 leurs places qu\u2019il y a quelques&hellip;\n","protected":false},"author":2,"featured_media":278814,"comment_status":"","ping_status":"","sticky":false,"template":"","format":"standard","meta":{"footnotes":""},"categories":[9653],"tags":[19086,1111,11,2430,1777,674,1011,27,25405,12,445,25,4001],"class_list":{"0":"post-278813","1":"post","2":"type-post","3":"status-publish","4":"format-standard","5":"has-post-thumbnail","7":"category-saint-etienne","8":"tag-alaune2","9":"tag-actu","10":"tag-actualites","11":"tag-auvergne-rhone-alpes","12":"tag-eu","13":"tag-europe","14":"tag-fr","15":"tag-france","16":"tag-ilan-kebbal","17":"tag-news","18":"tag-paris-fc","19":"tag-republique-francaise","20":"tag-saint-etienne"},"share_on_mastodon":{"url":"https:\/\/pubeurope.com\/@fr\/114929054757721673","error":""},"_links":{"self":[{"href":"https:\/\/www.europesays.com\/fr\/wp-json\/wp\/v2\/posts\/278813","targetHints":{"allow":["GET"]}}],"collection":[{"href":"https:\/\/www.europesays.com\/fr\/wp-json\/wp\/v2\/posts"}],"about":[{"href":"https:\/\/www.europesays.com\/fr\/wp-json\/wp\/v2\/types\/post"}],"author":[{"embeddable":true,"href":"https:\/\/www.europesays.com\/fr\/wp-json\/wp\/v2\/users\/2"}],"replies":[{"embeddable":true,"href":"https:\/\/www.europesays.com\/fr\/wp-json\/wp\/v2\/comments?post=278813"}],"version-history":[{"count":0,"href":"https:\/\/www.europesays.com\/fr\/wp-json\/wp\/v2\/posts\/278813\/revisions"}],"wp:featuredmedia":[{"embeddable":true,"href":"https:\/\/www.europesays.com\/fr\/wp-json\/wp\/v2\/media\/278814"}],"wp:attachment":[{"href":"https:\/\/www.europesays.com\/fr\/wp-json\/wp\/v2\/media?parent=278813"}],"wp:term":[{"taxonomy":"category","embeddable":true,"href":"https:\/\/www.europesays.com\/fr\/wp-json\/wp\/v2\/categories?post=278813"},{"taxonomy":"post_tag","embeddable":true,"href":"https:\/\/www.europesays.com\/fr\/wp-json\/wp\/v2\/tags?post=278813"}],"curies":[{"name":"wp","href":"https:\/\/api.w.org\/{rel}","templated":true}]}}