{"id":278815,"date":"2025-07-28T04:56:56","date_gmt":"2025-07-28T04:56:56","guid":{"rendered":"https:\/\/www.europesays.com\/fr\/278815\/"},"modified":"2025-07-28T04:56:56","modified_gmt":"2025-07-28T04:56:56","slug":"le-huit-de-milla-massemin-cinquieme-a-poznan","status":"publish","type":"post","link":"https:\/\/www.europesays.com\/fr\/278815\/","title":{"rendered":"le huit de Milla Massemin cinqui\u00e8me \u00e0 Poznan"},"content":{"rendered":"<p>   Championnats du monde U23 \u00c0 Poznan (POL) <\/p>\n<p>Vingt-quatre heures apr\u00e8s la d\u00e9ception du \u00ab double \u00bb (ralenti par des algues) et une derni\u00e8re place au go\u00fbt amer, Milla Massemin et Jeanne Roche disputaient dimanche \u00e0 Poznan leur deuxi\u00e8me\u2026 et derni\u00e8re finale de ses Mondiaux U23. Avec le huit tricolore\u2026 Distanc\u00e9 d\u2019entr\u00e9e par la concurrence, ce dernier n\u2019a pas fait de miracles. Cinqui\u00e8me, bien loin des championnes du monde britanniques.<\/p>\n<p>Rel\u00e9gu\u00e9 en finale B, son homologue masculin, lui, est reparti de Pologne avec une modeste dixi\u00e8me place.<\/p>\n<p class=\"note\"><strong>Les r\u00e9sultats.<\/strong> DAMES. Huit (finale A) : 1. Grande-Bretagne 6\u201913\u2019\u201960, 2. USA 6\u201916\u2019\u201928&#8230; 5. France (Bosquet, Vaucoret, Oudet, Roche, Massemin, Fouquet, Peron, Dournaux ; bar. : M.6J. Bodet) 6\u201922\u2019\u201965&#8230; MESSIEURS. Huit (finale B) : 1. Roumanie 5\u201945\u2019\u201910&#8230; 4. France (Mitchell, Descot-Vigouroux, Duret, Tubidis, Thomas, Fauch\u00e9, Martin, Jolard ; bar. : L. Mercier) 5\u201949\u2019\u201950&#8230;<\/p>\n","protected":false},"excerpt":{"rendered":"Championnats du monde U23 \u00c0 Poznan (POL) Vingt-quatre heures apr\u00e8s la d\u00e9ception du \u00ab double \u00bb (ralenti par&hellip;\n","protected":false},"author":2,"featured_media":278816,"comment_status":"","ping_status":"","sticky":false,"template":"","format":"standard","meta":{"footnotes":""},"categories":[9635],"tags":[1111,11,3810,1704,1777,674,1701,1011,27,775,11209,1702,1703,12,25,517,1700,15103,10172,10173],"class_list":{"0":"post-278815","1":"post","2":"type-post","3":"status-publish","4":"format-standard","5":"has-post-thumbnail","7":"category-nancy","8":"tag-actu","9":"tag-actualites","10":"tag-aviron","11":"tag-edition-nancy-et-agglomeration","12":"tag-eu","13":"tag-europe","14":"tag-fil-info-sport","15":"tag-fr","16":"tag-france","17":"tag-grand-est","18":"tag-meuse","19":"tag-nancy","20":"tag-nancy-ville-54b","21":"tag-news","22":"tag-republique-francaise","23":"tag-sport","24":"tag-sport-lorrain","25":"tag-sports-nautiques","26":"tag-verdun","27":"tag-verdun-ville-55a"},"share_on_mastodon":{"url":"https:\/\/pubeurope.com\/@fr\/114929090072342570","error":""},"_links":{"self":[{"href":"https:\/\/www.europesays.com\/fr\/wp-json\/wp\/v2\/posts\/278815","targetHints":{"allow":["GET"]}}],"collection":[{"href":"https:\/\/www.europesays.com\/fr\/wp-json\/wp\/v2\/posts"}],"about":[{"href":"https:\/\/www.europesays.com\/fr\/wp-json\/wp\/v2\/types\/post"}],"author":[{"embeddable":true,"href":"https:\/\/www.europesays.com\/fr\/wp-json\/wp\/v2\/users\/2"}],"replies":[{"embeddable":true,"href":"https:\/\/www.europesays.com\/fr\/wp-json\/wp\/v2\/comments?post=278815"}],"version-history":[{"count":0,"href":"https:\/\/www.europesays.com\/fr\/wp-json\/wp\/v2\/posts\/278815\/revisions"}],"wp:featuredmedia":[{"embeddable":true,"href":"https:\/\/www.europesays.com\/fr\/wp-json\/wp\/v2\/media\/278816"}],"wp:attachment":[{"href":"https:\/\/www.europesays.com\/fr\/wp-json\/wp\/v2\/media?parent=278815"}],"wp:term":[{"taxonomy":"category","embeddable":true,"href":"https:\/\/www.europesays.com\/fr\/wp-json\/wp\/v2\/categories?post=278815"},{"taxonomy":"post_tag","embeddable":true,"href":"https:\/\/www.europesays.com\/fr\/wp-json\/wp\/v2\/tags?post=278815"}],"curies":[{"name":"wp","href":"https:\/\/api.w.org\/{rel}","templated":true}]}}