{"id":278823,"date":"2025-07-28T05:04:10","date_gmt":"2025-07-28T05:04:10","guid":{"rendered":"https:\/\/www.europesays.com\/fr\/278823\/"},"modified":"2025-07-28T05:04:10","modified_gmt":"2025-07-28T05:04:10","slug":"isere-promettre-la-gratuite-de-nos-transports-en-commun-cest-mentir-aux-gens-selon-le-president-du-syndicat-des-mobilites-de-laire-grenobloise","status":"publish","type":"post","link":"https:\/\/www.europesays.com\/fr\/278823\/","title":{"rendered":"Is\u00e8re \u00ab\u00a0Promettre la gratuit\u00e9 de nos transports en commun, c\u2019est mentir aux gens !\u00a0\u00bb, selon le pr\u00e9sident du syndicat des mobilit\u00e9s de l&rsquo;aire grenobloise"},"content":{"rendered":"<p><a href=\"https:\/\/www.ledauphine.com\/p\/sylvain-laval\" target=\"_blank\" rel=\"nofollow noopener\">Sylvain Laval<\/a>, maire de Saint-Martin-le-Vinoux, est aussi, et ce depuis 2020, le pr\u00e9sident du Smmag (syndicat des mobilit\u00e9s de l\u2019aire grenobloise). Vous savez, ce grand r\u00e9seau de transports en commun qui part du Pays voironnais, qui passe par la M\u00e9tropole de Grenoble et qui file vers le Gr\u00e9sivaudan. \u00ab\u00a0C\u2019est le plus vaste r\u00e9seau int\u00e9gr\u00e9 du pays, hors \u00cele-de-France\u00a0\u00bb, dit l\u2019\u00e9lu, qui aime aussi \u00e0 r\u00e9p\u00e9ter que pour le prix d\u2019un ticket \u00e0 deux euros, on peut (avec des correspondances bien s\u00fbr)&#8230;<\/p>\n","protected":false},"excerpt":{"rendered":"Sylvain Laval, maire de Saint-Martin-le-Vinoux, est aussi, et ce depuis 2020, le pr\u00e9sident du Smmag (syndicat des mobilit\u00e9s&hellip;\n","protected":false},"author":2,"featured_media":278824,"comment_status":"","ping_status":"","sticky":false,"template":"","format":"standard","meta":{"footnotes":""},"categories":[9566],"tags":[1111,11,2430,112,113,114,4188,1777,674,3183,1011,27,2731,2732,108,6225,12,316,25,104,2803],"class_list":{"0":"post-278823","1":"post","2":"type-post","3":"status-publish","4":"format-standard","5":"has-post-thumbnail","7":"category-grenoble","8":"tag-actu","9":"tag-actualites","10":"tag-auvergne-rhone-alpes","11":"tag-edition-grenoble-agglomeration","12":"tag-edition-gresivaudan-oisans","13":"tag-edition-voiron-saint-marcellin","14":"tag-elections-municipales","15":"tag-eu","16":"tag-europe","17":"tag-finance-et-fiscalite","18":"tag-fr","19":"tag-france","20":"tag-grenoble","21":"tag-grenoble-bassin","22":"tag-isere","23":"tag-la-matinale","24":"tag-news","25":"tag-politique","26":"tag-republique-francaise","27":"tag-societe","28":"tag-transport"},"share_on_mastodon":{"url":"https:\/\/pubeurope.com\/@fr\/114929117848172920","error":""},"_links":{"self":[{"href":"https:\/\/www.europesays.com\/fr\/wp-json\/wp\/v2\/posts\/278823","targetHints":{"allow":["GET"]}}],"collection":[{"href":"https:\/\/www.europesays.com\/fr\/wp-json\/wp\/v2\/posts"}],"about":[{"href":"https:\/\/www.europesays.com\/fr\/wp-json\/wp\/v2\/types\/post"}],"author":[{"embeddable":true,"href":"https:\/\/www.europesays.com\/fr\/wp-json\/wp\/v2\/users\/2"}],"replies":[{"embeddable":true,"href":"https:\/\/www.europesays.com\/fr\/wp-json\/wp\/v2\/comments?post=278823"}],"version-history":[{"count":0,"href":"https:\/\/www.europesays.com\/fr\/wp-json\/wp\/v2\/posts\/278823\/revisions"}],"wp:featuredmedia":[{"embeddable":true,"href":"https:\/\/www.europesays.com\/fr\/wp-json\/wp\/v2\/media\/278824"}],"wp:attachment":[{"href":"https:\/\/www.europesays.com\/fr\/wp-json\/wp\/v2\/media?parent=278823"}],"wp:term":[{"taxonomy":"category","embeddable":true,"href":"https:\/\/www.europesays.com\/fr\/wp-json\/wp\/v2\/categories?post=278823"},{"taxonomy":"post_tag","embeddable":true,"href":"https:\/\/www.europesays.com\/fr\/wp-json\/wp\/v2\/tags?post=278823"}],"curies":[{"name":"wp","href":"https:\/\/api.w.org\/{rel}","templated":true}]}}