{"id":278825,"date":"2025-07-28T05:05:16","date_gmt":"2025-07-28T05:05:16","guid":{"rendered":"https:\/\/www.europesays.com\/fr\/278825\/"},"modified":"2025-07-28T05:05:16","modified_gmt":"2025-07-28T05:05:16","slug":"le-double-discours-verts-lfi-mortifere-pour-la-recherche-industrie-a-grenoble","status":"publish","type":"post","link":"https:\/\/www.europesays.com\/fr\/278825\/","title":{"rendered":"LE DOUBLE DISCOURS VERTS\/LFI MORTIF\u00c8RE POUR LA RECHERCHE\/INDUSTRIE \u00c0 GRENOBLE"},"content":{"rendered":"<p>Posted On 28 juillet 2025 <\/p>\n<p style=\"text-align: justify;\">Alors que STMicroelectronics, fleuron de notre \u00e9cosyst\u00e8me de recherche \/ industrie local, <a target=\"_blank\" href=\"https:\/\/c.ledauphine.com\/economie\/2025\/07\/15\/st-veut-reduire-la-consommation-des-ordinateurs-grace-a-un-capteur-developpe-en-isere\" rel=\"noopener\">vient de lancer un capteur r\u00e9volutionnaire d\u00e9velopp\u00e9 en Is\u00e8re pour r\u00e9duire de 20% la consommation des ordinateurs<\/a>, la duplicit\u00e9 des Verts\/LFI et de leurs alli\u00e9s atteint des sommets, mena\u00e7ant ce pilier de notre territoire.<\/p>\n<p><b>LE PCF D\u00c9NONCE LA PERTE DE SOUVERAINET\u00c9&#8230;<\/b><\/p>\n<p style=\"text-align: justify;\">On a ainsi atteint un comble de l&rsquo;hypocrisie <a target=\"_blank\" href=\"https:\/\/c.ledauphine.com\/economie\/2025\/04\/06\/le-pcf-alerte-sur-l-avenir-de-stmicroelectronics-et-la-souverainete-francaise\" rel=\"noopener\">au printemps lorsque le PCF a os\u00e9 une distribution de tracts devant STMicroelectronics<\/a>. La main sur le coeur, on retrouvait les cadres communistes dont le premier secr\u00e9taire is\u00e9rois J\u00e9r\u00e9mie Giono d\u00e9non\u00e7ant \u00ab\u00a0le d\u00e9mant\u00e8lement de l\u2019appareil industriel\u00a0\u00bb et une logique qui \u00ab\u00a0affaiblit la souverainet\u00e9 du pays en laissant les grands groupes transnationaux s\u2019approprier les ressources et savoir-faire\u00a0\u00bb.<\/p>\n<p><b>&#8230; ET LFI S&rsquo;\u00c9TONNE DES LICENCIEMENTS DANS L&rsquo;INDUSTRIE&#8230;<\/b><\/p>\n<p style=\"text-align: justify;\"><a target=\"_blank\" href=\"https:\/\/c.ledauphine.com\/economie\/2025\/04\/29\/isere-licenciements-dans-l-industrie-il-faut-une-rupture-nette-avec-ce-capitalisme-plaide-l-insoumis-eric-coquerel\" rel=\"noopener\">Dans la m\u00eame veine, les d\u00e9put\u00e9s LFI \u00c9ric Coquerel et l&rsquo;in\u00e9narrable \u00c9lisa Martin<\/a> ont organis\u00e9 il y a quelques semaines une r\u00e9union publique \u00e0 la Villeneuve pourfendant les plans de licenciement et la \u00ab\u00a0destruction de notre souverainet\u00e9 industrielle\u00a0\u00bb. PCF comme LFI d\u00e9signent bien s\u00fbr les patrons, le capitalisme et un \u00c9tat forc\u00e9ment responsable de tous les maux comme uniques responsables de la d\u00e9sindustrialisation&#8230;<\/p>\n<p><a href=\"https:\/\/i1.wp.com\/grenoble-le-changement.fr\/wp-content\/uploads\/2025\/07\/martin-coquerel-villeneuve.png?ssl=1\" rel=\"lightbox[83572] noopener\" target=\"_blank\"><img loading=\"lazy\" decoding=\"async\" class=\" wp-image-83583 jetpack-lazy-image\" src=\"https:\/\/i1.wp.com\/grenoble-le-changement.fr\/wp-content\/uploads\/2025\/07\/martin-coquerel-villeneuve.png?resize=475%2C666&amp;ssl=1\" alt=\"\" width=\"475\" height=\"666\" data-recalc-dims=\"1\" data-lazy-src=\"https:\/\/www.europesays.com\/fr\/wp-content\/uploads\/2025\/07\/martin-coquerel-villeneuve.png\" \/><\/a>Elisa Martin et Eric Coquerel : \u00e0 la Villeneuve, les LFI donnent des le\u00e7ons.<br \/>\n<b>\u00c0 LA M\u00c9TROPOLE, LE DISCOURS EST TOUT AUTRE<\/b><\/p>\n<p style=\"text-align: justify;\">Mais les m\u00eames, occup\u00e9s par leur opposition politicienne nationale, oublient curieusement leurs propres prises de position qui participent \u00e0 affaiblir la fili\u00e8re industrielle. <a href=\"https:\/\/grenoble-le-changement.fr\/2024\/08\/29\/universite-recherche-piolle-et-ses-elus-torpillent-le-developpement\/\" target=\"_blank\" rel=\"noopener\">En conseil m\u00e9tropolitain, les Rouges sont ainsi en pointe pour s&rsquo;opposer \u00e0 tout ce qui va dans le sens de cet \u00e9cosyst\u00e8me<\/a>. Au nom d&rsquo;un scepticisme dogmatique, ils multiplient les tergiversations et votent contre des clusters technologiques pourtant essentiels au maintien et au d\u00e9veloppement des entreprises qui en b\u00e9n\u00e9ficient ensuite.<\/p>\n<p><b>LES GROUPUSCULES ROUGE\/VERTS CONTRE TOUT CE QUI FAIT L&rsquo;AVENIR<\/b><\/p>\n<p style=\"text-align: justify;\">En m\u00eame temps, sur le terrain, les groupuscules proches des Verts\/LFI comme Alternatiba, Extinction Rebellion ou les \u00ab\u00a0Scientifiques en R\u00e9bellion\u00a0\u00bb <a href=\"https:\/\/grenoble-le-changement.fr\/2025\/04\/01\/quand-les-rouge-verts-sattaquent-a-ce-qui-tire-grenoble-vers-le-haut%ef%bf%bc\/\" target=\"_blank\" rel=\"noopener\">multiplient les actions contre ce qui tire Grenoble vers le haut<\/a>. Les m\u00e9thodes des opposants, qui vont du simple blocage \u00e0 la violence pure avec des incendies criminels et des menaces de mort pour les plus radicaux d&rsquo;entre eux, visent \u00e0 saper le dernier pilier qui prot\u00e8ge notre ville et sa m\u00e9tropole d&rsquo;une paup\u00e9risation g\u00e9n\u00e9ralis\u00e9e.\u00a0<\/p>\n<p><a href=\"https:\/\/i2.wp.com\/grenoble-le-changement.fr\/wp-content\/uploads\/2024\/02\/brignoud-65d1da329c8bb671694832.jpg?ssl=1\" rel=\"lightbox[83572] noopener\" target=\"_blank\"><img loading=\"lazy\" decoding=\"async\" class=\" wp-image-71803 jetpack-lazy-image\" src=\"https:\/\/i2.wp.com\/grenoble-le-changement.fr\/wp-content\/uploads\/2024\/02\/brignoud-65d1da329c8bb671694832.jpg?resize=671%2C378&amp;ssl=1\" alt=\"\" width=\"671\" height=\"378\" data-recalc-dims=\"1\" data-lazy-src=\"https:\/\/www.europesays.com\/fr\/wp-content\/uploads\/2025\/07\/brignoud-65d1da329c8bb671694832.jpg\" \/><\/a>L&rsquo;incendie criminel des lignes \u00e0 haute tension du pont de Brignoud pour perturber Soitec et ST Micro a fait des millions d&rsquo;euros de d\u00e9g\u00e2ts.<br \/>\n<b>DATA-CENTER : LA SOUVERAINET\u00c9 SACRIFI\u00c9E SUR L\u2019AUTEL DE L\u2019ID\u00c9OLOGIE<\/b><\/p>\n<p style=\"text-align: justify;\"><a target=\"_blank\" href=\"https:\/\/c.ledauphine.com\/economie\/2025\/06\/05\/isere-metropole-de-grenoble-data-center-a-eybens-ils-demandent-de-la-transparence-et-un-debat\" rel=\"noopener\">Juste avant l&rsquo;\u00e9t\u00e9, Alternatiba et consorts se sont \u00e0 nouveau illustr\u00e9s en se mobilisant contre un projet de data-center \u00e0 Eybens<\/a>. Ils pr\u00e9f\u00e8rent sans doute que nos donn\u00e9es soient g\u00e9r\u00e9es par des g\u00e9ants am\u00e9ricains ou asiatiques, dans des pays qui seront moins regardants sur les normes sociales et environnementales. Ce sont les m\u00eames qui, demain, viendront se plaindre de notre perte de souverainet\u00e9 num\u00e9rique, sans jamais comprendre que leur combat y participe.\u00a0<\/p>\n<p><b>PIERRE M\u00c9RIAUX, JONCTION ENTRE ACTIVISTES ET INSTITUTIONNELS<\/b><\/p>\n<p style=\"text-align: justify;\">Il existe une jonction entre ces activistes et le pouvoir \u00ab\u00a0officiel\u00a0\u00bb. <a href=\"https:\/\/grenoble-le-changement.fr\/2025\/03\/18\/la-ligne-lyon-turin-et-lecologie-a-geometrie-variable-des-verts%ef%bf%bc\/\" target=\"_blank\" rel=\"noopener\">Un personnage comme l&rsquo;adjoint au Maire Pierre M\u00e9riaux l&rsquo;incarne \u00e0 merveille<\/a>. Le z\u00e9l\u00e9 lieutenant d\u2019Eric Piolle, l&rsquo;un des plus sectaires, n\u2019h\u00e9site pas \u00e0 s\u2019afficher dans les manifestations anti-ST, comme il le revendique lui-m\u00eame. Il est le symbole de ce pont entre des \u00e9lus \u00ab\u00a0institutionnels\u00a0\u00bb et des militants dont certains s&rsquo;affranchissent des lois pour imposer par la force et la pression leurs id\u00e9es minoritaires.\u00a0<\/p>\n<p><a href=\"https:\/\/i2.wp.com\/grenoble-le-changement.fr\/wp-content\/uploads\/2025\/03\/meriaux-elus-ecolos-2014.jpeg?ssl=1\" rel=\"lightbox[83572] noopener\" target=\"_blank\"><img loading=\"lazy\" decoding=\"async\" class=\" wp-image-80715 jetpack-lazy-image\" src=\"https:\/\/i2.wp.com\/grenoble-le-changement.fr\/wp-content\/uploads\/2025\/03\/meriaux-elus-ecolos-2014.jpeg?resize=554%2C369&amp;ssl=1\" alt=\"\" width=\"554\" height=\"369\" data-recalc-dims=\"1\" data-lazy-src=\"https:\/\/www.europesays.com\/fr\/wp-content\/uploads\/2025\/07\/meriaux-elus-ecolos-2014.jpeg\" \/><\/a>Pierre M\u00e9riaux ici avec d&rsquo;autres \u00e9lus r\u00e9gionaux en visite au tunnel du Gothard (57km) en Suisse : un exemple vertueux que suit<a href=\"https:\/\/grenoble-le-changement.fr\/2025\/03\/18\/la-ligne-lyon-turin-et-lecologie-a-geometrie-variable-des-verts%ef%bf%bc\/\" target=\"_blank\" rel=\"noopener\"> le projet de ligne Lyon-Turin, auquel l&rsquo;\u00e9lu anti-tout s&rsquo;oppose aussi&#8230;<\/a><br \/>\n<b>PIOLLE, UN MAIRE BIEN PROCHE DES ANTI-ST<\/b><\/p>\n<p style=\"text-align: justify;\">Eric Piolle lui-m\u00eame entretient sa proximit\u00e9 avec ces mouvances. Dans des \u00e9changes publi\u00e9s par <a target=\"_blank\" href=\"https:\/\/stopmicro38.noblogs.org\/post\/2025\/04\/06\/eric-piolle-nous-ecrit\/\" rel=\"noopener\">le blog StopMicro<\/a>, on lui d\u00e9couvre un ton tr\u00e8s familier (\u00ab Salut Julien \u00bb, \u00ab C\u2019est cool d\u2019avoir fait le d\u00e9placement, tous les ponts sont bons \u00e0 prendre \u00bb..) avec l&rsquo;un des participants de la lutte anti-ST, issu des collectifs anti-bassines, qui l&rsquo;interpelle par \u00e9crit. Des \u00e9changes de bons camarades de lutte assez \u00e9loign\u00e9s de la teneur des propos qu&rsquo;on est en droit d&rsquo;attendre d&rsquo;un Maire.<\/p>\n<p><b>PIOLLE\/M\u00c9RIAUX ET L&rsquo;EXERCICE DU GRAND \u00c9CART<\/b><\/p>\n<p style=\"text-align: justify;\">Le fond des \u00e9changes est tout aussi r\u00e9v\u00e9lateur puisqu&rsquo;on y d\u00e9couvre qu&rsquo;Eric Piolle tente, comme \u00e0 son habitude, de m\u00e9nager la ch\u00e8vre et le chou. Il explique ne pas \u00eatre oppos\u00e9 \u00e0 l&rsquo;extension du site de ST, au grand d\u00e9sarroi du militant qui l&rsquo;enjoint en conclusion de leurs \u00e9changes \u00e0 \u00ab\u00a0imaginer l&rsquo;apr\u00e8s puce\u00a0\u00bb&#8230; C&rsquo;est le grand \u00e9cart : l&rsquo;adjoint au Maire Pierre M\u00e9riaux participe aux manifs anti extension, tandis que le Maire explique ne pas \u00eatre contre.\u00a0<\/p>\n<p><b>LE DOUBLE-JEU NE TROMPE PERSONNE<\/b><\/p>\n<p style=\"text-align: justify;\">Un double-jeu, tentative de m\u00e9nager tout le monde&#8230; sans contenter personne. Car malgr\u00e9 la contorsion, chacun idenfiei bien le visage anti technologie de la majorit\u00e9 Verts\/LFI grenobloise. On se rappelle de la sortie lunaire du Maire pour donner des gages \u00e0 cette frange,\u00a0<a href=\"https:\/\/grenoble-le-changement.fr\/2021\/12\/22\/malgre-sa-mauvaise-reputation-grenoble-capitale-des-tech-du-futur\/\" target=\"_blank\" rel=\"noopener\">sur la 5G<\/a> qui ne servirait qu\u2019\u00e0 \u00ab regarder du porno dans les ascenseurs \u00bb. Un m\u00e9pris pour l\u2019innovation qui lui avait valu de se faire rattraper par les experts en la mati\u00e8re, lui rappelant toutes les applications m\u00e9dicales que permet cette tech.<\/p>\n<p><a href=\"https:\/\/i1.wp.com\/grenoble-le-changement.fr\/wp-content\/uploads\/2023\/08\/La-bataille-gagne\u0301e-face-a\u0300-lItalie-pour-limplantation-de-STMicro-a\u0300-Crolles-8-.jpg?ssl=1\" rel=\"lightbox[83572] noopener\" target=\"_blank\"><img loading=\"lazy\" decoding=\"async\" class=\" wp-image-66255 jetpack-lazy-image\" src=\"https:\/\/i1.wp.com\/grenoble-le-changement.fr\/wp-content\/uploads\/2023\/08\/La-bataille-gagne\u0301e-face-a\u0300-lItalie-pour-limplantation-de-STMicro-a\u0300-Crolles-8-.jpg?resize=587%2C393&amp;ssl=1\" alt=\"\" width=\"587\" height=\"393\" data-recalc-dims=\"1\" data-lazy-src=\"https:\/\/i1.wp.com\/grenoble-le-changement.fr\/wp-content\/uploads\/2023\/08\/La-bataille-gagne\u0301e-face-a\u0300-lItalie-pour-limplantation-de-STMicro-a\u0300-Crolles-8-.jpg?resize=587%2C393&amp;is-pending-load=1#038;ssl=1\" \/><\/a>Alain Carignon inaugurant ST.<br \/>\n<b>MARS 2026 : SABOTER CE QUI FONCTIONNE OU LE SOUTENIR ?<\/b><\/p>\n<p style=\"text-align: justify;\">L&rsquo;\u00e9cosyst\u00e8me recherche\/industrie est aujourd&rsquo;hui l&rsquo;un des derniers fleurons qui sauve Grenoble. Il cr\u00e9e des emplois et invente les solutions aux d\u00e9fis de demain, y compris environnementaux. En mars prochain, les Grenoblois auront \u00e0 choisir entre deux chemins : reconduire une \u00e9quipe Verts\/LFI qui n\u2019a eu de cesse de lui mettre des b\u00e2tons dans les roues et participe \u00e0 son affaiblissement, ou choisir l\u2019\u00e9quipe d\u2019Alain Carignon, consciente de son importance strat\u00e9gique, qui entend le pr\u00e9server et <a href=\"https:\/\/grenoble-le-changement.fr\/2025\/06\/06\/alain-carignon-candidat-aux-municipales-a-grenoble\/\" target=\"_blank\" rel=\"noopener\">s&rsquo;appuyer sur ce qui fonctionne pour donner un nouvel \u00e9lan \u00e0 Grenoble.<\/a><\/p>\n","protected":false},"excerpt":{"rendered":"Posted On 28 juillet 2025 Alors que STMicroelectronics, fleuron de notre \u00e9cosyst\u00e8me de recherche \/ industrie local, vient&hellip;\n","protected":false},"author":2,"featured_media":278826,"comment_status":"","ping_status":"","sticky":false,"template":"","format":"standard","meta":{"footnotes":""},"categories":[9566],"tags":[1111,11,9601,2430,10131,1025,9607,1777,674,1011,27,2731,41837,12,16650,25],"class_list":{"0":"post-278825","1":"post","2":"type-post","3":"status-publish","4":"format-standard","5":"has-post-thumbnail","7":"category-grenoble","8":"tag-actu","9":"tag-actualites","10":"tag-alain-carignon","11":"tag-auvergne-rhone-alpes","12":"tag-elisa-martin","13":"tag-eric-coquerel","14":"tag-eric-piolle","15":"tag-eu","16":"tag-europe","17":"tag-fr","18":"tag-france","19":"tag-grenoble","20":"tag-jeremie-giono","21":"tag-news","22":"tag-pierre-meriaux","23":"tag-republique-francaise"},"share_on_mastodon":{"url":"https:\/\/pubeurope.com\/@fr\/114929121744500048","error":""},"_links":{"self":[{"href":"https:\/\/www.europesays.com\/fr\/wp-json\/wp\/v2\/posts\/278825","targetHints":{"allow":["GET"]}}],"collection":[{"href":"https:\/\/www.europesays.com\/fr\/wp-json\/wp\/v2\/posts"}],"about":[{"href":"https:\/\/www.europesays.com\/fr\/wp-json\/wp\/v2\/types\/post"}],"author":[{"embeddable":true,"href":"https:\/\/www.europesays.com\/fr\/wp-json\/wp\/v2\/users\/2"}],"replies":[{"embeddable":true,"href":"https:\/\/www.europesays.com\/fr\/wp-json\/wp\/v2\/comments?post=278825"}],"version-history":[{"count":0,"href":"https:\/\/www.europesays.com\/fr\/wp-json\/wp\/v2\/posts\/278825\/revisions"}],"wp:featuredmedia":[{"embeddable":true,"href":"https:\/\/www.europesays.com\/fr\/wp-json\/wp\/v2\/media\/278826"}],"wp:attachment":[{"href":"https:\/\/www.europesays.com\/fr\/wp-json\/wp\/v2\/media?parent=278825"}],"wp:term":[{"taxonomy":"category","embeddable":true,"href":"https:\/\/www.europesays.com\/fr\/wp-json\/wp\/v2\/categories?post=278825"},{"taxonomy":"post_tag","embeddable":true,"href":"https:\/\/www.europesays.com\/fr\/wp-json\/wp\/v2\/tags?post=278825"}],"curies":[{"name":"wp","href":"https:\/\/api.w.org\/{rel}","templated":true}]}}