{"id":278827,"date":"2025-07-28T05:06:11","date_gmt":"2025-07-28T05:06:11","guid":{"rendered":"https:\/\/www.europesays.com\/fr\/278827\/"},"modified":"2025-07-28T05:06:11","modified_gmt":"2025-07-28T05:06:11","slug":"un-cercle-vicieux-a-rennes-pourquoi-la-sante-mentale-des-sdf-se-degrade","status":"publish","type":"post","link":"https:\/\/www.europesays.com\/fr\/278827\/","title":{"rendered":"\u00ab Un cercle vicieux \u00bb : \u00e0 Rennes, pourquoi la sant\u00e9 mentale des SDF se d\u00e9grade"},"content":{"rendered":"<p>Le tee-shirt, tach\u00e9 de sang, est trou\u00e9 comme du gruy\u00e8re. Les bras, malingres, sont parsem\u00e9s de tatouages essor\u00e9s qui ne repr\u00e9sentent plus grand-chose. Dans le m\u00e9tro, l\u2019homme nous interpelle, sans terminer sa phrase. Il l\u00e8ve un regard implorant, avant de reprendre, t\u00eate baiss\u00e9e, son dialogue sans queue ni t\u00eate avec un personnage imaginaire. Souvent aper\u00e7u en train de zoner dans le secteur de la gare, il incarne les ravages d\u2019une vie d\u2019errance sur la sant\u00e9 mentale.<\/p>\n<p><a class=\"tlg-kiosque tlg-kiosque-rennes gtm-kiosque-rennes\" href=\"https:\/\/www.lemensuel.com\/rennes\" target=\"_blank\" rel=\"nofollow noopener\"><img decoding=\"async\" src=\"https:\/\/www.europesays.com\/fr\/wp-content\/uploads\/2025\/07\/MDR_une_complete.png\" alt=\"Couverture Mensuel Rennes\"\/><\/p>\n<p>Le Mensuel de Rennes<\/p>\n<p>Magazine curieux et (im)pertinent !<\/p>\n<p>D\u00e9couvrez<\/a><\/p>\n<p>\u00c0 Rennes, il n\u2019existe pas de donn\u00e9es pr\u00e9cises sur la fr\u00e9quence des troubles psychiatriques chez les personnes \u00e0 la rue. Selon l\u2019Inserm, qui a compil\u00e9 quatre \u00e9tudes sorties entre 1996 et 2009, la pr\u00e9valence des \u00ab troubles psychotiques \u00bb dans la population de SDF oscille autour de 14 % contre moins de 1 % dans la population g\u00e9n\u00e9rale. Les chiffres montent \u00e0 18,5 % pour les \u00ab troubles d\u00e9pressifs majeurs \u00bb et \u00e0 22 % pour les \u00ab troubles de la personnalit\u00e9 \u00bb. Chez les badauds, rares sont ceux qui ne remarquent pas une d\u00e9t\u00e9rioration de la sant\u00e9 mentale des sans-abris. \u00ab Il ne faut cependant pas tomber dans le leurre qui consiste \u00e0 dire qu\u2019il y avait un temps b\u00e9ni pour les SDF, pr\u00e9vient Yannick Nadesan, adjoint en charge de la sant\u00e9 \u00e0 la Ville. Vivre dans la rue ab\u00eeme les corps, mais aussi les esprits. \u00bb<\/p>\n<p>Augmentation du nombre de SDF<\/p>\n<p>Cette impression de d\u00e9gradation rel\u00e8ve notamment de l\u2019augmentation du nombre de vagabonds. En moins de cinq ans, les chiffres ont bondi. La Fondation pour le logement des d\u00e9favoris\u00e9s (ex-Fondation abb\u00e9-Pierre) comptabilise, en 2025, 350 000 personnes sans domicile en France. \u00c0 Rennes, les derni\u00e8res estimations, de 2023, \u00e9voquent le chiffre de 2 000 personnes \u00e0 la rue. Soit quasiment un SDF pour 100 habitants. Et la tendance est \u00e0 la hausse.<\/p>\n<p>\u00ab Il y a quelques mois, on accueillait une moyenne de 150 personnes, mais, depuis le second semestre 2024, on passe r\u00e9guli\u00e8rement la barre des 200 \u00bb, constate Ga\u00eblle Exelmans, responsable du restaurant social Le Fourneau. La situation risque encore de se d\u00e9grader cet \u00e9t\u00e9, craint David Travers, maire adjoint charg\u00e9 de la solidarit\u00e9 et responsable de l\u2019unit\u00e9 de psychiatrie Samu au CHU de Rennes. \u00ab Traditionnellement, la p\u00e9riode estivale co\u00efncide avec des mouvements plus importants de population, et plus de SDF qui viennent \u00e0 Rennes. \u00bb L\u2019\u00e9t\u00e9 est aussi la saison de l\u2019isolement pour les SDF. Moins de possibilit\u00e9s de manche, moins de structures d\u2019accueil ouvertes, moins de b\u00e9n\u00e9voles\u2026 De quoi aggraver une situation sanitaire d\u00e9j\u00e0 critique sur le plan de la sant\u00e9 mentale selon les professionnels de sant\u00e9 et les travailleurs sociaux.<\/p>\n<p>Crise de la psychiatrie<\/p>\n<p>Comment en est-on arriv\u00e9 l\u00e0 ? Il y a d\u2019abord les facteurs individuels. \u00ab On tombe \u00e0 la rue avec des fragilit\u00e9s. La rue augmente les sympt\u00f4mes, analyse Stanislas Flavigny, \u00e9ducateur sp\u00e9cialis\u00e9 au CCAS de Rennes. Pas de travail, pas de logements, une sant\u00e9 physique d\u00e9faillante. La personne tombe dans un cercle vicieux. \u00bb Tous les sp\u00e9cialistes pointent \u00e9galement les impacts \u00ab catastrophiques \u00bb de la crise sanitaire. Absence de passants -et donc de sources de revenus-, structures m\u00e9dico-sociales au ralenti, r\u00e8gles strictes de distanciation dans les lieux d\u2019accueil, stress li\u00e9 au virus\u2026 Les personnes sans abri ont \u00e9t\u00e9 les premi\u00e8res \u00e0 souffrir de la pand\u00e9mie.<\/p>\n<p>Quatre ans plus tard, elles en payent encore le prix. La d\u00e9compensation peut se faire longtemps apr\u00e8s l\u2019\u00e9l\u00e9ment d\u00e9clencheur, expliquait Pascal B\u00e9nard, directeur du Centre hospitalier Guillaume-R\u00e9gnier (CHGR), dans Le Mensuel, en septembre 2024. Depuis la pand\u00e9mie, la demande d\u2019\u00e9coute se fait davantage sentir. \u00ab Le covid a mis en lumi\u00e8re l\u2019importance du lien social, explique Mathilde Guillemin, responsable inclusion ouest \u00e0 l\u2019association Entourage. De plus en plus de personnes, dans la rue, ont eu besoin qu\u2019on leur tende la main. \u00bb<\/p>\n<p>Une fois toutes les deux semaines, l\u2019association organise des maraudes. Pas pour donner \u00e0 manger, juste pour recueillir la parole de ces laiss\u00e9s-pour-compte. \u00ab On peut parler 30, 40 minutes, voire 1 heure avec la personne. \u00bb Ces \u00e9changes pallient, bon an mal an, les ruptures dans le suivi psychiatrique de certains patients sans domicile.<\/p>\n<p>C\u2018est que la psychiatrie, \u00e0 Rennes comme dans toute la France, est en crise. Depuis 2017, 150 lits ont \u00e9t\u00e9 supprim\u00e9s au CHGR dans un contexte o\u00f9 les postes de psychiatres manquent. \u00ab Le nombre de lits a \u00e9volu\u00e9 au sein de l\u2019\u00e9tablissement pour autant, la qualit\u00e9 et la continuit\u00e9 de la prise en charge (\u2026) n\u2019ont pas \u00e9t\u00e9 alt\u00e9r\u00e9es \u00bb, se d\u00e9fend Pascal B\u00e9nard apr\u00e8s la pand\u00e9mie. Pourtant, les sans-abris sont confront\u00e9s \u00e0 deux \u00e9cueils. Les soins ambulatoires -privil\u00e9gi\u00e9s pour pallier le manque de lits- sont plus compliqu\u00e9s \u00e0 mettre en place pour un public sans domicile. Idem pour la sectorisation -les patients sont normalement r\u00e9partis en fonction de leur adresse-, propre \u00e0 la psychiatrie. \u00ab (Les SDF) sont pris en charge selon leur lieu de vie habituel, qu\u2019il s\u2019agisse d\u2019un squat ou d\u2019un h\u00e9bergement \u00bb, pr\u00e9cise le directeur du CHGR. En cas d\u2019hospitalisation, ils sont orient\u00e9s selon le principe de la \u00ab file indienne \u00bb dans les diff\u00e9rents secteurs de la psychiatrie adulte du d\u00e9partement.<\/p>\n<p>Impact du narcotrafic local<\/p>\n<p>Parall\u00e8lement, une \u00e9quipe mobile psychiatrie et pr\u00e9carit\u00e9 (EMPP) intervient sur demande des professionnels. En 2016, elle avait accompagn\u00e9 un peu plus de 400 personnes. Pour une population de SDF deux fois inf\u00e9rieure \u00e0 aujourd\u2019hui. Plusieurs autres m\u00e9canismes visent \u00e0 mieux les suivre dans leur parcours de sant\u00e9. Par exemple \u00ab Un chez soi d\u2019abord \u00bb, pilot\u00e9 par le CHGR, permet aux SDF de trouver un logement. 34 personnes -sur 2 000 SDF- en ont b\u00e9n\u00e9fici\u00e9 en 2023. Malgr\u00e9 tous ces dispositifs existent d\u2019\u00e9normes trous dans la raquette, pointent la plupart de nos sources. Pour de simples consultations en CMP, la dur\u00e9e moyenne pour un rendez-vous avec un psychiatre est de\u2026 huit mois \u00e0 Rennes. Un d\u00e9lai bien trop long, impossible \u00e0 tenir pour une population tr\u00e8s mobile. Et qui peut conduire le patient \u00e0 glisser encore davantage.<\/p>\n<p>D\u2019autant plus que l\u2019essor du narcotrafic ces derni\u00e8res ann\u00e9es \u00e0 Rennes a d\u00e9bouch\u00e9 sur une offre plus importante de drogues. Et sur une explosion de la demande, notamment dans les milieux marginaux. \u00ab On voit de plus en plus de SDF dans des \u00e9tats de sant\u00e9 mentale tr\u00e8s pr\u00e9caires depuis quelque temps, admet David Travers. Le trafic de drogues n\u2019est pas celui d\u2019il y a vingt ans. D\u00e9sormais, il y a une strat\u00e9gie de commercialisation massive. \u00bb<\/p>\n<p>Arriv\u00e9e du crack<\/p>\n<p>Produits de synth\u00e8se, h\u00e9ro\u00efne, mais surtout coca\u00efne\u2026 \u00ab Avec l\u2018augmentation des consommateurs de coca\u00efne, on voit une hausse des comportements d\u2019hypervigilance, de la parano. Des sensations d\u2019avoir des insectes sous la peau par exemple, l\u2019aggravation des probl\u00e8mes psy ou l\u2019apparition de probl\u00e8mes psy en lien avec un usage de coke trop intensif \u00bb, t\u00e9moigne, dans le chapitre du rapport Trend 2023 consacr\u00e9 aux addictions dans les \u00ab espaces de la marginalit\u00e9 urbaine \u00bb, un intervenant.<\/p>\n<p>L\u2019essor de la \u00ab C \u00bb a amen\u00e9, dans son sillage, une explosion de la consommation de crack ou \u00ab coke bas\u00e9e \u00bb dans les milieux marginaux. Contrairement \u00e0 la coca\u00efne, elle ne se sniffe pas, mais se fume \u00e0 l\u2019aide d\u2019une pipe. Elle est plus \u00e9conomique en raison des adjuvants bon march\u00e9 comme l\u2019ammoniac ou le bicarbonate ajout\u00e9s \u00e0 la \u00ab f\u00e9e blanche \u00bb. David Travers note, \u00ab depuis 4-5 ans \u00bb, une augmentation grandissante de demande de mat\u00e9riel lors des d\u00e9ambulations du dispositif Noz\u2019ambule, visant \u00e0 r\u00e9duire les risques li\u00e9s aux addictions.<\/p>\n<p>Fantasme de la violence<\/p>\n<p>M\u00eame si l\u2019on n\u2019en est pas encore \u00e0 des regroupements tels que la \u00ab colline au crack \u00bb \u00e0 Paris, le ph\u00e9nom\u00e8ne inqui\u00e8te. Notamment pour les cons\u00e9quences qu\u2019il est susceptible d\u2019engendrer. \u00ab Chez le public pr\u00e9caire, il y a une mont\u00e9e de la violence avec de plus en plus de vols entre eux. \u00c7a change au niveau de l\u2018ambiance, (\u2026), avec des patients r\u00e9guli\u00e8rement agress\u00e9s, c\u2019\u00e9tait moins le cas les ann\u00e9es pr\u00e9c\u00e9dentes \u00bb, affirme un infirmier en addictologie cit\u00e9 dans le rapport Trend. Cette mont\u00e9e de la violence, les travailleurs sociaux la ressentent aussi. Ga\u00eblle Exelmans remarque \u00ab des \u00e9tats un peu plus explosifs qu\u2019avant \u00bb.<\/p>\n<p>Les faits divers impliquant des marginaux victimes de troubles psy demeurent rares. \u00ab Les faits graves sont moins pr\u00e9sents que dans la population g\u00e9n\u00e9rale \u00bb, confirme David Travers. Fin mars, un marginal de 40 ans a cependant \u00e9t\u00e9 arr\u00eat\u00e9 apr\u00e8s le viol et le meurtre de Monique, une septuag\u00e9naire habitant avenue Sergent Maginot (Le Mensuel de mai). En novembre 2023, un autre homme de 32 ans avait aussi agress\u00e9 de trois coups de couteau un artisan dans le quartier sud-gare, sans aucune raison. Interpell\u00e9, il avait \u00e9t\u00e9 imm\u00e9diatement hospitalis\u00e9 en milieu sp\u00e9cialis\u00e9. Des faits divers tragiques, mais isol\u00e9s.<\/p>\n<p>Surtout des victimes<\/p>\n<p>Les exc\u00e8s de violence s\u2019exercent principalement entre marginaux. Une r\u00e9alit\u00e9 \u00e9loign\u00e9e de la perception que peut avoir l\u2019opinion. \u00ab L\u2019image du marginal est empreinte d\u2019un imaginaire entre compassion et inqui\u00e9tude, analyse Stanislas Slavigny. Le trouble psychique g\u00e9n\u00e8re ce m\u00eame imaginaire. \u00bb La conjonction des deux entra\u00eene une appr\u00e9hension encore plus grande dans la repr\u00e9sentation collective, malgr\u00e9 des chiffres attestant que les SDF sont avant tout des victimes.<\/p>\n<p>En 2012, une enqu\u00eate de l\u2019Insee indiquait que 25 % des sans-abris francophones avaient subi des violences au cours des deux ann\u00e9es \u00e9coul\u00e9es. A contrario, en 2023, 1 382 faits de coups et blessures volontaires ont \u00e9t\u00e9 enregistr\u00e9s \u00e0 Rennes. Soit moins d\u2019un habitant sur 100 touch\u00e9 par les violences. Contre 1 SDF sur 4 en France.<\/p>\n","protected":false},"excerpt":{"rendered":"Le tee-shirt, tach\u00e9 de sang, est trou\u00e9 comme du gruy\u00e8re. Les bras, malingres, sont parsem\u00e9s de tatouages essor\u00e9s&hellip;\n","protected":false},"author":2,"featured_media":278828,"comment_status":"","ping_status":"","sticky":false,"template":"","format":"standard","meta":{"footnotes":""},"categories":[2821],"tags":[1111,11,829,1777,674,1011,27,848,12,584,25],"class_list":{"0":"post-278827","1":"post","2":"type-post","3":"status-publish","4":"format-standard","5":"has-post-thumbnail","7":"category-rennes","8":"tag-actu","9":"tag-actualites","10":"tag-bretagne","11":"tag-eu","12":"tag-europe","13":"tag-fr","14":"tag-france","15":"tag-ille-et-vilaine","16":"tag-news","17":"tag-rennes","18":"tag-republique-francaise"},"share_on_mastodon":{"url":"https:\/\/pubeurope.com\/@fr\/114929125628684122","error":""},"_links":{"self":[{"href":"https:\/\/www.europesays.com\/fr\/wp-json\/wp\/v2\/posts\/278827","targetHints":{"allow":["GET"]}}],"collection":[{"href":"https:\/\/www.europesays.com\/fr\/wp-json\/wp\/v2\/posts"}],"about":[{"href":"https:\/\/www.europesays.com\/fr\/wp-json\/wp\/v2\/types\/post"}],"author":[{"embeddable":true,"href":"https:\/\/www.europesays.com\/fr\/wp-json\/wp\/v2\/users\/2"}],"replies":[{"embeddable":true,"href":"https:\/\/www.europesays.com\/fr\/wp-json\/wp\/v2\/comments?post=278827"}],"version-history":[{"count":0,"href":"https:\/\/www.europesays.com\/fr\/wp-json\/wp\/v2\/posts\/278827\/revisions"}],"wp:featuredmedia":[{"embeddable":true,"href":"https:\/\/www.europesays.com\/fr\/wp-json\/wp\/v2\/media\/278828"}],"wp:attachment":[{"href":"https:\/\/www.europesays.com\/fr\/wp-json\/wp\/v2\/media?parent=278827"}],"wp:term":[{"taxonomy":"category","embeddable":true,"href":"https:\/\/www.europesays.com\/fr\/wp-json\/wp\/v2\/categories?post=278827"},{"taxonomy":"post_tag","embeddable":true,"href":"https:\/\/www.europesays.com\/fr\/wp-json\/wp\/v2\/tags?post=278827"}],"curies":[{"name":"wp","href":"https:\/\/api.w.org\/{rel}","templated":true}]}}