{"id":278831,"date":"2025-07-28T05:08:12","date_gmt":"2025-07-28T05:08:12","guid":{"rendered":"https:\/\/www.europesays.com\/fr\/278831\/"},"modified":"2025-07-28T05:08:12","modified_gmt":"2025-07-28T05:08:12","slug":"courrier-des-lecteurs-cyclistes-vs-promeneurs-en-foret-place-minerale-du-chateau-cest-vous-qui-le-dites","status":"publish","type":"post","link":"https:\/\/www.europesays.com\/fr\/278831\/","title":{"rendered":"Courrier des lecteurs. Cyclistes vs promeneurs en for\u00eat, place min\u00e9rale du Ch\u00e2teau&#8230; c&rsquo;est vous qui le dites"},"content":{"rendered":"<p><strong>Partage des chemins en for\u00eat du Neuhof<\/strong><\/p>\n<p><strong>Michel Muller, Strasbourg\u00a0:<\/strong><\/p>\n<p>\u00ab\u00a0Encore une bonne id\u00e9e\u00a0? Entre Neuhof et Illkirch, il y a un chemin en for\u00eat recommand\u00e9. Les autres, on les a supprim\u00e9s. Chemin qu\u2019il faut partager\u00a0: promeneurs, coureurs, cyclistes, cavaliers, chiens, poussettes\u2026 D\u00e9j\u00e0 y circuler n\u2019est pas facile\u00a0: les gens qui ont leur chien en laisse (obligatoire), il n\u2019y en a pas beaucoup. Quand vous arrivez \u00e0 v\u00e9lo et que devant vous, vous voyez (si vous les voyez) 2-3 chiens qui vont \u00e0 gauche, \u00e0 droite, certains en laisse (de 10\u00a0m\u00e8tres), vous n\u2019\u00eates pas rassur\u00e9. Si vous faites une remarque, vous \u00eates \u201cm\u00e9chant\u201d, \u201cvous n\u2019aimez pas les animaux\u201d (et encore, ce sont les remarques les plus gentilles). On vous dit aussi\u00a0: \u201cMais c\u2019est un chien\u201d. Je n\u2019en veux pas au chien, mais \u00e0 son ma\u00eetre ou sa ma\u00eetresse.<\/p>\n<p>Bref\u00a0! Cet apr\u00e8s-midi, il faisait chaud. Ma femme et moi venions du pont Pflimlin \u00e0 v\u00e9lo et on s\u2019est dit\u00a0: \u201cOn va rentrer au Neuhof en passant par la for\u00eat\u2026 il y fait frais\u201d. \u00c0 peine une dizaine de m\u00e8tres en for\u00eat, nous tombons sur des tron\u00e7ons de chemin combl\u00e9s avec du sable blanc. Avec une couche de 5 \u00e0 10\u00a0cm d\u2019\u00e9paisseur, et ce sur \u00e0 peu pr\u00e8s 1\u00a0km. En voil\u00e0 une id\u00e9e qu\u2019elle est bonne\u00a0! Si vous \u00eates vieux (c\u2019est mon cas) et si vous \u00eates \u00e0 v\u00e9lo\u2026 c\u2019est la chute assur\u00e9e.<\/p>\n<p>Combler des trous avec du concass\u00e9, je comprends, mais avec du sable blanc\u00a0? Il vient d\u2019o\u00f9, ce sable blanc\u00a0? Est-ce que c\u2019est pr\u00e9vu pour qu\u2019en cas d\u2019inondation, on ait l\u2019eau et la plage \u00e0 la fois\u00a0?<\/p>\n<p>Le long du canal du Rhin, \u00e0 c\u00f4t\u00e9 de l\u2019usine d\u2019incin\u00e9ration (pardon, \u201cde valorisation \u00e9nerg\u00e9tique des ordures m\u00e9nag\u00e8re\u201d), il y a des montagnes de gravats, de b\u00e9ton broy\u00e9 et autres, mais pour combler des trous en for\u00eat, on utilise du sable blanc. Encore une bonne id\u00e9e, avec des panneaux \u201czone de tranquillit\u00e9\u201d \u00e0 10\u00a0m\u00e8tres d\u2019une autoroute \u00e0 camions o\u00f9 des panneaux o\u00f9 il faut prendre des photos pour montrer la v\u00e9g\u00e9tation pour prendre le dessus sur des routes d\u00e9goudronn\u00e9es. Le moins qu\u2019on puisse dire, c\u2019est que ce n\u2019est pas une r\u00e9ussite\u2026 [\u2026]\u00a0\u00bb<\/p>\n<p><strong>Rond-point Vigie et autres\u2026<\/strong><\/p>\n<p><strong>Patrick Munch, Lingolsheim\u00a0:<\/strong><\/p>\n<p>\u00ab\u00a0Votre <a href=\"https:\/\/www.dna.fr\/economie\/2025\/06\/20\/a-la-vigie-la-circulation-sera-compliquee-jusqu-a-la-rentree-des-classes\" target=\"_blank\" rel=\"noopener\">reportage sur le rond-point de la Vigie<\/a> \u00e9tait parfait.<\/p>\n<p>Dommage que vous n\u2019ayez pas relat\u00e9 la sortie de Lingolsheim quand vous y habitez, genre rue des Pr\u00e8s dans la derni\u00e8re partie en sens unique\u2026 Des travaux tr\u00e8s importants sont en cours depuis un certain temps rue d\u2019Ostwald et qui, de fait, ne permettent pas la sortie par cette rue\u2026 Pas tr\u00e8s grave\u2026<\/p>\n<p>Je prends la route d\u2019Entzheim par la rue des Juifs, ensuite la M400 en passant devant un garage de voitures d\u2019occasions, j\u2019arrive au premier rond-point que je contourne\u00a0; \u00e0 la prochaine sortie, et je prends la bretelle direction Strasbourg\u2026 Un ouf de soulagement, sauf que l\u2019acc\u00e8s \u00e0 l\u2019autoroute par cette bretelle [\u00e9tait] ferm\u00e9 du 7 au 11\u00a0juillet\u2026<\/p>\n<p>Il n\u2019y [avait] plus que deux solutions\u00a0: la route de Schirmeck, je vous souhaite bien du courage, ou le rond-point en travaux de la Vigie surcharg\u00e9 de v\u00e9hicules\u2026<\/p>\n<p>Je fais un sacr\u00e9 d\u00e9tour en termes de kilom\u00e8tres et de temps pass\u00e9 en voiture\u2026 O\u00f9 est l\u2019\u00e9cologie\u00a0? Je me demande s\u2019il y a de la concertation entre les diff\u00e9rents services de l\u2019Eurom\u00e9tropole ou si chaque responsable fait comme bon lui semble\u2026<\/p>\n<p>\u00c0 bien r\u00e9fl\u00e9chir, je pense qu\u2019ils souhaitent \u00e9c\u0153urer les automobilistes \u00e0 prendre leur voiture m\u00eame si elle est \u00e9lectrique\u2026\u00a0\u00bb<\/p>\n<p><strong>La \u00ab\u00a0for\u00eat\u00a0\u00bb place du Ch\u00e2teau<\/strong><\/p>\n<p><strong>Marie-Jo\u00eblle Frantz, Strasbourg\u00a0:<\/strong><\/p>\n<p>\u00ab\u00a0Est-ce que la disposition de <a href=\"https:\/\/www.dna.fr\/culture-loisirs\/2025\/05\/28\/cet-ete-une-petite-foret-va-pousser-sur-la-place-du-chateau\" target=\"_blank\" rel=\"noopener\">quelques faux arbres aux feuilles m\u00e9talliques<\/a> et quelques malheureuses vraies plantes sur la place min\u00e9rale du Ch\u00e2teau s\u2019appelle de la v\u00e9g\u00e9talisation\u00a0? De l\u2019art\u00a0? Du gaspillage de deniers publics peut-\u00eatre\u2026<\/p>\n<p>Ces nombreux \u00ab\u00a0arbres\u00a0\u00bb sont cens\u00e9s apporter fra\u00eecheur et ombre quand il fera \u00e0 nouveau 38\u00b0C ou plus\u00a0?<\/p>\n<p>Pourquoi ne pas opter pour beaucoup de vrais arbres, dans de la vraie terre, dans de vrais grands et beaux pots, qui procureraient de la vraie ombre et de la vraie fra\u00eecheur\u00a0?<\/p>\n<p>L\u2019approche des prochaines \u00e9lections municipales, fait-elle autant perdre la raison aux \u00e9lus\u00a0? C\u2019est inqui\u00e9tant.\u00a0\u00bb<\/p>\n","protected":false},"excerpt":{"rendered":"Partage des chemins en for\u00eat du Neuhof Michel Muller, Strasbourg\u00a0: \u00ab\u00a0Encore une bonne id\u00e9e\u00a0? Entre Neuhof et Illkirch,&hellip;\n","protected":false},"author":2,"featured_media":278832,"comment_status":"","ping_status":"","sticky":false,"template":"","format":"standard","meta":{"footnotes":""},"categories":[2820],"tags":[1111,11,3542,2880,436,1777,674,1011,27,775,3539,12,316,25,104,640,2879,2803],"class_list":{"0":"post-278831","1":"post","2":"type-post","3":"status-publish","4":"format-standard","5":"has-post-thumbnail","7":"category-strasbourg","8":"tag-actu","9":"tag-actualites","10":"tag-circulation","11":"tag-edition-strasbourg","12":"tag-environnement","13":"tag-eu","14":"tag-europe","15":"tag-fr","16":"tag-france","17":"tag-grand-est","18":"tag-les-ecologistes","19":"tag-news","20":"tag-politique","21":"tag-republique-francaise","22":"tag-societe","23":"tag-strasbourg","24":"tag-strasbourg-ville","25":"tag-transport"},"share_on_mastodon":{"url":"https:\/\/pubeurope.com\/@fr\/114929133422926253","error":""},"_links":{"self":[{"href":"https:\/\/www.europesays.com\/fr\/wp-json\/wp\/v2\/posts\/278831","targetHints":{"allow":["GET"]}}],"collection":[{"href":"https:\/\/www.europesays.com\/fr\/wp-json\/wp\/v2\/posts"}],"about":[{"href":"https:\/\/www.europesays.com\/fr\/wp-json\/wp\/v2\/types\/post"}],"author":[{"embeddable":true,"href":"https:\/\/www.europesays.com\/fr\/wp-json\/wp\/v2\/users\/2"}],"replies":[{"embeddable":true,"href":"https:\/\/www.europesays.com\/fr\/wp-json\/wp\/v2\/comments?post=278831"}],"version-history":[{"count":0,"href":"https:\/\/www.europesays.com\/fr\/wp-json\/wp\/v2\/posts\/278831\/revisions"}],"wp:featuredmedia":[{"embeddable":true,"href":"https:\/\/www.europesays.com\/fr\/wp-json\/wp\/v2\/media\/278832"}],"wp:attachment":[{"href":"https:\/\/www.europesays.com\/fr\/wp-json\/wp\/v2\/media?parent=278831"}],"wp:term":[{"taxonomy":"category","embeddable":true,"href":"https:\/\/www.europesays.com\/fr\/wp-json\/wp\/v2\/categories?post=278831"},{"taxonomy":"post_tag","embeddable":true,"href":"https:\/\/www.europesays.com\/fr\/wp-json\/wp\/v2\/tags?post=278831"}],"curies":[{"name":"wp","href":"https:\/\/api.w.org\/{rel}","templated":true}]}}