{"id":278833,"date":"2025-07-28T05:09:10","date_gmt":"2025-07-28T05:09:10","guid":{"rendered":"https:\/\/www.europesays.com\/fr\/278833\/"},"modified":"2025-07-28T05:09:10","modified_gmt":"2025-07-28T05:09:10","slug":"fermeture-de-nuit-du-tunnel-de-letoile-durant-pres-dune-semaine-voici-les-perturbations","status":"publish","type":"post","link":"https:\/\/www.europesays.com\/fr\/278833\/","title":{"rendered":"fermeture de nuit du tunnel de l&rsquo;\u00c9toile durant pr\u00e8s d&rsquo;une semaine, voici les perturbations"},"content":{"rendered":"<p>            Par<br \/>\n        <strong><br \/>\n            <a href=\"https:\/\/actu.fr\/auteur\/redaction-strasbourg\" title=\"Consulter tous les articles de R\u00e9daction Strasbourg\" rel=\"nofollow noopener\" target=\"_blank\">R\u00e9daction Strasbourg<\/a><br \/>\n        <\/strong><\/p>\n<p>        Publi\u00e9 le<\/p>\n<p>            28 juil. 2025 \u00e0 7h02        <\/p>\n<p>Dans le cadre <strong>d\u2019op\u00e9rations de maintenance<\/strong>, le<strong> tunnel de l\u2019\u00c9toile<\/strong> \u00e0 <a href=\"https:\/\/actu.fr\/strasbourg\/\" rel=\"nofollow noopener\" target=\"_blank\">Strasbourg<\/a> sera <strong>ferm\u00e9<\/strong> \u00e0 la circulation durant la nuit pendant pr\u00e8s une semaine d\u00e8s lundi 28\u00a0juillet. D\u00e9couvrez<strong> le d\u00e9tail des perturbations.<\/strong><\/p>\n<p>Au moins deux nuits de fermeture dans le sens Allemagne-France<\/p>\n<p class=\" wall-content\">Les fermetures de nuit du tunnel <strong>dans le sens Allemagne-France<\/strong> devraient durer au moins deux nuits. Du lundi 28\u00a0juillet au mardi 29\u00a0juillet<strong> de 20\u2009h \u00e0 6\u2009h<\/strong> et du mardi\u00a029 au mercredi 30\u00a0juillet <strong>de 20\u2009h \u00e0 6\u2009h<\/strong>. Selon l\u2019\u00e9tat d\u2019avancement du chantier, le tunnel pourrait \u00eatre ferm\u00e9 \u00e0 la circulation du mercredi\u00a030 au jeudi 31\u00a0juillet de 20\u2009h \u00e0 6\u2009h.<\/p>\n<p>    <a href=\"https:\/\/www.facebook.com\/plugins\/post.php?href=https%3A%2F%2Fwww.facebook.com%2Fstrasbourg.eu%2Fposts%2F1138355364988943&amp;show_text=true&amp;width=350\" title=\"Ouvrie le lien\" rel=\"nofollow noopener\" target=\"_blank\">Cliquez ici pour visualiser le contenu<\/a><\/p>\n<p>Une semaine de fermeture dans le sens France-Allemagne<\/p>\n<p class=\" wall-content\">En raison de la fermeture totale de la M352 <strong>dans le sens France-Allemagne<\/strong> pour travaux, le tunnel de l\u2019\u00c9toile sera \u00e9galement ferm\u00e9 dans ce sens pendant<strong> quatre \u00e0 cinq nuits<\/strong> du 28\u00a0juillet au 1\u1d49\u02b3 ao\u00fbt, toujours<strong> de 20\u2009h \u00e0 6\u2009h<\/strong>.<\/p>\n<p class=\" wall-content\">Selon l\u2019\u00e9tat d\u2019avancement du chantier, le tunnel pourrait rester inaccessible \u00e0 la circulation du vendredi 1\u1d49\u02b3 ao\u00fbt au samedi 2\u00a0ao\u00fbt de 20\u2009h \u00e0 6\u2009h.<\/p>\n<p class=\" wall-content\">Suivez toute l\u2019actualit\u00e9 de vos villes et m\u00e9dias favoris en vous inscrivant \u00e0 <a href=\"https:\/\/moncompte.actu.fr\" title=\"D\u00e9couvez Mon Actu\" rel=\"nofollow noopener\" data-trk=\"{&quot;cta&quot;:{&quot;action&quot;:&quot;https:\\\/\\\/moncompte.actu.fr&quot;,&quot;category&quot;:&quot;mon compte&quot;,&quot;from&quot;:&quot;article footer&quot;,&quot;name&quot;:&quot;Mon actu&quot;,&quot;type&quot;:&quot;cta&quot;}}\" target=\"_blank\">Mon Actu<\/a>.<\/p>\n","protected":false},"excerpt":{"rendered":"Par R\u00e9daction Strasbourg Publi\u00e9 le 28 juil. 2025 \u00e0 7h02 Dans le cadre d\u2019op\u00e9rations de maintenance, le tunnel&hellip;\n","protected":false},"author":2,"featured_media":278834,"comment_status":"","ping_status":"","sticky":false,"template":"","format":"standard","meta":{"footnotes":""},"categories":[2820],"tags":[1111,11,1777,674,1011,27,775,12,25,104,640,2086],"class_list":{"0":"post-278833","1":"post","2":"type-post","3":"status-publish","4":"format-standard","5":"has-post-thumbnail","7":"category-strasbourg","8":"tag-actu","9":"tag-actualites","10":"tag-eu","11":"tag-europe","12":"tag-fr","13":"tag-france","14":"tag-grand-est","15":"tag-news","16":"tag-republique-francaise","17":"tag-societe","18":"tag-strasbourg","19":"tag-travaux"},"share_on_mastodon":{"url":"https:\/\/pubeurope.com\/@fr\/114929137267145576","error":""},"_links":{"self":[{"href":"https:\/\/www.europesays.com\/fr\/wp-json\/wp\/v2\/posts\/278833","targetHints":{"allow":["GET"]}}],"collection":[{"href":"https:\/\/www.europesays.com\/fr\/wp-json\/wp\/v2\/posts"}],"about":[{"href":"https:\/\/www.europesays.com\/fr\/wp-json\/wp\/v2\/types\/post"}],"author":[{"embeddable":true,"href":"https:\/\/www.europesays.com\/fr\/wp-json\/wp\/v2\/users\/2"}],"replies":[{"embeddable":true,"href":"https:\/\/www.europesays.com\/fr\/wp-json\/wp\/v2\/comments?post=278833"}],"version-history":[{"count":0,"href":"https:\/\/www.europesays.com\/fr\/wp-json\/wp\/v2\/posts\/278833\/revisions"}],"wp:featuredmedia":[{"embeddable":true,"href":"https:\/\/www.europesays.com\/fr\/wp-json\/wp\/v2\/media\/278834"}],"wp:attachment":[{"href":"https:\/\/www.europesays.com\/fr\/wp-json\/wp\/v2\/media?parent=278833"}],"wp:term":[{"taxonomy":"category","embeddable":true,"href":"https:\/\/www.europesays.com\/fr\/wp-json\/wp\/v2\/categories?post=278833"},{"taxonomy":"post_tag","embeddable":true,"href":"https:\/\/www.europesays.com\/fr\/wp-json\/wp\/v2\/tags?post=278833"}],"curies":[{"name":"wp","href":"https:\/\/api.w.org\/{rel}","templated":true}]}}