{"id":278835,"date":"2025-07-28T05:11:10","date_gmt":"2025-07-28T05:11:10","guid":{"rendered":"https:\/\/www.europesays.com\/fr\/278835\/"},"modified":"2025-07-28T05:11:10","modified_gmt":"2025-07-28T05:11:10","slug":"les-alpes-maritimes-placees-en-vigilance-jaune-orages-et-pluie-inondation-voici-ce-qui-vous-attend","status":"publish","type":"post","link":"https:\/\/www.europesays.com\/fr\/278835\/","title":{"rendered":"Les Alpes-Maritimes plac\u00e9es en vigilance jaune orages et pluie-inondation, voici ce qui vous attend"},"content":{"rendered":"<p>La semaine commence avec une <strong>m\u00e9t\u00e9o<\/strong> perturb\u00e9e dans les <strong>Alpes-Maritimes<\/strong>.\u00a0<\/p>\n<p>Des <strong>averses orageuses<\/strong> commenceront \u00e0 tomber ce lundi matin entre Nice et Menton ainsi qu&rsquo;\u00e0 Tou\u00ebt-de-l&rsquo;Escar\u00e8ne et Roquebilli\u00e8re.\u00a0<\/p>\n<p>Une <strong>pluie plus faible<\/strong> gagnera le reste du d\u00e9partement dans l&rsquo;apr\u00e8s-midi.<\/p>\n<p>Le territoire sera plac\u00e9 en <strong>vigilance jaune pluie-inondation<\/strong> jusqu&rsquo;\u00e0 8h puis entre midi et 19h, tandis qu&rsquo;une seconde alerte pour les orages sera en vigueur de midi \u00e0 18h.\u00a0<\/p>\n<p><strong>Vent fort dans l&rsquo;arri\u00e8re-pays<\/strong><\/p>\n<p>Si le vent sera calme sur le littoral, il se l\u00e8vera d\u00e8s les premi\u00e8res heures de la journ\u00e9e au nord des Alpes-Maritimes et soufflera jusque dans la soir\u00e9e.\u00a0<\/p>\n<p>Les plus fortes rafales atteindront<strong> 50km\/h<\/strong> \u00e0 Saint-Martin-du-Var ainsi que <strong>45km\/h<\/strong> entre Tende et Saint-Etienne-de-Tin\u00e9e.\u00a0<\/p>\n<p>C\u00f4t\u00e9 temp\u00e9ratures, il fera entre 12\u00b0C et 26\u00b0C ce lundi matin puis <strong>jusqu&rsquo;\u00e0 31\u00b0C \u00e0 Saint-Sauveur-sur-Tin\u00e9e<\/strong> au plus chaud de la journ\u00e9e, soit 1\u00b0C au-dessus de la normale de saison.\u00a0<\/p>\n<p>La temp\u00e9rature maximale oscillera entre 27\u00b0C et 30\u00b0C sur le littoral.\u00a0<\/p>\n","protected":false},"excerpt":{"rendered":"La semaine commence avec une m\u00e9t\u00e9o perturb\u00e9e dans les Alpes-Maritimes.\u00a0 Des averses orageuses commenceront \u00e0 tomber ce lundi&hellip;\n","protected":false},"author":2,"featured_media":278836,"comment_status":"","ping_status":"","sticky":false,"template":"","format":"standard","meta":{"footnotes":""},"categories":[2819],"tags":[1111,11,1777,674,1011,27,2487,12,2401,882,25],"class_list":{"0":"post-278835","1":"post","2":"type-post","3":"status-publish","4":"format-standard","5":"has-post-thumbnail","7":"category-nice","8":"tag-actu","9":"tag-actualites","10":"tag-eu","11":"tag-europe","12":"tag-fr","13":"tag-france","14":"tag-meteo","15":"tag-news","16":"tag-nice","17":"tag-provence-alpes-cote-dazur","18":"tag-republique-francaise"},"share_on_mastodon":{"url":"https:\/\/pubeurope.com\/@fr\/114929145154832837","error":""},"_links":{"self":[{"href":"https:\/\/www.europesays.com\/fr\/wp-json\/wp\/v2\/posts\/278835","targetHints":{"allow":["GET"]}}],"collection":[{"href":"https:\/\/www.europesays.com\/fr\/wp-json\/wp\/v2\/posts"}],"about":[{"href":"https:\/\/www.europesays.com\/fr\/wp-json\/wp\/v2\/types\/post"}],"author":[{"embeddable":true,"href":"https:\/\/www.europesays.com\/fr\/wp-json\/wp\/v2\/users\/2"}],"replies":[{"embeddable":true,"href":"https:\/\/www.europesays.com\/fr\/wp-json\/wp\/v2\/comments?post=278835"}],"version-history":[{"count":0,"href":"https:\/\/www.europesays.com\/fr\/wp-json\/wp\/v2\/posts\/278835\/revisions"}],"wp:featuredmedia":[{"embeddable":true,"href":"https:\/\/www.europesays.com\/fr\/wp-json\/wp\/v2\/media\/278836"}],"wp:attachment":[{"href":"https:\/\/www.europesays.com\/fr\/wp-json\/wp\/v2\/media?parent=278835"}],"wp:term":[{"taxonomy":"category","embeddable":true,"href":"https:\/\/www.europesays.com\/fr\/wp-json\/wp\/v2\/categories?post=278835"},{"taxonomy":"post_tag","embeddable":true,"href":"https:\/\/www.europesays.com\/fr\/wp-json\/wp\/v2\/tags?post=278835"}],"curies":[{"name":"wp","href":"https:\/\/api.w.org\/{rel}","templated":true}]}}