{"id":278837,"date":"2025-07-28T05:12:16","date_gmt":"2025-07-28T05:12:16","guid":{"rendered":"https:\/\/www.europesays.com\/fr\/278837\/"},"modified":"2025-07-28T05:12:16","modified_gmt":"2025-07-28T05:12:16","slug":"saint-herblain-la-gournerie-un-pole-dedie-a-lenvironnement","status":"publish","type":"post","link":"https:\/\/www.europesays.com\/fr\/278837\/","title":{"rendered":"Saint-Herblain. La Gournerie, un\u00a0p\u00f4le d\u00e9di\u00e9 \u00e0 l\u2019environnement"},"content":{"rendered":"<p>La Gournerie est un r\u00f4le de r\u00e9f\u00e9rence en mati\u00e8re d\u2019\u00e9ducation \u00e0 l\u2019environnement. Chaque ann\u00e9e, une trentaine de classes\u00a0vertes y sont accueillies \u00e0 l\u2019automne et au printemps.<\/p>\n<p>Lors de ces classes \u00e0 th\u00e8me, les \u00e9l\u00e8ves des \u00e9coles \u00e9tudient la biodiversit\u00e9 pr\u00e9serv\u00e9e du parc du ch\u00e2teau de la Gournerie sa faune et sa flore, les arbres\u00a0remarquables le verger, le cycle de l\u2019eau, les\u00a0\u00e9nergies, l\u2019histoire du parc de 70\u00a0hectares et le patrimoine de la ville de Saint-Herblain.<\/p>\n<p>Par ailleurs pendant les vacances scolaires, 96\u00a0jeunes de 7 \u00e0 9\u00a0ans encadr\u00e9s par une \u00e9quipe d\u2019animateurs peuvent \u00eatre accueillis \u00e0 la journ\u00e9e dans les locaux r\u00e9nov\u00e9s du centre de loisirs.<\/p>\n<p>Ce site de la Gournerie qui constitue un p\u00f4le de r\u00e9f\u00e9rence d\u2019\u00e9ducation \u00e0 l\u2019environnement.<\/p>\n<p>Un acc\u00e8s pour tous<\/p>\n<p>Dans une logique d\u2019accessibilit\u00e9, des cheminements ont \u00e9t\u00e9 am\u00e9nag\u00e9s pour permettre aux personnes en fauteuil ou \u00e0 mobilit\u00e9 r\u00e9duite de circuler de fa\u00e7on autonome. Les cheminements ont \u00e9t\u00e9 recouverts d\u2019un sol souple et perm\u00e9able \u00e0 la pluie. Des espaces v\u00e9g\u00e9talis\u00e9s ont \u00e9t\u00e9 pr\u00e9vus et seront plant\u00e9s \u00e0 l\u2019automne.<\/p>\n<p>\u00a0<\/p>\n","protected":false},"excerpt":{"rendered":"La Gournerie est un r\u00f4le de r\u00e9f\u00e9rence en mati\u00e8re d\u2019\u00e9ducation \u00e0 l\u2019environnement. Chaque ann\u00e9e, une trentaine de classes\u00a0vertes&hellip;\n","protected":false},"author":2,"featured_media":278838,"comment_status":"","ping_status":"","sticky":false,"template":"","format":"standard","meta":{"footnotes":""},"categories":[2818],"tags":[1111,11,9728,436,1777,674,1011,27,41838,766,12,2636,22534,25,4286],"class_list":{"0":"post-278837","1":"post","2":"type-post","3":"status-publish","4":"format-standard","5":"has-post-thumbnail","7":"category-nantes","8":"tag-actu","9":"tag-actualites","10":"tag-dedie","11":"tag-environnement","12":"tag-eu","13":"tag-europe","14":"tag-fr","15":"tag-france","16":"tag-gournerie","17":"tag-nantes","18":"tag-news","19":"tag-pays-de-la-loire","20":"tag-pole","21":"tag-republique-francaise","22":"tag-saint-herblain"},"share_on_mastodon":{"url":"https:\/\/pubeurope.com\/@fr\/114929149114671683","error":""},"_links":{"self":[{"href":"https:\/\/www.europesays.com\/fr\/wp-json\/wp\/v2\/posts\/278837","targetHints":{"allow":["GET"]}}],"collection":[{"href":"https:\/\/www.europesays.com\/fr\/wp-json\/wp\/v2\/posts"}],"about":[{"href":"https:\/\/www.europesays.com\/fr\/wp-json\/wp\/v2\/types\/post"}],"author":[{"embeddable":true,"href":"https:\/\/www.europesays.com\/fr\/wp-json\/wp\/v2\/users\/2"}],"replies":[{"embeddable":true,"href":"https:\/\/www.europesays.com\/fr\/wp-json\/wp\/v2\/comments?post=278837"}],"version-history":[{"count":0,"href":"https:\/\/www.europesays.com\/fr\/wp-json\/wp\/v2\/posts\/278837\/revisions"}],"wp:featuredmedia":[{"embeddable":true,"href":"https:\/\/www.europesays.com\/fr\/wp-json\/wp\/v2\/media\/278838"}],"wp:attachment":[{"href":"https:\/\/www.europesays.com\/fr\/wp-json\/wp\/v2\/media?parent=278837"}],"wp:term":[{"taxonomy":"category","embeddable":true,"href":"https:\/\/www.europesays.com\/fr\/wp-json\/wp\/v2\/categories?post=278837"},{"taxonomy":"post_tag","embeddable":true,"href":"https:\/\/www.europesays.com\/fr\/wp-json\/wp\/v2\/tags?post=278837"}],"curies":[{"name":"wp","href":"https:\/\/api.w.org\/{rel}","templated":true}]}}