{"id":278847,"date":"2025-07-28T05:17:11","date_gmt":"2025-07-28T05:17:11","guid":{"rendered":"https:\/\/www.europesays.com\/fr\/278847\/"},"modified":"2025-07-28T05:17:11","modified_gmt":"2025-07-28T05:17:11","slug":"pourquoi-ces-activites-devraient-devenir-plus-cheres","status":"publish","type":"post","link":"https:\/\/www.europesays.com\/fr\/278847\/","title":{"rendered":"pourquoi ces activit\u00e9s devraient devenir plus ch\u00e8res\u00a0?"},"content":{"rendered":"<p>            Par<br \/>\n        <strong><br \/>\n            <a href=\"https:\/\/actu.fr\/auteur\/enzo-legros\" title=\"Consulter tous les articles de Enzo Legros\" rel=\"nofollow noopener\" target=\"_blank\">Enzo Legros<\/a><br \/>\n        <\/strong><\/p>\n<p>        Publi\u00e9 le<\/p>\n<p>            28 juil. 2025 \u00e0 7h12        <\/p>\n<p>Que provoqueraient des baisses de subventions pour les associations culturelles de <a href=\"https:\/\/actu.fr\/toulouse\/\" rel=\"nofollow noopener\" target=\"_blank\">Toulouse<\/a>\u2009? Pour l\u2019instant, la plupart des Maisons des jeunes et pour la culture (MJC) et des structures de la ville <strong>restent dans le flou total<\/strong> sur leur avenir. \u00ab\u2009C\u2019est impossible de faire des projections\u2009\u00bb, confirme-t-on au centre culturel des Minimes. Mais une chose est s\u00fbre, cela se ressentirait dans le portefeuille des adh\u00e9rents. Des s\u00e9ances de sport plus ch\u00e8res, moins de temps d\u2019accueil pour les plus petits, une diversit\u00e9 des activit\u00e9s amoindrie\u2026 Voici ce qui pourrait concr\u00e8tement changer pour les Toulousains.<\/p>\n<p>Des prix plus chers, y compris dans les quartiers prioritaires<\/p>\n<p class=\" wall-content\">Malgr\u00e9 l\u2019annonce de la municipalit\u00e9 de limiter la baisse des subventions \u00e0 10\u2009% en moyenne <a href=\"https:\/\/actu.fr\/occitanie\/toulouse_31555\/toulouse-la-baisse-des-subventions-aux-associations-finalement-limitee-a-10_62721676.html\" rel=\"nofollow noopener\" target=\"_blank\">au mois de juin\u00a02025<\/a>, les coupes seront parfois <strong>bien sup\u00e9rieures<\/strong> d\u2019apr\u00e8s un communiqu\u00e9 de 10 associations concern\u00e9es publi\u00e9 le 22\u00a0juillet. Parmi ses membres, les sept MJC de Toulouse devraient perdre en moyenne <strong>34,5\u2009%<\/strong> d\u2019aides par rapport \u00e0 2024, et trois autres associations se situeraient aux alentours de 20\u2009%.<\/p>\n<p class=\" wall-content\">\u00ab\u2009S\u2019il y a une baisse, on devra le faire porter sur les activit\u00e9s\u2009\u00bb, sait Cl\u00e9ment de Faget, le pr\u00e9sident du Foyer d\u2019\u00e9ducation populaire \u00c9tienne Billi\u00e8res (Fepeb), membre du collectif. La structure situ\u00e9e \u00e0 la maison de quartier Fontaine Lestang, <strong>pr\u00e8s de trois <a href=\"https:\/\/actu.fr\/occitanie\/toulouse_31555\/carte-quatre-nouveaux-quartiers-prioritaires-a-toulouse-ce-qui-est-prevu-pour-eux_60979615.html\" rel=\"nofollow noopener\" target=\"_blank\">quartiers prioritaires<\/a><\/strong> de Toulouse, sait aussi qu\u2019elle s\u2019adresse \u00e0 un public pr\u00e9caire, dont un quart d\u2019enfants et un tiers de s\u00e9niors.<\/p>\n<p>Des conditions d\u2019accueil d\u00e9grad\u00e9es<\/p>\n<p class=\" wall-content\">Heureusement, la survie du Fepeb n\u2019est pas en jeu \u00e0 court terme. Son budget tenait en 2024 \u00e0 55\u2009% gr\u00e2ce \u00e0 l\u2019autofinancement, pour 45\u2009% de subventions diverses, et le foyer a des r\u00e9serves en poche. \u00ab<strong>\u2009Il n\u2019y aura pas d\u2019effet imm\u00e9diat<\/strong>, mais \u00e7a veut dire quelque chose politiquement\u2009\u00bb, assure une membre de l\u2019association. Pour les MJC, la part des subventions municipales repr\u00e9sentent 50\u2009% de leur budget. En cas de baisse, il faudra donc chercher des revenus suppl\u00e9mentaires et augmenter les prix pour les usagers.<\/p>\n<p class=\" wall-content\">Sur le long terme, les cons\u00e9quences pourraient concerner <strong>une nouvelle fois les pratiquants<\/strong>. Le chauffage pourrait par exemple \u00eatre abaiss\u00e9 dans les structures culturelles pour r\u00e9duire la facture, ce qui d\u00e9graderait les conditions d\u2019accueil des adh\u00e9rents. L\u2019entretien et les travaux de r\u00e9paration pourraient aussi ne pas \u00eatre accomplis r\u00e9guli\u00e8rement dans les lieux d\u2019activit\u00e9.<\/p>\n<p>\u00ab\u2009On en a marre de tirer sur les adh\u00e9rents\u2009\u00bb<\/p>\n<p class=\" wall-content\">Dans les maisons des jeunes et pour la culture, le premier levier qui pourrait \u00eatre actionn\u00e9 serait <strong>la suppression d\u2019ateliers<\/strong>. \u00ab\u2009On commencerait par ceux avec le moins de participants ou les activit\u00e9s des plus petits\u2009\u00bb, ajoute un responsable d\u2019une des 7 MJC.<\/p>\n<p class=\" wall-content\">Pour le collectif d\u2019associations cela repr\u00e9sente \u00ab\u2009l\u2019affaiblissement d\u2019une offre socioculturelle associative de proximit\u00e9 qui ne serait plus en capacit\u00e9 de r\u00e9pondre aux attentes et besoins des habitants\u2009\u00bb. \u00ab\u2009Et puis on en a marre de tirer sur les adh\u00e9rents\u2009\u00bb, confie-t-on \u00e0 la MJC des Minimes.<\/p>\n<p class=\" wall-content\">Suivez toute l\u2019actualit\u00e9 de vos villes et m\u00e9dias favoris en vous inscrivant \u00e0 <a href=\"https:\/\/moncompte.actu.fr\" title=\"D\u00e9couvez Mon Actu\" rel=\"nofollow noopener\" data-trk=\"{&quot;cta&quot;:{&quot;action&quot;:&quot;https:\\\/\\\/moncompte.actu.fr&quot;,&quot;category&quot;:&quot;mon compte&quot;,&quot;from&quot;:&quot;article footer&quot;,&quot;name&quot;:&quot;Mon actu&quot;,&quot;type&quot;:&quot;cta&quot;}}\" target=\"_blank\">Mon Actu<\/a>.<\/p>\n","protected":false},"excerpt":{"rendered":"Par Enzo Legros Publi\u00e9 le 28 juil. 2025 \u00e0 7h12 Que provoqueraient des baisses de subventions pour les&hellip;\n","protected":false},"author":2,"featured_media":278848,"comment_status":"","ping_status":"","sticky":false,"template":"","format":"standard","meta":{"footnotes":""},"categories":[2816],"tags":[1111,11,1003,1777,674,1011,27,12,2680,25,104,2312],"class_list":{"0":"post-278847","1":"post","2":"type-post","3":"status-publish","4":"format-standard","5":"has-post-thumbnail","7":"category-toulouse","8":"tag-actu","9":"tag-actualites","10":"tag-budget","11":"tag-eu","12":"tag-europe","13":"tag-fr","14":"tag-france","15":"tag-news","16":"tag-occitanie","17":"tag-republique-francaise","18":"tag-societe","19":"tag-toulouse"},"share_on_mastodon":{"url":"https:\/\/pubeurope.com\/@fr\/114929168718281655","error":""},"_links":{"self":[{"href":"https:\/\/www.europesays.com\/fr\/wp-json\/wp\/v2\/posts\/278847","targetHints":{"allow":["GET"]}}],"collection":[{"href":"https:\/\/www.europesays.com\/fr\/wp-json\/wp\/v2\/posts"}],"about":[{"href":"https:\/\/www.europesays.com\/fr\/wp-json\/wp\/v2\/types\/post"}],"author":[{"embeddable":true,"href":"https:\/\/www.europesays.com\/fr\/wp-json\/wp\/v2\/users\/2"}],"replies":[{"embeddable":true,"href":"https:\/\/www.europesays.com\/fr\/wp-json\/wp\/v2\/comments?post=278847"}],"version-history":[{"count":0,"href":"https:\/\/www.europesays.com\/fr\/wp-json\/wp\/v2\/posts\/278847\/revisions"}],"wp:featuredmedia":[{"embeddable":true,"href":"https:\/\/www.europesays.com\/fr\/wp-json\/wp\/v2\/media\/278848"}],"wp:attachment":[{"href":"https:\/\/www.europesays.com\/fr\/wp-json\/wp\/v2\/media?parent=278847"}],"wp:term":[{"taxonomy":"category","embeddable":true,"href":"https:\/\/www.europesays.com\/fr\/wp-json\/wp\/v2\/categories?post=278847"},{"taxonomy":"post_tag","embeddable":true,"href":"https:\/\/www.europesays.com\/fr\/wp-json\/wp\/v2\/tags?post=278847"}],"curies":[{"name":"wp","href":"https:\/\/api.w.org\/{rel}","templated":true}]}}