{"id":278852,"date":"2025-07-28T05:21:10","date_gmt":"2025-07-28T05:21:10","guid":{"rendered":"https:\/\/www.europesays.com\/fr\/278852\/"},"modified":"2025-07-28T05:21:10","modified_gmt":"2025-07-28T05:21:10","slug":"a-la-poursuite-des-chauffards-des-mers-a-marseille","status":"publish","type":"post","link":"https:\/\/www.europesays.com\/fr\/278852\/","title":{"rendered":"\u00e0 la poursuite des chauffards des mers \u00e0 Marseille"},"content":{"rendered":"<p><strong>REPORTAGE &#8211;<\/strong> Alors que la saison estivale bat son plein, la pr\u00e9fecture maritime de M\u00e9diterran\u00e9e intensifie les contr\u00f4les pour r\u00e9duire le risque d\u2019accident, li\u00e9 \u00e0 la vitesse mais aussi au manque de respect des r\u00e8gles de s\u00e9curit\u00e9 \u00e0 bord.<\/p>\n<p class=\"fig-paragraph\">Dans une anse \u00e0 l\u2019abri des regards, les affaires maritimes sont en \u00abplanque\u00bb, selon leurs propres termes. Comme leurs coll\u00e8gues gendarmes au bord de la route avec un radar, ils attendent patiemment sur une vedette, scrutant la moindre embarcation. En ce mercredi du mois de juillet, la saison estivale bat son plein \u00e0 Marseille, et avec elle, son ballet de bateaux et de jet-skis qui empruntent chaque jour l\u2019\u00e9troit goulot de<a href=\"http:\/\/www.lefigaro.fr\/marseille\/un-homme-est-mort-ici-a-cause-de-la-vitesse-a-marseille-la-traque-des-bateaux-dangereux-20240722\" data-fig-type=\"NewsFlash\" data-gtm-custom-categorie=\"navigation\" data-gtm-custom-action=\"crossclick\" data-gtm-custom-label=\"Contextuel\" data-gtm-event=\"customEventSPE\" data-fig-domain=\"LEFIGARO\" target=\"_blank\" rel=\"noopener\">\u00a0Cap Croisette,<\/a>\u00a0porte d\u2019entr\u00e9e naturelle du\u00a0<a href=\"http:\/\/www.lefigaro.fr\/marseille\/marseille-un-armateur-condamne-pour-deux-mouillages-dans-une-zone-interdite-des-calanques-20250612\" data-fig-type=\"NewsFlash\" data-gtm-custom-categorie=\"navigation\" data-gtm-custom-action=\"crossclick\" data-gtm-custom-label=\"Contextuel\" data-gtm-event=\"customEventSPE\" data-fig-domain=\"LEFIGARO\" target=\"_blank\" rel=\"noopener\">parc national des calanques.\u00a0<\/a><\/p>\n<p class=\"fig-paragraph\">Soudain, le pr\u00e9fet maritime lui-m\u00eame, d\u2019un regard aiguis\u00e9, rep\u00e8re au loin un bateau blanc, et demande \u00e0 ses \u00e9quipes de s\u2019en rapprocher. Quand la vedette des affaires maritimes lui fait signe de ralentir, le capitaine derri\u00e8re les commandes fait la moue. Sans doute sait-il ce qu\u2019il va se passer. \u00abCombien de personnes avez-vous?\u00bb, demande Samuel Alfasser, contr\u00f4leur aux affaires maritimes. Le pr\u00e9fet avait vu juste. \u00c0 cette question, le conducteur avoue\u00a0: \u00abIl y a 13 personnes \u00e0 bord.\u00bb Or, pour ce mod\u00e8le, la r\u00e8gle est formelle\u00a0: le professionnel ne peut transporter que 12 personnes.<\/p>\n<p>                                    <a class=\"fig-a11y-skip a11y-hidden\" href=\"#fig-a11y-skip-main-inarticle\"><br \/>\n        Passer la publicit\u00e9<br \/>\n    <\/a><\/p>\n<p class=\"fig-paragraph\">Le groupe est constitu\u00e9 de touristes, partis de Cassis et ayant demand\u00e9 \u00e0 faire un tour priv\u00e9 dans les\u00a0<a href=\"https:\/\/photo.lefigaro.fr\/voyages\/inspiration\/des-calanques-de-marseille-a-saint-tropez-notre-cabotage-en-mediterranee-20250717\" data-fig-type=\"SlideShowResource\" data-gtm-custom-categorie=\"navigation\" data-gtm-custom-action=\"crossclick\" data-gtm-custom-label=\"Contextuel\" data-gtm-event=\"customEventSPE\" data-fig-domain=\"LEFIGARO\" target=\"_blank\" rel=\"noopener\">calanques<\/a>. M\u00e9thodique, le contr\u00f4leur aux affaires maritimes demande \u00e0 v\u00e9rifier que chacun dispose bien d\u2019un gilet de sauvetage ad\u00e9quat. Mais l\u2019agent constate avec regret qu\u2019il n\u2019y a aucun gilet de sauvetage de taille enfant, alors que plusieurs bambins sont \u00e0 bord, dont certains tr\u00e8s jeune. Pour cette fois, Samuel Alfasser pr\u00e9f\u00e8re la p\u00e9dagogie \u00e0 la verbalisation.<\/p>\n<p>Impr\u00e9paration<\/p>\n<p class=\"fig-paragraph\">\u00abMonsieur, je vous fais un rappel de r\u00e9glementation, d\u00e9clare le contr\u00f4leur. Vous avez des enfants \u00e0 bord et il n\u2019y a pas de gilet enfant. Vous \u00eates limit\u00e9 \u00e0 douze personnes et vous avez pris 13 personnes. Donc, je vais vous demander de rentrer au port imm\u00e9diatement. Fin de la sortie, messieurs, dames.\u00bb \u00abMerci\u00bb, r\u00e9pond m\u00e9caniquement une passag\u00e8re \u00e0 bord. \u00abNe dis pas merci Aur\u00e9lie, plaisante un autre. On est venu de loin pour \u00e7a\u00a0!\u00bb Le groupe, visiblement amus\u00e9, ne semble pas prendre conscience du danger. \u00abEn cas de probl\u00e8me, les gilets de sauvetage taille adulte ne servent \u00e0 rien pour les enfants\u00bb, soupire Samuel Alfasser.<\/p>\n<p class=\"fig-paragraph\">\u00abIl y a un vrai probl\u00e8me d\u2019impr\u00e9paration, de gens qui partent en mer sans v\u00e9ritablement anticiper leur sortie, assure Christophe Lucas, pr\u00e9fet maritime de M\u00e9diterran\u00e9e. Il y a beaucoup d\u2019inexp\u00e9rience. Vous avez des accidents de gens qui, par exemple de nuit, ne ma\u00eetrisent pas leur engin nautique qui se retrouve sur des cailloux. Et si vous \u00eates avec un bateau tr\u00e8s rapide, c\u2019est comme si avec votre voiture, vous rouliez \u00e0 60 km\/h et que vous vous arr\u00eatiez dans un mur.\u00bb<\/p>\n<p class=\"fig-paragraph\">Alors r\u00e9guli\u00e8rement, le pr\u00e9fet maritime ordonne des actions de contr\u00f4le de grande envergure, comme ce mercredi, pour tenter d\u2019\u00e9viter un drame. \u00abLa s\u00e9curit\u00e9, c\u2019est nous, mais la prudence, c\u2019est l\u2019affaire des plaisanciers\u00bb, rappelle-t-il. Le bateau contr\u00f4l\u00e9 tout juste rentr\u00e9 au port, un autre passe devant les yeux du pr\u00e9fet \u00e0 vive allure. La vedette des affaires maritimes prend le zodiac en chasse, dans son sillage, et rel\u00e8ve une vitesse de 25 n\u0153uds, bien au-del\u00e0 des cinq n\u0153uds autoris\u00e9s. \u00abVous saviez \u00e0 quelle vitesse vous \u00e9tiez\u00a0?\u00bb interroge Samuel Alfasseur. \u00c0 bord, le conducteur en bermuda grimace. \u00abOui, peut-\u00eatre&#8230; mais c\u2019\u00e9tait pour passer car il y avait beaucoup de courant.\u00bb Quand on lui annonce le chiffre, le plaisancier affiche une mine \u00e9tonn\u00e9e.<\/p>\n<p>Retrait de permis<\/p>\n<p class=\"fig-paragraph\">\u00abMa femme n\u2019aime pas la vitesse en plus, explique-t-il. Quand vous me dites 25 n\u0153uds, \u00e7a me para\u00eet impossible.\u00bb Au fur et \u00e0 mesure que Samuel Alfasseur contr\u00f4le les param\u00e8tres de s\u00e9curit\u00e9, la liste des infractions s\u2019allonge. \u00abJe vais vous verbaliser car votre vitesse \u00e9tait excessive, mais aussi pour l\u2019extincteur qui est p\u00e9rim\u00e9, la lampe torche qui ne fonctionne pas et l\u2019absence de port de court-circuit\u00bb, r\u00e9capitule le contr\u00f4leur. De son c\u00f4t\u00e9, le plaisancier se montre press\u00e9. \u00abFaites votre PV, je dois aller amener mon fils au centre a\u00e9r\u00e9\u00bb, lance-t-il.<\/p>\n<p>                                    <a class=\"fig-a11y-skip a11y-hidden\" href=\"#fig-a11y-skip-main-inarticle_mtf\"><br \/>\n        Passer la publicit\u00e9<br \/>\n    <\/a><\/p>\n<p class=\"fig-paragraph\">Le ton change lorsque Samuel Alfasseur explique au plaisancier qu\u2019il va devoir passer devant une commission amen\u00e9e \u00e0 statuer sur la suspension, voire l\u2019annulation de son permis. \u00abComment\u00a0? Vous mesurez ce que vous me d\u00eetes\u00a0? Je suis quelqu\u2019un de prudent, en plus. C\u2019est la premi\u00e8re fois que je prends un PV depuis que j\u2019ai le permis bateau\u00a0!\u00bb Dans le PV dress\u00e9, le plaisancier tient \u00e0 coucher sur le papier qu\u2019il conteste l\u2019exc\u00e8s de vitesse. Son sort sera tranch\u00e9 \u00e0 la fin du mois d\u2019ao\u00fbt. Depuis le d\u00e9but de l\u2019ann\u00e9e, quatre personnes sont mortes en mer dans les Bouches-du-Rh\u00f4ne.<\/p>\n","protected":false},"excerpt":{"rendered":"REPORTAGE &#8211; Alors que la saison estivale bat son plein, la pr\u00e9fecture maritime de M\u00e9diterran\u00e9e intensifie les contr\u00f4les&hellip;\n","protected":false},"author":2,"featured_media":278853,"comment_status":"","ping_status":"","sticky":false,"template":"","format":"standard","meta":{"footnotes":""},"categories":[2814],"tags":[1111,11,1182,34484,1777,674,5915,1011,27,884,12,882,25],"class_list":{"0":"post-278852","1":"post","2":"type-post","3":"status-publish","4":"format-standard","5":"has-post-thumbnail","7":"category-marseille","8":"tag-actu","9":"tag-actualites","10":"tag-calanques","11":"tag-controle-de-police","12":"tag-eu","13":"tag-europe","14":"tag-exces-de-vitesse","15":"tag-fr","16":"tag-france","17":"tag-marseille","18":"tag-news","19":"tag-provence-alpes-cote-dazur","20":"tag-republique-francaise"},"share_on_mastodon":{"url":"https:\/\/pubeurope.com\/@fr\/114929184630562160","error":""},"_links":{"self":[{"href":"https:\/\/www.europesays.com\/fr\/wp-json\/wp\/v2\/posts\/278852","targetHints":{"allow":["GET"]}}],"collection":[{"href":"https:\/\/www.europesays.com\/fr\/wp-json\/wp\/v2\/posts"}],"about":[{"href":"https:\/\/www.europesays.com\/fr\/wp-json\/wp\/v2\/types\/post"}],"author":[{"embeddable":true,"href":"https:\/\/www.europesays.com\/fr\/wp-json\/wp\/v2\/users\/2"}],"replies":[{"embeddable":true,"href":"https:\/\/www.europesays.com\/fr\/wp-json\/wp\/v2\/comments?post=278852"}],"version-history":[{"count":0,"href":"https:\/\/www.europesays.com\/fr\/wp-json\/wp\/v2\/posts\/278852\/revisions"}],"wp:featuredmedia":[{"embeddable":true,"href":"https:\/\/www.europesays.com\/fr\/wp-json\/wp\/v2\/media\/278853"}],"wp:attachment":[{"href":"https:\/\/www.europesays.com\/fr\/wp-json\/wp\/v2\/media?parent=278852"}],"wp:term":[{"taxonomy":"category","embeddable":true,"href":"https:\/\/www.europesays.com\/fr\/wp-json\/wp\/v2\/categories?post=278852"},{"taxonomy":"post_tag","embeddable":true,"href":"https:\/\/www.europesays.com\/fr\/wp-json\/wp\/v2\/tags?post=278852"}],"curies":[{"name":"wp","href":"https:\/\/api.w.org\/{rel}","templated":true}]}}