{"id":278854,"date":"2025-07-28T05:22:14","date_gmt":"2025-07-28T05:22:14","guid":{"rendered":"https:\/\/www.europesays.com\/fr\/278854\/"},"modified":"2025-07-28T05:22:14","modified_gmt":"2025-07-28T05:22:14","slug":"la-piste-cyclable-integree-a-larret-de-bus","status":"publish","type":"post","link":"https:\/\/www.europesays.com\/fr\/278854\/","title":{"rendered":"la piste cyclable int\u00e9gr\u00e9e \u00e0 l\u2019arr\u00eat de bus &#8211;"},"content":{"rendered":"<p>\t\t\t\t<img loading=\"lazy\" decoding=\"async\" width=\"900\" height=\"626\" src=\"data:image\/svg+xml,%3Csvg%20xmlns=\" http:=\"\" alt=\"\" title=\"01 arre\u0302t de bus Vivier Merle-1\" class=\"wp-image-163414\" data-lazy- data-lazy- data-lazy-src=\"https:\/\/www.europesays.com\/fr\/wp-content\/uploads\/2025\/07\/01-arre\u0302t-de-bus-Vivier-Merle-1.jpg\"\/><\/p>\n<p>Boulevard Vivier-Merle, les cyclistes sur les pieds des usagers TCL &#8211; Photos \u00a9 Lyon People<\/p>\n<p><strong>Texte\u00a0: Morgan Couturier \u2013<\/strong> Jamais en retard d\u2019une innovation accidentog\u00e8ne, les apprentis sorciers \u00e9colos viennent de pondre un nouveau concept r\u00e9volutionnaire \u00e0 quelques centaines de m\u00e8tres du lieu de l\u2019accident qui a co\u00fbt\u00e9 la vie \u00e0 deux \u00e9tudiants.<\/p>\n<p>Alors que les travaux vont bon train sur le boulevard Vivier-Merle, la M\u00e9tropole de Lyon n\u2019en oublie pas ses cyclistes \u00e9lecteurs pr\u00e9f\u00e9r\u00e9s. Peu importe sir leur confort se construit aux d\u00e9pens des automobilistes (<a href=\"https:\/\/www.lyonpeople.com\/actualites-lyon\/lyon-le-boulevard-stalingrad-toujours-au-top-des-accidents-ecolos-2025-02-20.html\" target=\"_blank\" rel=\"noopener\"><strong>palmar\u00e8s des accidents \u00e9colos<\/strong><\/a> sur le seul boulevard Stalingrad ici) mais aussi au d\u00e9triment de la s\u00e9curit\u00e9 des pi\u00e9tons et des usagers TCL.<\/p>\n<p><img loading=\"lazy\" decoding=\"async\" class=\"alignnone size-full wp-image-163418\" src=\"data:image\/svg+xml,%3Csvg%20xmlns=\" http:=\"\" alt=\"\" width=\"900\" height=\"622\" data-lazy- data-lazy- data-lazy-src=\"https:\/\/www.europesays.com\/fr\/wp-content\/uploads\/2025\/07\/07-arre\u0302t-de-bus-Vivier-Merle-2.jpg\"\/><\/p>\n<p><strong>Amateurisme et obscurantisme<\/strong><\/p>\n<p>De fait, si on a tendance \u00e0 se focaliser sur la fermeture de la Presqu\u2019\u00eele aux voitures ou pour d\u00e9ployer les voies lyonnaises, <strong>Bruno Bernard<\/strong> et ses adjoints font \u00e9galement des ravages sur la rive gauche, notamment le cours Vitton, impraticable, <a href=\"https:\/\/www.lyonpeople.com\/actualites-lyon\/accident-mortel-a-lyon-doucet-et-bernard-ont-deux-nouveaux-morts-sur-la-conscience-2025-02-16.html\" target=\"_blank\" rel=\"noopener\"><strong>l\u2019avenue F\u00e9lix Faure, transform\u00e9e en coupe-gorge,<\/strong><\/a> et la rue de Bonnel, o\u00f9 trois voies de circulation sont supprim\u00e9es.<\/p>\n<p><img loading=\"lazy\" decoding=\"async\" class=\"alignnone size-full wp-image-163416\" src=\"data:image\/svg+xml,%3Csvg%20xmlns=\" http:=\"\" alt=\"\" width=\"900\" height=\"609\" data-lazy- data-lazy- data-lazy-src=\"https:\/\/www.europesays.com\/fr\/wp-content\/uploads\/2025\/07\/05-arre\u0302t-de-bus-Vivier-Merle-1.jpg\"\/><\/p>\n<p>Dernier exemple en date de leur amateurisme\u00a0: <a href=\"https:\/\/www.lyonpeople.com\/actualites-lyon\/part-dieu-ce-restaurateur-a-perdu-80-000e-a-cause-de-la-metropole-de-lyon-2025-03-03.html\" target=\"_blank\" rel=\"noopener\"><strong>le boulevard Vivier Merle<\/strong><\/a>, en pleine reconstruction, afin d\u2019accueillir les autoroutes des voies lyonnaises 2 et 11. Sur place, si les automobilistes doivent pleurer en silence la suppression de deux voies de circulation, pas question pour la M\u00e9tropole de Lyon de d\u00e9ranger la bonne marche des amateurs de v\u00e9lo.<\/p>\n<p><strong>La s\u00e9curit\u00e9 des cyclistes avant celle des pi\u00e9tons<\/strong><\/p>\n<p>Ainsi, au niveau de l\u2019immeuble Allianz du 97 et 101 boulevard Vivier-Merle, lesdites voies lyonnaises ont beau \u00eatre stopp\u00e9es nettes par les chantiers, les \u00e9cologistes ont trouv\u00e9 bon de d\u00e9placer la piste cyclable \u00e0 l\u2019endroit m\u00eame de l\u2019arr\u00eat de bus Felix Faure \u2013 Vivier Merle. Pas question pour les Verts de voir les cyclistes emprunter une portion de route, au contact des voitures, aussi courtes soit-elle.<\/p>\n<p><img loading=\"lazy\" decoding=\"async\" class=\"alignnone size-full wp-image-163415\" src=\"data:image\/svg+xml,%3Csvg%20xmlns=\" http:=\"\" alt=\"\" width=\"900\" height=\"617\" data-lazy- data-lazy- data-lazy-src=\"https:\/\/www.europesays.com\/fr\/wp-content\/uploads\/2025\/07\/03-arre\u0302t-de-bus-Vivier-Merle-1.jpg\"\/><\/p>\n<p>D\u00e8s lors, au jeu des d\u00e9viations, ce sont les usagers TCL qui se retrouvent p\u00e9nalis\u00e9s et payent le prix de cette d\u00e9cision. L\u2019arr\u00eat en question est pourtant souvent occup\u00e9 par les utilisateurs de la C25. Il est donc surprenant de voir des cyclistes et des trottinettes rouler \u00e0 vive allure au milieu des usagers en attente.<\/p>\n<p>Preuve en est sur place, o\u00f9 nombreux furent les cavaliers du guidon \u00e0 nous avoir fr\u00f4l\u00e9s sans un regard. Mais la M\u00e9tropole n\u2019en a cure. Leurs partisans ne sont pas frein\u00e9s. La s\u00e9curit\u00e9 attendra.<\/p>\n","protected":false},"excerpt":{"rendered":"Boulevard Vivier-Merle, les cyclistes sur les pieds des usagers TCL &#8211; Photos \u00a9 Lyon People Texte\u00a0: Morgan Couturier&hellip;\n","protected":false},"author":2,"featured_media":278855,"comment_status":"","ping_status":"","sticky":false,"template":"","format":"standard","meta":{"footnotes":""},"categories":[1889],"tags":[4257,1111,11,2430,41839,1777,674,1011,27,2428,12,25],"class_list":{"0":"post-278854","1":"post","2":"type-post","3":"status-publish","4":"format-standard","5":"has-post-thumbnail","7":"category-lyon","8":"tag-0top","9":"tag-actu","10":"tag-actualites","11":"tag-auvergne-rhone-alpes","12":"tag-chaos-cree-par-les-ecologistes","13":"tag-eu","14":"tag-europe","15":"tag-fr","16":"tag-france","17":"tag-lyon","18":"tag-news","19":"tag-republique-francaise"},"share_on_mastodon":{"url":"https:\/\/pubeurope.com\/@fr\/114929188453025392","error":""},"_links":{"self":[{"href":"https:\/\/www.europesays.com\/fr\/wp-json\/wp\/v2\/posts\/278854","targetHints":{"allow":["GET"]}}],"collection":[{"href":"https:\/\/www.europesays.com\/fr\/wp-json\/wp\/v2\/posts"}],"about":[{"href":"https:\/\/www.europesays.com\/fr\/wp-json\/wp\/v2\/types\/post"}],"author":[{"embeddable":true,"href":"https:\/\/www.europesays.com\/fr\/wp-json\/wp\/v2\/users\/2"}],"replies":[{"embeddable":true,"href":"https:\/\/www.europesays.com\/fr\/wp-json\/wp\/v2\/comments?post=278854"}],"version-history":[{"count":0,"href":"https:\/\/www.europesays.com\/fr\/wp-json\/wp\/v2\/posts\/278854\/revisions"}],"wp:featuredmedia":[{"embeddable":true,"href":"https:\/\/www.europesays.com\/fr\/wp-json\/wp\/v2\/media\/278855"}],"wp:attachment":[{"href":"https:\/\/www.europesays.com\/fr\/wp-json\/wp\/v2\/media?parent=278854"}],"wp:term":[{"taxonomy":"category","embeddable":true,"href":"https:\/\/www.europesays.com\/fr\/wp-json\/wp\/v2\/categories?post=278854"},{"taxonomy":"post_tag","embeddable":true,"href":"https:\/\/www.europesays.com\/fr\/wp-json\/wp\/v2\/tags?post=278854"}],"curies":[{"name":"wp","href":"https:\/\/api.w.org\/{rel}","templated":true}]}}