{"id":278856,"date":"2025-07-28T05:23:14","date_gmt":"2025-07-28T05:23:14","guid":{"rendered":"https:\/\/www.europesays.com\/fr\/278856\/"},"modified":"2025-07-28T05:23:14","modified_gmt":"2025-07-28T05:23:14","slug":"une-trentaine-de-postes-a-pourvoir","status":"publish","type":"post","link":"https:\/\/www.europesays.com\/fr\/278856\/","title":{"rendered":"une trentaine de postes \u00e0 pourvoir"},"content":{"rendered":"<p>La mairie de Colombier-Saugnieu bat le rappel : \u00ab De nombreux postes \u00e0 pourvoir sur le site de l\u2019a\u00e9roport\u2026 \u00bb, souligne-t-elle sur les r\u00e9seaux.<\/p>\n<p>Sur <a href=\"https:\/\/candidat.francetravail.fr\/offres\/recherche?motsCles=aeroemploi&amp;offresPartenaires=true&amp;rayon=10&amp;tri=0\" target=\"_blank\" rel=\"noopener\">la page France Travail<\/a> consacr\u00e9 \u00e0 l\u2019a\u00e9roport de Lyon Saint-Exup\u00e9ry, poumon \u00e9conomique de la commune, 29 emplois en CDI et CDD, int\u00e9rim aussi, majoritairement \u00e0 temps plein, sont propos\u00e9es.<\/p>\n<p>  \u00ab Adjoint d\u00e9clarant en douanes \u00bb, \u00ab pr\u00e9parateur de plateaux-repas \u00bb\u2026<\/p>\n<p>Dans la plupart des cas, il s\u2019agit de postes dans les boutiques Duty Free du site, comme vendeur ou \u00e9quipier polyvalent de restauration. Certains h\u00f4tels, comme l\u2019Ibis Budget et le Hampton by Hilton, cherchent \u00e9galement des employ\u00e9s. Plus sp\u00e9cifiques : en int\u00e9rim, des jobs \u00ab d\u2019adjoint d\u00e9clarant en douanes \u00bb et de \u00ab pr\u00e9parateur de plateaux-repas \u00bb pour les avions sont propos\u00e9s.<\/p>\n<p>Ses emplois sont ouverts aux candidatures alors que l\u2019a\u00e9roport esp\u00e8re continuer, cet \u00e9t\u00e9, \u00e0 se rapprocher de ses niveaux de fr\u00e9quentation d\u2019avant-Covid (11,9 millions de passagers enregistr\u00e9s en 2019, 10,4 millions en 2024, en hausse de 4,7 % par rapport \u00e0 2023).<\/p>\n<p>L\u2019a\u00e9roport lyonnais est en particulier port\u00e9 par les vols low cost, qui pesaient en 2024 pour 52 % du trafic.<\/p>\n","protected":false},"excerpt":{"rendered":"La mairie de Colombier-Saugnieu bat le rappel : \u00ab De nombreux postes \u00e0 pourvoir sur le site de&hellip;\n","protected":false},"author":2,"featured_media":278857,"comment_status":"","ping_status":"","sticky":false,"template":"","format":"standard","meta":{"footnotes":""},"categories":[1889],"tags":[1111,11,2430,23533,33,3152,341,1777,674,107,1011,27,2428,12,25,2429,23534,801,216],"class_list":{"0":"post-278856","1":"post","2":"type-post","3":"status-publish","4":"format-standard","5":"has-post-thumbnail","7":"category-lyon","8":"tag-actu","9":"tag-actualites","10":"tag-auvergne-rhone-alpes","11":"tag-colombier-saugnieu","12":"tag-economie","13":"tag-edition-est-lyonnais","14":"tag-emploi","15":"tag-eu","16":"tag-europe","17":"tag-fil-info","18":"tag-fr","19":"tag-france","20":"tag-lyon","21":"tag-news","22":"tag-republique-francaise","23":"tag-rhone","24":"tag-saint-laurent-de-mure-bassin","25":"tag-social","26":"tag-vie-des-entreprises"},"share_on_mastodon":{"url":"https:\/\/pubeurope.com\/@fr\/114929192341697589","error":""},"_links":{"self":[{"href":"https:\/\/www.europesays.com\/fr\/wp-json\/wp\/v2\/posts\/278856","targetHints":{"allow":["GET"]}}],"collection":[{"href":"https:\/\/www.europesays.com\/fr\/wp-json\/wp\/v2\/posts"}],"about":[{"href":"https:\/\/www.europesays.com\/fr\/wp-json\/wp\/v2\/types\/post"}],"author":[{"embeddable":true,"href":"https:\/\/www.europesays.com\/fr\/wp-json\/wp\/v2\/users\/2"}],"replies":[{"embeddable":true,"href":"https:\/\/www.europesays.com\/fr\/wp-json\/wp\/v2\/comments?post=278856"}],"version-history":[{"count":0,"href":"https:\/\/www.europesays.com\/fr\/wp-json\/wp\/v2\/posts\/278856\/revisions"}],"wp:featuredmedia":[{"embeddable":true,"href":"https:\/\/www.europesays.com\/fr\/wp-json\/wp\/v2\/media\/278857"}],"wp:attachment":[{"href":"https:\/\/www.europesays.com\/fr\/wp-json\/wp\/v2\/media?parent=278856"}],"wp:term":[{"taxonomy":"category","embeddable":true,"href":"https:\/\/www.europesays.com\/fr\/wp-json\/wp\/v2\/categories?post=278856"},{"taxonomy":"post_tag","embeddable":true,"href":"https:\/\/www.europesays.com\/fr\/wp-json\/wp\/v2\/tags?post=278856"}],"curies":[{"name":"wp","href":"https:\/\/api.w.org\/{rel}","templated":true}]}}