{"id":27886,"date":"2025-04-15T23:44:15","date_gmt":"2025-04-15T23:44:15","guid":{"rendered":"https:\/\/www.europesays.com\/fr\/27886\/"},"modified":"2025-04-15T23:44:15","modified_gmt":"2025-04-15T23:44:15","slug":"le-presque-redoutable-adversaire-de-gmail","status":"publish","type":"post","link":"https:\/\/www.europesays.com\/fr\/27886\/","title":{"rendered":"le presque redoutable adversaire de Gmail"},"content":{"rendered":"<p>Notion a d\u00e9j\u00e0 le vent en poupe pour sa plateforme collaborative d\u2019organisation, de notes et de documentation. Apr\u00e8s le calendrier, il s\u2019attaque au mail avec Notion Mail.<\/p>\n<p><a target=\"_blank\" href=\"https:\/\/images.frandroid.com\/wp-content\/uploads\/2025\/04\/notion-mail.jpg\" class=\"article-content__figure\" rel=\"noopener\"><img fetchpriority=\"high\" decoding=\"async\" loading=\"eager\" width=\"1200\" height=\"850\" src=\"https:\/\/www.europesays.com\/fr\/wp-content\/uploads\/2025\/04\/1744760652_211_notion-mail.jpg\" alt=\"\" class=\"wp-image-2583037 wp-image wp-image\"  \/><\/a><\/p>\n<p>C\u2019\u00e9tait la suite logique et attendue apr\u00e8s l\u2019arriv\u00e9e du Calendrier dans Notion, le sp\u00e9cialiste du logiciel collaboratif lance son client mail habillement appel\u00e9 Notion Mail.<\/p>\n<p>Disponible pour le moment sur le web et sous forme d\u2019une application macOS, l\u2019application sera aussi propos\u00e9e sur iPhone tr\u00e8s bient\u00f4t. On imagine qu\u2019\u00e0 terme une application Windows et Android arriveront, mais startup de San Francisco oblige, l\u2019\u00e9cosyst\u00e8me Apple a eu la priorit\u00e9.<\/p>\n<p>Une boite de r\u00e9ception repens\u00e9e<\/p>\n<p>            <img decoding=\"async\" width=\"1200\" height=\"446\" loading=\"lazy\" alt=\"pCloud Box\" title=\"pCloud Box\" class=\"is-radiusless placeholder-default wp-image\" src=\"https:\/\/www.europesays.com\/fr\/wp-content\/uploads\/2025\/04\/pcloud-box-2-1200x446.jpg\" \/>        <\/p>\n<p>\n                Des serveurs europ\u00e9ens, une offre valable \u00e0 vie            <\/p>\n<p class=\"has-text-weight-medium is-size-6 is-line-height-normal\">\n                D\u00e9couvrez les offres de pCloud : 2, 5 ou 10 To de stockage, situ\u00e9s dans des serveurs europ\u00e9en et sans abonnement, pour 5 personnes. Le gestionnaire de mots de passe est offert !            <\/p>\n<p>Notion Mail se pr\u00e9sente comme une fa\u00e7on r\u00e9imagin\u00e9e de g\u00e9rer vos mails. Un \u00ab auto labeler \u00bb permet d\u2019appliquer automatiquement des tags \u00e0 vos mails en fonction des sujets et les r\u00e9organiser dans de grandes cat\u00e9gories. <\/p>\n<p><a target=\"_blank\" href=\"https:\/\/images.frandroid.com\/wp-content\/uploads\/2025\/04\/notion-mail-hero.jpg\" class=\"article-content__figure\" rel=\"noopener\"><img loading=\"lazy\" decoding=\"async\" width=\"1200\" height=\"565\" src=\"https:\/\/www.europesays.com\/fr\/wp-content\/uploads\/2025\/04\/notion-mail-hero-1200x565.jpg\" alt=\"\" class=\"wp-image-2583077 wp-image\"  \/><\/a><\/p>\n<p>Notion Mail va s\u2019occuper automatiquement de vos mails \u00e0 partir de ces labels et les ranger dans une boite mail s\u00e9par\u00e9e. Par exemple, un label \u00ab voyage \u00bb peut s\u2019appliquer automatiquement \u00e0 tous vos mails concernant un voyage. De m\u00eame, le label \u00ab Social \u00bb regroupera les mails de Facebook et des autres plateformes sociales.<\/p>\n<p>Comme sur Notion, il est possible d\u2019utiliser : \u00ab \/ \u00bb pour appeler des commandes pratiques pendant la r\u00e9daction de vos mails. Par exemple, vous pourrez appeler votre calendrier pour proposer un rendez-vous sur un temps libre dans l\u2019agenda en quelques clics.<\/p>\n<p>Pas vraiment un concurrent pour Gmail<\/p>\n<p>Pour le moment, Notion Mail n\u2019est pas vraiment un concurrent \u00e0 Gmail. En effet, pour fonctionner, Notion Mail se connecte \u00e0 votre bo\u00eete Gmail. Il s\u2019agit vraiment d\u2019un client, ou d\u2019une interface pour Gmail.<\/p>\n<p>Une strat\u00e9gie plut\u00f4t intelligente pour Notion qui s\u2019assure d\u2019aller chercher les clients o\u00f9 ils sont, sans qu\u2019ils risquent de perdre leur adresse email, leurs contacts et leurs archives. Esp\u00e9rons que la plateforme s\u2019ouvrira \u00e0 d\u2019autres types de comptes, notamment Microsoft 365. Si elle veut s\u00e9duire un maximum d\u2019entreprise, ce sera obligatoire.<\/p>\n","protected":false},"excerpt":{"rendered":"Notion a d\u00e9j\u00e0 le vent en poupe pour sa plateforme collaborative d\u2019organisation, de notes et de documentation. Apr\u00e8s&hellip;\n","protected":false},"author":2,"featured_media":27887,"comment_status":"","ping_status":"","sticky":false,"template":"","format":"standard","meta":{"footnotes":""},"categories":[7],"tags":[270,1011,27,9558,43,40,41,39,42,44],"class_list":{"0":"post-27886","1":"post","2":"type-post","3":"status-publish","4":"format-standard","5":"has-post-thumbnail","7":"category-sciences-et-technologies","8":"tag-breaking","9":"tag-fr","10":"tag-france","11":"tag-notion","12":"tag-science","13":"tag-science-and-technology","14":"tag-sciences","15":"tag-sciences-et-technologies","16":"tag-technologies","17":"tag-technology"},"share_on_mastodon":{"url":"https:\/\/pubeurope.com\/@fr\/114344641485786199","error":""},"_links":{"self":[{"href":"https:\/\/www.europesays.com\/fr\/wp-json\/wp\/v2\/posts\/27886","targetHints":{"allow":["GET"]}}],"collection":[{"href":"https:\/\/www.europesays.com\/fr\/wp-json\/wp\/v2\/posts"}],"about":[{"href":"https:\/\/www.europesays.com\/fr\/wp-json\/wp\/v2\/types\/post"}],"author":[{"embeddable":true,"href":"https:\/\/www.europesays.com\/fr\/wp-json\/wp\/v2\/users\/2"}],"replies":[{"embeddable":true,"href":"https:\/\/www.europesays.com\/fr\/wp-json\/wp\/v2\/comments?post=27886"}],"version-history":[{"count":0,"href":"https:\/\/www.europesays.com\/fr\/wp-json\/wp\/v2\/posts\/27886\/revisions"}],"wp:featuredmedia":[{"embeddable":true,"href":"https:\/\/www.europesays.com\/fr\/wp-json\/wp\/v2\/media\/27887"}],"wp:attachment":[{"href":"https:\/\/www.europesays.com\/fr\/wp-json\/wp\/v2\/media?parent=27886"}],"wp:term":[{"taxonomy":"category","embeddable":true,"href":"https:\/\/www.europesays.com\/fr\/wp-json\/wp\/v2\/categories?post=27886"},{"taxonomy":"post_tag","embeddable":true,"href":"https:\/\/www.europesays.com\/fr\/wp-json\/wp\/v2\/tags?post=27886"}],"curies":[{"name":"wp","href":"https:\/\/api.w.org\/{rel}","templated":true}]}}