{"id":278860,"date":"2025-07-28T05:26:11","date_gmt":"2025-07-28T05:26:11","guid":{"rendered":"https:\/\/www.europesays.com\/fr\/278860\/"},"modified":"2025-07-28T05:26:11","modified_gmt":"2025-07-28T05:26:11","slug":"aux-batignolles-a-paris-lia-facilite-la-vie-des-habitants","status":"publish","type":"post","link":"https:\/\/www.europesays.com\/fr\/278860\/","title":{"rendered":"aux Batignolles \u00e0 Paris, l&rsquo;IA facilite la vie des habitants"},"content":{"rendered":"<p>            Par<br \/>\n        <strong><br \/>\n            <a href=\"https:\/\/actu.fr\/auteur\/ines-cussac-actu-fr\" title=\"Consulter tous les articles de In\u00e8s Cussac\" target=\"_blank\" rel=\"noopener\">In\u00e8s Cussac<\/a><br \/>\n        <\/strong><\/p>\n<p>        Publi\u00e9 le<\/p>\n<p>            28 juil. 2025 \u00e0 6h28        <\/p>\n<p>Pour innover, il faut collecter. Apr\u00e8s avoir quadrill\u00e9 <a href=\"https:\/\/actu.fr\/ile-de-france\/paris_75056\/restaurant-a-paris-avec-rooster-ce-chef-fait-du-quartier-des-batignolles-le-17e-arrondissement-de-marseille_62773493.html\" target=\"_blank\" rel=\"noopener\">le quartier des Batignolles<\/a> avec 160 capteurs dans 26 rues, la mairie du 17e arrondissement lance officiellement son programme <strong>OpenBatignolles<\/strong>. Elle veut ainsi r\u00e9cup\u00e9rer moult donn\u00e9es locales afin d\u2019adapter ses services et am\u00e9liorer la qualit\u00e9 de vie de ses administr\u00e9s. Flux de pi\u00e9tons et de voitures, supervision du stationnement, <a href=\"https:\/\/actu.fr\/ile-de-france\/paris_75056\/contre-la-pollution-sonore-paris-experimente-son-premier-radar-anti-bruit_48693900.html\" target=\"_blank\" rel=\"noopener\">mesure du niveau sonore<\/a>\u2026 Tout est pass\u00e9 au crible. \u00ab\u2009On a le quartier le plus connect\u00e9 au monde avec le r\u00e9seau de capteurs le plus dense\u2009\u00bb, se f\u00e9licite le maire du 17e, <a href=\"https:\/\/actu.fr\/ile-de-france\/paris_75056\/resultats-des-municipales-a-paris-geoffroy-boulard-reelu-maire-du-17eme-arrondissement_34536016.html\" target=\"_blank\" rel=\"noopener\">Geoffroy Boulard<\/a> (LR), projetant de voir \u00e9merger \u00ab\u2009un laboratoire d\u2019initiatives\u2009\u00bb.<\/p>\n<p class=\" wall-content\">Un appel \u00e0 manifestation d\u2019int\u00e9r\u00eat a \u00e9t\u00e9 lanc\u00e9 lundi 21\u00a0juillet 2025.<\/p>\n<p>Sept mois pour travailler<\/p>\n<p class=\" wall-content\">Startups, grandes entreprises, associations, \u00e9coles, et autres acteurs sont invit\u00e9s \u00e0 contacter la mairie pour recueillir les donn\u00e9es du quartier et commencer \u00e0 plancher. Emprises des zones de stationnement, comptage des v\u00e9hicules et des pi\u00e9tons et mesure du niveau sonore ainsi que de la gradation lumineuse sont <strong>les cinq grandes familles de donn\u00e9es<\/strong> que captent les appareils et avec lesquelles les acteurs peuvent travailler. Ils ont jusqu\u2019\u00e0 f\u00e9vrier\u00a02026 pour tenter de cr\u00e9er de nouveaux services.<\/p>\n<p class=\" wall-content\">\u00ab\u2009Cet appel a \u00e9t\u00e9 lanc\u00e9 pour permettre \u00e0 tous de penser de nouveaux usages\u2009\u00bb, indique l\u2019\u00e9lu \u00e0 la double casquette de maire du 17e et de vice-pr\u00e9sident de la M\u00e9tropole du Grand Paris, d\u00e9l\u00e9gu\u00e9 \u00e0 la communication et l\u2019innovation num\u00e9rique. \u00ab\u2009Je suis assez port\u00e9 sur ces sujets d\u2019innovation et de technologie. C\u2019est quelque chose qui m\u2019importe\u2009\u00bb, explique l\u2019int\u00e9ress\u00e9 qui \u00e9labore ce programme d\u2019OpenBatignolles depuis 2021 aux c\u00f4t\u00e9s de <a href=\"https:\/\/actu.fr\/ile-de-france\/paris_75056\/des-data-centers-dans-les-anciens-bunkers-de-paris-pourquoi-cette-proposition-fait-polemique-2_62510054.html\" target=\"_blank\" rel=\"noopener\">Paul Hatte<\/a>, charg\u00e9 du projet et aussi conseiller de Paris en charge de la communication, du num\u00e9rique et de la participation citoyenne.<\/p>\n<p>Collecter et prot\u00e9ger<\/p>\n<p class=\" wall-content\">Pour l\u2019instant, les premi\u00e8res utilisations des donn\u00e9es ont permis d\u2019am\u00e9liorer l\u2019application PayByPhone par exemple. Cet outil largement utilis\u00e9 pour payer le stationnement \u00e0 Paris a inclus une nouvelle fonctionnalit\u00e9 permettant aux usagers de savoir o\u00f9 sont les places disponibles dans le quartier et de les r\u00e9server en temps r\u00e9el. \u00ab\u2009Cela permet de trouver des places pour les livraisons plus facilement et d\u2019\u00e9viter de polluer en tournant dans le quartier \u00e0 la recherche d\u2019une place\u2009\u00bb, illustre Geoffroy Boulard. La r\u00e9duction de l\u2019\u00e9nergie est \u00e9galement pr\u00f4n\u00e9e avec ce programme comme avec la <strong>r\u00e9gulation de la luminosit\u00e9<\/strong> des lampadaires \u00e0 chaque passage de pi\u00e9ton.<\/p>\n<p class=\" wall-content\">\n<p class=\" wall-content\">L\u2019ensemble des donn\u00e9es sont cr\u00e9\u00e9es par des capteurs Upciti, soci\u00e9t\u00e9 fran\u00e7aise bas\u00e9e \u00e0 Montreuil. \u00ab\u2009Ils permettent de collecter tout en <strong>prot\u00e9geant la vie priv\u00e9e<\/strong> avec la norme DTPR\u2009\u00bb, souligne le maire. La r\u00e9solution des images est d\u00e9grad\u00e9e, les donn\u00e9es sont anonymes, aucun suivi de v\u00e9hicule ou de personne n\u2019est possible ou encore aucune donn\u00e9e biom\u00e9trique n\u2019est utilis\u00e9e.<\/p>\n<p class=\" wall-content\">Pr\u00e9sentement, le programme est exp\u00e9rimental et se borne aux fronti\u00e8res des Batignolles <strong>pour cinq ans<\/strong>. \u00ab\u2009\u00c7a peut donner des id\u00e9es \u00e0 Paris plus largement. Il faudra voir ce qu\u2019il en ressort avec les habitants et \u00e9valuer les bienfaits\u2009\u00bb, indique Geoffroy Boulard qui convie d\u00e9j\u00e0 les riverains pour la restitution de projets retenus en f\u00e9vrier.<\/p>\n<p class=\" wall-content\">Suivez toute l\u2019actualit\u00e9 de vos villes et m\u00e9dias favoris en vous inscrivant \u00e0 <a href=\"https:\/\/moncompte.actu.fr\" title=\"D\u00e9couvez Mon Actu\" rel=\"nofollow noopener\" data-trk=\"{&quot;cta&quot;:{&quot;action&quot;:&quot;https:\\\/\\\/moncompte.actu.fr&quot;,&quot;category&quot;:&quot;mon compte&quot;,&quot;from&quot;:&quot;article footer&quot;,&quot;name&quot;:&quot;Mon actu&quot;,&quot;type&quot;:&quot;cta&quot;}}\" target=\"_blank\">Mon Actu<\/a>.<\/p>\n","protected":false},"excerpt":{"rendered":"Par In\u00e8s Cussac Publi\u00e9 le 28 juil. 2025 \u00e0 6h28 Pour innover, il faut collecter. Apr\u00e8s avoir quadrill\u00e9&hellip;\n","protected":false},"author":2,"featured_media":278861,"comment_status":"","ping_status":"","sticky":false,"template":"","format":"standard","meta":{"footnotes":""},"categories":[1888],"tags":[1111,1928,11,1927,31393,1777,674,1011,27,5701,223,12,1926,626,1925,25,104],"class_list":{"0":"post-278860","1":"post","2":"type-post","3":"status-publish","4":"format-standard","5":"has-post-thumbnail","7":"category-paris","8":"tag-actu","9":"tag-actu-paris","10":"tag-actualites","11":"tag-actualites-paris","12":"tag-batignolles","13":"tag-eu","14":"tag-europe","15":"tag-fr","16":"tag-france","17":"tag-innovation","18":"tag-intelligence-artificielle","19":"tag-news","20":"tag-news-paris","21":"tag-paris","22":"tag-paris-news","23":"tag-republique-francaise","24":"tag-societe"},"share_on_mastodon":{"url":"https:\/\/pubeurope.com\/@fr\/114929204146027736","error":""},"_links":{"self":[{"href":"https:\/\/www.europesays.com\/fr\/wp-json\/wp\/v2\/posts\/278860","targetHints":{"allow":["GET"]}}],"collection":[{"href":"https:\/\/www.europesays.com\/fr\/wp-json\/wp\/v2\/posts"}],"about":[{"href":"https:\/\/www.europesays.com\/fr\/wp-json\/wp\/v2\/types\/post"}],"author":[{"embeddable":true,"href":"https:\/\/www.europesays.com\/fr\/wp-json\/wp\/v2\/users\/2"}],"replies":[{"embeddable":true,"href":"https:\/\/www.europesays.com\/fr\/wp-json\/wp\/v2\/comments?post=278860"}],"version-history":[{"count":0,"href":"https:\/\/www.europesays.com\/fr\/wp-json\/wp\/v2\/posts\/278860\/revisions"}],"wp:featuredmedia":[{"embeddable":true,"href":"https:\/\/www.europesays.com\/fr\/wp-json\/wp\/v2\/media\/278861"}],"wp:attachment":[{"href":"https:\/\/www.europesays.com\/fr\/wp-json\/wp\/v2\/media?parent=278860"}],"wp:term":[{"taxonomy":"category","embeddable":true,"href":"https:\/\/www.europesays.com\/fr\/wp-json\/wp\/v2\/categories?post=278860"},{"taxonomy":"post_tag","embeddable":true,"href":"https:\/\/www.europesays.com\/fr\/wp-json\/wp\/v2\/tags?post=278860"}],"curies":[{"name":"wp","href":"https:\/\/api.w.org\/{rel}","templated":true}]}}