{"id":278862,"date":"2025-07-28T05:28:04","date_gmt":"2025-07-28T05:28:04","guid":{"rendered":"https:\/\/www.europesays.com\/fr\/278862\/"},"modified":"2025-07-28T05:28:04","modified_gmt":"2025-07-28T05:28:04","slug":"robertet-vallourec-maisons-du-monde-les-valeurs-a-suivre-lundi-a-paris-25-07-2025-a-1830","status":"publish","type":"post","link":"https:\/\/www.europesays.com\/fr\/278862\/","title":{"rendered":"Robertet, Vallourec, Maisons du monde&#8230; les valeurs \u00e0 suivre lundi \u00e0 Paris &#8211; 25\/07\/2025 \u00e0 18:30"},"content":{"rendered":"<p>\n (AOF) &#8211;<br \/>\n <strong><br \/>\n  Bigben Interactive<br \/>\n <\/strong>\n<\/p>\n<p>\n Le sp\u00e9cialiste de l&rsquo;\u00e9dition de jeux vid\u00e9o, de la conception et de la distribution d&rsquo;accessoires mobiles et gaming livrera son chiffre d&rsquo;affaires du premier trimestre.\n<\/p>\n<p>\n <strong><br \/>\n  Delfingen<br \/>\n <\/strong>\n<\/p>\n<p>\n Le sp\u00e9cialiste des solutions de protection des c\u00e2blages en environnement tr\u00e8s contraignant publiera son chiffre d&rsquo;affaires du premier trimestre.\n<\/p>\n<p>\n <strong><br \/>\n  Ekinops<br \/>\n <\/strong>\n<\/p>\n<p>\n Le sp\u00e9cialiste des solutions de t\u00e9l\u00e9communications communiquera ses r\u00e9sultats du premier semestre.\n<\/p>\n<p>\n <strong><br \/>\n  <a href=\"https:\/\/www.boursorama.com\/cours\/1rPEL\/\" rel=\"nofollow noopener\" target=\"_blank\"><br \/>\n   EssilorLuxottica<br \/>\n  <\/a><br \/>\n <\/strong>\n<\/p>\n<p>\n Le g\u00e9ant de l&rsquo;optique annoncera ses r\u00e9sultats du premier semestre.\n<\/p>\n<p>\n <strong><br \/>\n  <a href=\"https:\/\/www.boursorama.com\/cours\/1rPFRVIA\/\" rel=\"nofollow noopener\" target=\"_blank\"><br \/>\n   Forvia<br \/>\n  <\/a><br \/>\n <\/strong>\n<\/p>\n<p>\n L&rsquo;\u00e9quipementier automobile d\u00e9voilera ses r\u00e9sultats du premier semestre.\n<\/p>\n<p>\n <strong><br \/>\n  Lumibird<br \/>\n <\/strong>\n<\/p>\n<p>\n Le sp\u00e9cialiste mondial du laser pr\u00e9sentera son chiffre d&rsquo;affaires du premier semestre.\n<\/p>\n<p>\n <strong><br \/>\n  Maisons du monde<br \/>\n <\/strong>\n<\/p>\n<p>\n Apr\u00e8s un repli de 9,9 % au premier trimestre, les ventes du groupe Maisons du monde se sont affaiss\u00e9es de 7,5 %, \u00e0 223,2 millions d&rsquo;euros, sur la p\u00e9riode d&rsquo;avril \u00e0 juin. Au total, sur le semestre, les ventes se sont \u00e9lev\u00e9es \u00e0 444,6 millions d&rsquo;euros, soit une baisse de 8,7 %. Le groupe pr\u00e9cise que le contexte est difficile pour le secteur de l&rsquo;ameublement et de la d\u00e9coration, le tout accentu\u00e9 par des facteurs macro-\u00e9conomiques d\u00e9favorables et un march\u00e9 tr\u00e8s concurrentiel. Parall\u00e8lement, la marge brute a diminu\u00e9 de 0,4 point pour s&rsquo;installer 64,3 % du chiffre d&rsquo;affaires.\n<\/p>\n<p>\n <strong><br \/>\n  <a href=\"https:\/\/www.boursorama.com\/cours\/1rPRXL\/\" rel=\"nofollow noopener\" target=\"_blank\"><br \/>\n   Rexel<br \/>\n  <\/a><br \/>\n <\/strong>\n<\/p>\n<p>\n Le sp\u00e9cialiste de la distribution professionnelle de produits et services pour le monde de l&rsquo;\u00e9nergie indiquera ses r\u00e9sultats du premier semestre.\n<\/p>\n<p>\n <strong><br \/>\n  <a href=\"https:\/\/www.boursorama.com\/cours\/1rPRBT\/\" rel=\"nofollow noopener\" target=\"_blank\"><br \/>\n   Robertet<br \/>\n  <\/a><br \/>\n <\/strong>\n<\/p>\n<p>\n Robertet a publi\u00e9 un chiffre d&rsquo;affaires pour le premier semestre 2025, de 446,3 millions d&rsquo;euros, en hausse de 7,7%, dont une progression de 7,1% \u00e0 p\u00e9rim\u00e8tre constant. \u00c0 taux de change et p\u00e9rim\u00e8tre comparable, la croissance organique du sp\u00e9cialiste des mati\u00e8res premi\u00e8res naturelles pour les parfums et les ar\u00f4mes a atteint 9,2%. Le croissance s&rsquo;est acc\u00e9l\u00e9r\u00e9e au deuxi\u00e8me trimestre, avec un chiffre d&rsquo;affaires en hausse de 10%, apr\u00e8s une progression de 5,5% au premier trimestre.\n<\/p>\n<p>\n <strong><br \/>\n  <a href=\"https:\/\/www.boursorama.com\/cours\/1rPVK\/\" rel=\"nofollow noopener\" target=\"_blank\"><br \/>\n   Vallourec<br \/>\n  <\/a><br \/>\n <\/strong>\n<\/p>\n<p>\n Vallourec a finalis\u00e9 le 24 juillet la cession de Serimax, sa filiale sp\u00e9cialis\u00e9e dans les solutions de soudage orbital manuel et m\u00e9canis\u00e9, sur la base d&rsquo;une valeur d&rsquo;entreprise de 79 millions d&rsquo;euros. Cette transaction participe des initiatives du New Vallourec pour rationaliser son capital investi et recentrer le groupe sur son c\u0153ur de m\u00e9tier : les solutions tubulaires sans soudure haut de gamme. Dans le cadre du plan New Vallourec, Serimax a connu une transformation rapide et op\u00e8re d\u00e9sormais de mani\u00e8re rentable en tant qu&rsquo;entreprise ind\u00e9pendante.<\/p>\n","protected":false},"excerpt":{"rendered":"(AOF) &#8211; Bigben Interactive Le sp\u00e9cialiste de l&rsquo;\u00e9dition de jeux vid\u00e9o, de la conception et de la distribution&hellip;\n","protected":false},"author":2,"featured_media":7013,"comment_status":"","ping_status":"","sticky":false,"template":"","format":"standard","meta":{"footnotes":""},"categories":[1888],"tags":[400,1111,1928,11,1927,398,408,405,1777,674,1011,27,403,402,399,404,12,1926,626,1925,25,401,406,407],"class_list":{"0":"post-278862","1":"post","2":"type-post","3":"status-publish","4":"format-standard","5":"has-post-thumbnail","7":"category-paris","8":"tag-action-cac-40","9":"tag-actu","10":"tag-actu-paris","11":"tag-actualites","12":"tag-actualites-paris","13":"tag-bourse-de-paris","14":"tag-boursorama","15":"tag-cotations","16":"tag-eu","17":"tag-europe","18":"tag-fr","19":"tag-france","20":"tag-indices-devises","21":"tag-investir","22":"tag-investissement","23":"tag-marche-boursier","24":"tag-news","25":"tag-news-paris","26":"tag-paris","27":"tag-paris-news","28":"tag-republique-francaise","29":"tag-sicav","30":"tag-trackers","31":"tag-warrants"},"share_on_mastodon":{"url":"https:\/\/pubeurope.com\/@fr\/114929212089972812","error":""},"_links":{"self":[{"href":"https:\/\/www.europesays.com\/fr\/wp-json\/wp\/v2\/posts\/278862","targetHints":{"allow":["GET"]}}],"collection":[{"href":"https:\/\/www.europesays.com\/fr\/wp-json\/wp\/v2\/posts"}],"about":[{"href":"https:\/\/www.europesays.com\/fr\/wp-json\/wp\/v2\/types\/post"}],"author":[{"embeddable":true,"href":"https:\/\/www.europesays.com\/fr\/wp-json\/wp\/v2\/users\/2"}],"replies":[{"embeddable":true,"href":"https:\/\/www.europesays.com\/fr\/wp-json\/wp\/v2\/comments?post=278862"}],"version-history":[{"count":0,"href":"https:\/\/www.europesays.com\/fr\/wp-json\/wp\/v2\/posts\/278862\/revisions"}],"wp:featuredmedia":[{"embeddable":true,"href":"https:\/\/www.europesays.com\/fr\/wp-json\/wp\/v2\/media\/7013"}],"wp:attachment":[{"href":"https:\/\/www.europesays.com\/fr\/wp-json\/wp\/v2\/media?parent=278862"}],"wp:term":[{"taxonomy":"category","embeddable":true,"href":"https:\/\/www.europesays.com\/fr\/wp-json\/wp\/v2\/categories?post=278862"},{"taxonomy":"post_tag","embeddable":true,"href":"https:\/\/www.europesays.com\/fr\/wp-json\/wp\/v2\/tags?post=278862"}],"curies":[{"name":"wp","href":"https:\/\/api.w.org\/{rel}","templated":true}]}}