{"id":278865,"date":"2025-07-28T05:30:10","date_gmt":"2025-07-28T05:30:10","guid":{"rendered":"https:\/\/www.europesays.com\/fr\/278865\/"},"modified":"2025-07-28T05:30:10","modified_gmt":"2025-07-28T05:30:10","slug":"georgin-cette-usine-discrete-au-coeur-de-paris-mais-tres-courtisee","status":"publish","type":"post","link":"https:\/\/www.europesays.com\/fr\/278865\/","title":{"rendered":"Georgin, cette usine discr\u00e8te au c\u0153ur de Paris mais tr\u00e8s courtis\u00e9e"},"content":{"rendered":"<p>Quel peut \u00eatre le point commun entre des centrales nucl\u00e9aires chinoises, des sous-marins militaires hexagonaux, des avions du groupe Dassault ou encore des citernes de k\u00e9ros\u00e8ne du groupe ADP\u00a0? Ils ont tous un petit bout de Paris en eux. Pour comprendre, il suffit de se rendre au bout de la ligne\u00a013 du m\u00e9tro francilien. En plein c\u0153ur de Ch\u00e2tillon, entour\u00e9 de pavillons, d&rsquo;arbres verdoyants et \u00e0 quelques encablures d&rsquo;un groupe scolaire, un industriel \u00f4 combien strat\u00e9gique a pris ses quartiers depuis les ann\u00e9es 1950. \u00ab\u00a0Moins on parle de nous, mieux on se porte. Cela signifie que tout va bien \u00bb, ironise avec un brin de s\u00e9rieux Marc-Aur\u00e8le Andrieux, qui m\u00e8ne la visite sous un radieux soleil d&rsquo;\u00e9t\u00e9.<\/p>\n<p>L&rsquo;entrepreneur de 47\u00a0ans est \u00e0 la t\u00eate de la PME industrielle Georgin, sp\u00e9cialiste de la conception et de la fabrication d&rsquo;instruments de mesure, d&rsquo;un tas de param\u00e8tres, en environnement hostile et dangereux, voire explosif au sens propre du terme. Il est ainsi question de radiation, pression, submersion, forte chaleur, niveau de mati\u00e8res dangereuses et inflammables,\u00a0etc.<\/p>\n","protected":false},"excerpt":{"rendered":"Quel peut \u00eatre le point commun entre des centrales nucl\u00e9aires chinoises, des sous-marins militaires hexagonaux, des avions du&hellip;\n","protected":false},"author":2,"featured_media":278866,"comment_status":"","ping_status":"","sticky":false,"template":"","format":"standard","meta":{"footnotes":""},"categories":[1888],"tags":[17,11,3477,6521,41841,645,1777,674,1011,27,41840,4564,12,626,25,2103],"class_list":{"0":"post-278865","1":"post","2":"type-post","3":"status-publish","4":"format-standard","5":"has-post-thumbnail","7":"category-paris","8":"tag-17","9":"tag-actualites","10":"tag-cette","11":"tag-coeur","12":"tag-discrete","13":"tag-entreprises-finance","14":"tag-eu","15":"tag-europe","16":"tag-fr","17":"tag-france","18":"tag-georgin","19":"tag-mais","20":"tag-news","21":"tag-paris","22":"tag-republique-francaise","23":"tag-usine"},"share_on_mastodon":{"url":"https:\/\/pubeurope.com\/@fr\/114929219916273844","error":""},"_links":{"self":[{"href":"https:\/\/www.europesays.com\/fr\/wp-json\/wp\/v2\/posts\/278865","targetHints":{"allow":["GET"]}}],"collection":[{"href":"https:\/\/www.europesays.com\/fr\/wp-json\/wp\/v2\/posts"}],"about":[{"href":"https:\/\/www.europesays.com\/fr\/wp-json\/wp\/v2\/types\/post"}],"author":[{"embeddable":true,"href":"https:\/\/www.europesays.com\/fr\/wp-json\/wp\/v2\/users\/2"}],"replies":[{"embeddable":true,"href":"https:\/\/www.europesays.com\/fr\/wp-json\/wp\/v2\/comments?post=278865"}],"version-history":[{"count":0,"href":"https:\/\/www.europesays.com\/fr\/wp-json\/wp\/v2\/posts\/278865\/revisions"}],"wp:featuredmedia":[{"embeddable":true,"href":"https:\/\/www.europesays.com\/fr\/wp-json\/wp\/v2\/media\/278866"}],"wp:attachment":[{"href":"https:\/\/www.europesays.com\/fr\/wp-json\/wp\/v2\/media?parent=278865"}],"wp:term":[{"taxonomy":"category","embeddable":true,"href":"https:\/\/www.europesays.com\/fr\/wp-json\/wp\/v2\/categories?post=278865"},{"taxonomy":"post_tag","embeddable":true,"href":"https:\/\/www.europesays.com\/fr\/wp-json\/wp\/v2\/tags?post=278865"}],"curies":[{"name":"wp","href":"https:\/\/api.w.org\/{rel}","templated":true}]}}