{"id":278867,"date":"2025-07-28T05:31:11","date_gmt":"2025-07-28T05:31:11","guid":{"rendered":"https:\/\/www.europesays.com\/fr\/278867\/"},"modified":"2025-07-28T05:31:11","modified_gmt":"2025-07-28T05:31:11","slug":"guerre-en-ukraine-des-avions-polonais-en-action-apres-les-dernieres-attaques-russes-contre-lukraine","status":"publish","type":"post","link":"https:\/\/www.europesays.com\/fr\/278867\/","title":{"rendered":"Guerre en Ukraine : des avions polonais en action apr\u00e8s les derni\u00e8res attaques russes contre l&rsquo;Ukraine"},"content":{"rendered":"<p class=\"ap-StoryElement ap-StoryElement--mb ap-StoryText\">Ces op\u00e9rations sont de nature pr\u00e9ventive et visent \u00e0 s\u00e9curiser l&rsquo;espace a\u00e9rien et \u00e0 prot\u00e9ger les civils, en particulier dans les zones limitrophes des r\u00e9gions ukrainiennes attaqu\u00e9es, selon l&rsquo;arm\u00e9e polonaise.<\/p>\n<p class=\"ap-StoryElement ap-StoryElement--mb ap-StoryText\">Dimanche soir, la Russie a \u00e9galement lanc\u00e9 des drones sur une grande partie de l&rsquo;Ukraine. L&rsquo;alerte a\u00e9rienne a \u00e9t\u00e9 d\u00e9clench\u00e9e dans l&rsquo;est et dans la r\u00e9gion de Kiev. Le maire de la capitale, Vitali Klitschko, a notamment appel\u00e9 les citoyens \u00e0 rester dans les abris.<\/p>\n","protected":false},"excerpt":{"rendered":"Ces op\u00e9rations sont de nature pr\u00e9ventive et visent \u00e0 s\u00e9curiser l&rsquo;espace a\u00e9rien et \u00e0 prot\u00e9ger les civils, en&hellip;\n","protected":false},"author":2,"featured_media":278868,"comment_status":"","ping_status":"","sticky":false,"template":"","format":"standard","meta":{"footnotes":""},"categories":[1591],"tags":[11,554,1887,1146,12,1885,1886,132],"class_list":{"0":"post-278867","1":"post","2":"type-post","3":"status-publish","4":"format-standard","5":"has-post-thumbnail","7":"category-russie","8":"tag-actualites","9":"tag-defense","10":"tag-federation-de-russie","11":"tag-guerre","12":"tag-news","13":"tag-russia","14":"tag-russian-federation","15":"tag-russie"},"share_on_mastodon":{"url":"https:\/\/pubeurope.com\/@fr\/114929223853940694","error":""},"_links":{"self":[{"href":"https:\/\/www.europesays.com\/fr\/wp-json\/wp\/v2\/posts\/278867","targetHints":{"allow":["GET"]}}],"collection":[{"href":"https:\/\/www.europesays.com\/fr\/wp-json\/wp\/v2\/posts"}],"about":[{"href":"https:\/\/www.europesays.com\/fr\/wp-json\/wp\/v2\/types\/post"}],"author":[{"embeddable":true,"href":"https:\/\/www.europesays.com\/fr\/wp-json\/wp\/v2\/users\/2"}],"replies":[{"embeddable":true,"href":"https:\/\/www.europesays.com\/fr\/wp-json\/wp\/v2\/comments?post=278867"}],"version-history":[{"count":0,"href":"https:\/\/www.europesays.com\/fr\/wp-json\/wp\/v2\/posts\/278867\/revisions"}],"wp:featuredmedia":[{"embeddable":true,"href":"https:\/\/www.europesays.com\/fr\/wp-json\/wp\/v2\/media\/278868"}],"wp:attachment":[{"href":"https:\/\/www.europesays.com\/fr\/wp-json\/wp\/v2\/media?parent=278867"}],"wp:term":[{"taxonomy":"category","embeddable":true,"href":"https:\/\/www.europesays.com\/fr\/wp-json\/wp\/v2\/categories?post=278867"},{"taxonomy":"post_tag","embeddable":true,"href":"https:\/\/www.europesays.com\/fr\/wp-json\/wp\/v2\/tags?post=278867"}],"curies":[{"name":"wp","href":"https:\/\/api.w.org\/{rel}","templated":true}]}}