{"id":278871,"date":"2025-07-28T05:33:13","date_gmt":"2025-07-28T05:33:13","guid":{"rendered":"https:\/\/www.europesays.com\/fr\/278871\/"},"modified":"2025-07-28T05:33:13","modified_gmt":"2025-07-28T05:33:13","slug":"les-usa-et-lue-trouvent-un-accord-de-derniere-minute","status":"publish","type":"post","link":"https:\/\/www.europesays.com\/fr\/278871\/","title":{"rendered":"les USA et l&rsquo;UE trouvent un accord de derni\u00e8re minute\u00a0!"},"content":{"rendered":"<p>                    <b>Apr\u00e8s des mois de tensions croissantes, un accord commercial a finalement \u00e9t\u00e9 trouv\u00e9 entre les \u00c9tats-Unis et l\u2019Union europ\u00e9enne. Ce dimanche 27 juillet, Donald Trump et Ursula von der Leyen se sont en effet retrouv\u00e9s \u00e0 Turnberry, en \u00c9cosse, pour un ultime round de n\u00e9gociations. Et enfin une bonne nouvelle, puisqu&rsquo;ils ont trouv\u00e9 un compromis de derni\u00e8re minute qui permet d\u2019\u00e9viter une guerre commerciale ouverte.<\/b><\/p>\n<p>                                                                                                                                                        <img decoding=\"async\" src=\"https:\/\/www.europesays.com\/fr\/wp-content\/uploads\/2025\/07\/ee24fea942_usa-ue-donald-trump-douane.webp.webp\" alt=\"USA UE Donald Trump Douanes Importations\" width=\"1200\" height=\"686\" loading=\"lazy\"\/>        <\/p>\n<p>Un compromis sous haute tension<\/p>\n<p>Le pr\u00e9sident am\u00e9ricain, engag\u00e9 dans une vaste campagne de rel\u00e8vement des droits de douane pour prot\u00e9ger l\u2019industrie nationale, avait fix\u00e9 <b>un ultimatum au 1er ao\u00fbt <\/b>(ce vendredi donc&#8230;). Pass\u00e9 cette date, il mena\u00e7ait d\u2019<b>imposer des droits de douane de 30 %<\/b> sur l\u2019ensemble des produits europ\u00e9ens entrant aux \u00c9tats-Unis (contre 10% jusqu&rsquo;\u00e0 pr\u00e9sent). Face \u00e0 cette pression, c&rsquo;est finalement <b>un accord pr\u00e9voyant des droits de douane plafonn\u00e9s \u00e0 15 % qui a \u00e9t\u00e9 retenu.<\/b><\/p>\n<p><b>Mais ce compromis s\u2019accompagne d\u2019importantes contreparties<\/b>\u00a0: l\u2019UE s\u2019engage \u00e0 acheter pour <b>750 milliards de dollars d\u2019\u00e9nergie am\u00e9ricaine<\/b>, et \u00e0 <b>investir 600 milliards de dollars suppl\u00e9mentaires aux \u00c9tats-Unis<\/b>. <\/p>\n<p>Lors de la <a href=\"https:\/\/www.reuters.com\/business\/us-eu-clinch-deal-with-15-us-tariff-most-eu-exports-avert-trade-war-2025-07-27\/\" target=\"_blank\" rel=\"noopener\">conf\u00e9rence de presse<\/a>, Donald Trump a salu\u00e9 cet accord comme le plus grand jamais sign\u00e9 en mati\u00e8re de commerce, y voyant une promesse de stabilit\u00e9, d\u2019unit\u00e9 et d\u2019amiti\u00e9 entre les deux blocs. De son c\u00f4t\u00e9 Ursula von der Leyen -l\u00e9g\u00e8rement plus sobre mais rassurante- a soulign\u00e9 qu\u2019il s\u2019agissait d\u2019un bon accord, garant <b>de stabilit\u00e9 et de pr\u00e9visibilit\u00e9 <\/b>des deux c\u00f4t\u00e9s de l\u2019Atlantique.<\/p>\n<p>                                                                                                                                                        <img decoding=\"async\" src=\"https:\/\/www.europesays.com\/fr\/wp-content\/uploads\/2025\/07\/90567d1bd0_droits-de-douane-les-usa-et-l-ue-trouvent-un-accord-de-derniere-minute.webp.webp\" alt=\"Droits de douane\u00a0: les USA et l'UE trouvent un accord de derni\u00e8re minute\u00a0!\" width=\"1200\" height=\"750\" loading=\"lazy\"\/>        <\/p>\n<p>Une Europe contrainte de composer<\/p>\n<p>La rencontre s\u2019est tout de m\u00eame tenue <b>dans le luxueux complexe de gold de Donald Trump<\/b>, dans une atmosph\u00e8re m\u00ealant tension diplomatique et n\u00e9cessit\u00e9 strat\u00e9gique (\u00e0 quand le film sur Netflix\u00a0?) Avant leur entretien, les deux dirigeants estimaient les chances d\u2019accord \u00e0 50-50. Finalement, une heure de discussions a suffi.<\/p>\n<p>Le chancelier allemand Friedrich Merz a r\u00e9agi rapidement, saluant un accord qui permet d\u2019\u00e9viter une escalade inutile dans les relations commerciales transatlantiques \u00bb. Il a toutefois regrett\u00e9 l\u2019absence de v\u00e9ritables all\u00e8gements tarifaires pour l\u2019Europe.<\/p>\n<p><b>Le compromis devra encore \u00eatre valid\u00e9 par les vingt-sept \u00e9tats membres.<\/b> Les ambassadeurs des \u00c9tats membres, actuellement en d\u00e9placement au Groenland, ont \u00e9t\u00e9 inform\u00e9s des termes de l\u2019accord et devront se concerter rapidement.<\/p>\n<p>                                                                                                                                                        <img decoding=\"async\" src=\"https:\/\/www.europesays.com\/fr\/wp-content\/uploads\/2025\/07\/22e46435b1_droits-de-douane-les-usa-et-l-ue-trouvent-un-accord-de-derniere-minute.webp.webp\" alt=\"Droits de douane\u00a0: les USA et l'UE trouvent un accord de derni\u00e8re minute\u00a0!\" width=\"1200\" height=\"665\" loading=\"lazy\"\/>        <\/p>\n<p>        <b>Cet accord marque une inflexion dans des relations \u00e9conomiques des plus tendues<\/b>. Longtemps fond\u00e9es sur des \u00e9changes relativement libres, celles-ci entrent d\u00e9sormais dans une phase o\u00f9 le protectionnisme am\u00e9ricain s\u2019impose comme LA nouvelle norme. <\/p>\n<p>En pratique, les produits europ\u00e9ens \u00e9taient d\u00e9j\u00e0 soumis \u00e0 <b>un cumul de surtaxes <\/b>atteignant jusqu\u2019\u00e0 15 % voire plus, notamment sur les voitures (25 %), l\u2019acier et l\u2019aluminium (50 %) et d\u2019autres biens industriels. En outre, certains biens continueront de b\u00e9n\u00e9ficier d&rsquo;un r\u00e9gime sp\u00e9cial. <\/p>\n<p>Enfin, apr\u00e8s un accord conclu manu militari dans la foul\u00e9e de ceux du Japon, du Vietnam, des Philippines et de l\u2019Indon\u00e9sie, certains se demande si Donald Trump n&rsquo;essaierait pas de faire diversion du <b>dossier Epstein<\/b>. En attendant, ce lundi c&rsquo;est au tour de la Chine\u00a0! <\/p>\n","protected":false},"excerpt":{"rendered":"Apr\u00e8s des mois de tensions croissantes, un accord commercial a finalement \u00e9t\u00e9 trouv\u00e9 entre les \u00c9tats-Unis et l\u2019Union&hellip;\n","protected":false},"author":2,"featured_media":278872,"comment_status":"","ping_status":"","sticky":false,"template":"","format":"standard","meta":{"footnotes":""},"categories":[1589],"tags":[11,8406,73,1866,8407,12,1778,1864,1865,1863,308],"class_list":{"0":"post-278871","1":"post","2":"type-post","3":"status-publish","4":"format-standard","5":"has-post-thumbnail","7":"category-etats-unis","8":"tag-actualites","9":"tag-donaldtrump","10":"tag-etats-unis","11":"tag-etats-unis-damerique","12":"tag-importations","13":"tag-news","14":"tag-ue","15":"tag-united-states","16":"tag-united-states-of-america","17":"tag-us","18":"tag-usa"},"share_on_mastodon":{"url":"https:\/\/pubeurope.com\/@fr\/114929231772006718","error":""},"_links":{"self":[{"href":"https:\/\/www.europesays.com\/fr\/wp-json\/wp\/v2\/posts\/278871","targetHints":{"allow":["GET"]}}],"collection":[{"href":"https:\/\/www.europesays.com\/fr\/wp-json\/wp\/v2\/posts"}],"about":[{"href":"https:\/\/www.europesays.com\/fr\/wp-json\/wp\/v2\/types\/post"}],"author":[{"embeddable":true,"href":"https:\/\/www.europesays.com\/fr\/wp-json\/wp\/v2\/users\/2"}],"replies":[{"embeddable":true,"href":"https:\/\/www.europesays.com\/fr\/wp-json\/wp\/v2\/comments?post=278871"}],"version-history":[{"count":0,"href":"https:\/\/www.europesays.com\/fr\/wp-json\/wp\/v2\/posts\/278871\/revisions"}],"wp:featuredmedia":[{"embeddable":true,"href":"https:\/\/www.europesays.com\/fr\/wp-json\/wp\/v2\/media\/278872"}],"wp:attachment":[{"href":"https:\/\/www.europesays.com\/fr\/wp-json\/wp\/v2\/media?parent=278871"}],"wp:term":[{"taxonomy":"category","embeddable":true,"href":"https:\/\/www.europesays.com\/fr\/wp-json\/wp\/v2\/categories?post=278871"},{"taxonomy":"post_tag","embeddable":true,"href":"https:\/\/www.europesays.com\/fr\/wp-json\/wp\/v2\/tags?post=278871"}],"curies":[{"name":"wp","href":"https:\/\/api.w.org\/{rel}","templated":true}]}}