{"id":278875,"date":"2025-07-28T05:35:11","date_gmt":"2025-07-28T05:35:11","guid":{"rendered":"https:\/\/www.europesays.com\/fr\/278875\/"},"modified":"2025-07-28T05:35:11","modified_gmt":"2025-07-28T05:35:11","slug":"comment-des-milliers-doeuvres-allemandes-passees-en-pologne-pendant-la-guerre-font-toujours-lobjet-dun-litige-diplomatique","status":"publish","type":"post","link":"https:\/\/www.europesays.com\/fr\/278875\/","title":{"rendered":"Comment des milliers d\u2019\u0153uvres allemandes, pass\u00e9es en Pologne pendant la guerre, font toujours l\u2019objet d\u2019un litige diplomatique"},"content":{"rendered":"<p>        Lire\u00a0plus\u00a0tard      <\/p>\n<p><a aria-label=\"Nous suivre sur Google News\" href=\"https:\/\/news.google.com\/publications\/CAAqBwgKMJe4nQkw3dFs?hl=fr&amp;gl=FR&amp;ceid=FR%3Afr\" target=\"_blank\" data-piano=\"Page_Article,Sous_date_publi,Nous_suivre_sur_google_news,1er_clic,action\" class=\"btn btn--small btn--tertiary btn--icon-only\" rel=\"nofollow noopener\"><\/p>\n<p>      Google Actualit\u00e9s<br \/>\n  <\/a><\/p>\n<p>  Partager<\/p>\n<p>        Facebook<\/p>\n<p>        Bluesky<\/p>\n<p>        E-mail<\/p>\n<p>        Copier le lien<\/p>\n<p>      Envoyer<\/p>\n<p>      S\u2019abonner pour lire    <\/p>\n<p class=\"article__description latino-800m my-24\" data-oncrawl-chapo-length=\"336\">\n  \t  R\u00e9cit\u00a0<br \/>\n    Au terme de la Seconde Guerre mondiale, une formidable collection de milliers d\u2019\u0153uvres de la biblioth\u00e8que d\u2019Etat de Berlin, dont des manuscrits de Mozart et de Goethe, s\u2019est retrouv\u00e9e \u00e0 Cracovie. L\u2019avenir de ces documents rares, jamais restitu\u00e9s, illustre les d\u00e9fis m\u00e9moriaux entre ces deux pays, 80\u00a0ans apr\u00e8s la fin de la guerre.<\/p>\n<p class=\"node__paragraphe antonia-750r text-grey-800 pb-24 pb-md-30\">\nC\u2019est une bo\u00eete grise banale. Sous le couvercle d\u00e9licatement soulev\u00e9, un livre marron et dor\u00e9 appara\u00eet. \u00ab\u00a0Le troisi\u00e8me mouvement de la Huiti\u00e8me Symphonie de Beethoven\u00a0\u00bb, annonce Michal Lewicki en traduisant la couverture. Un chef-d\u2019\u0153uvre. Sur un coin de son bureau, dans la biblioth\u00e8que Jagellonne de Cracovie, ce discret responsable des manuscrits musicaux tourne les pages, griffonn\u00e9es des annotations nerveuses et peu lisibles du grand compositeur. Sur l\u2019une d\u2019elles, on distingue un sceau rouge\u00a0: l\u2019ex-libris, la signature de la biblioth\u00e8que d\u2019Etat prussienne de Berlin. \u00ab\u00a0L\u2019ancien propri\u00e9taire de l\u2019\u0153uvre\u00a0\u00bb, explique-t-il. Ce troisi\u00e8me mouvement, le menuet, est la seule partie de la symphonie conserv\u00e9e \u00e0 Cracovie. \u00ab\u00a0Les autres se trouvent toujours \u00e0 Berlin\u00a0\u00bb, pr\u00e9cise Michal Lewicki.<\/p>\n<p class=\"node__paragraphe antonia-750r text-grey-800 pb-8\">\nCette symphonie de Beethoven, divis\u00e9e entre deux villes, n\u2019est qu\u2019un des exemples spectaculaires d\u2019un grand litige culturel qui divise la Pologne et l\u2019Allemagne. Au cours de la Seconde Guerre mondiale, des dizaines de milliers de partitions, livres et correspondances r\u00e9dig\u00e9s par Mozart, Goethe, les fr\u00e8res Grimm ou encore Martin Luther, le p\u00e8re du protestantisme, ont \u00e9t\u00e9 extraits de la biblioth\u00e8que d\u2019Etat prussienne de Berlin, pour \u00eatre mis \u00e0 l\u2019a\u2026<\/p>\n<p>  <img loading=\"lazy\" decoding=\"async\" class=\"floating-img\" src=\"https:\/\/www.europesays.com\/fr\/wp-content\/uploads\/2025\/07\/img-paywall@2x.png\" width=\"142\" height=\"91\" alt=\"\"\/><\/p>\n<p class=\"latino-100m text-blue-400\">Article r\u00e9serv\u00e9 aux abonn\u00e9s.<\/p>\n<p>          Se connecter<\/p>\n<p class=\"pb-16 text-center antonia-1850c\">Offre d\u2019\u00e9t\u00e9\u00a0:<br \/>1\u20ac\/mois pendant 6\u00a0mois<\/p>\n<p>\n        S&rsquo;abonner\n      <\/p>\n<p>          D\u00e9couvrir toutes nos offres<\/p>\n","protected":false},"excerpt":{"rendered":"Lire\u00a0plus\u00a0tard Google Actualit\u00e9s Partager Facebook Bluesky E-mail Copier le lien Envoyer S\u2019abonner pour lire R\u00e9cit\u00a0 Au terme de&hellip;\n","protected":false},"author":2,"featured_media":278876,"comment_status":"","ping_status":"","sticky":false,"template":"","format":"standard","meta":{"footnotes":""},"categories":[1587],"tags":[17,11,672,41842,1804,1805,1803,1777,674,1801,1146,937,16755,74,12,41843,37237,2437,1802,20402],"class_list":{"0":"post-278875","1":"post","2":"type-post","3":"status-publish","4":"format-standard","5":"has-post-thumbnail","7":"category-allemagne","8":"tag-17","9":"tag-actualites","10":"tag-allemagne","11":"tag-allemandes","12":"tag-bundesrepublik-deutschland","13":"tag-de","14":"tag-deutschland","15":"tag-eu","16":"tag-europe","17":"tag-germany","18":"tag-guerre","19":"tag-histoire","20":"tag-milliers","21":"tag-monde","22":"tag-news","23":"tag-objet","24":"tag-passees","25":"tag-pologne","26":"tag-republique-federale-dallemagne","27":"tag-uvres"},"share_on_mastodon":{"url":"https:\/\/pubeurope.com\/@fr\/114929239645194233","error":""},"_links":{"self":[{"href":"https:\/\/www.europesays.com\/fr\/wp-json\/wp\/v2\/posts\/278875","targetHints":{"allow":["GET"]}}],"collection":[{"href":"https:\/\/www.europesays.com\/fr\/wp-json\/wp\/v2\/posts"}],"about":[{"href":"https:\/\/www.europesays.com\/fr\/wp-json\/wp\/v2\/types\/post"}],"author":[{"embeddable":true,"href":"https:\/\/www.europesays.com\/fr\/wp-json\/wp\/v2\/users\/2"}],"replies":[{"embeddable":true,"href":"https:\/\/www.europesays.com\/fr\/wp-json\/wp\/v2\/comments?post=278875"}],"version-history":[{"count":0,"href":"https:\/\/www.europesays.com\/fr\/wp-json\/wp\/v2\/posts\/278875\/revisions"}],"wp:featuredmedia":[{"embeddable":true,"href":"https:\/\/www.europesays.com\/fr\/wp-json\/wp\/v2\/media\/278876"}],"wp:attachment":[{"href":"https:\/\/www.europesays.com\/fr\/wp-json\/wp\/v2\/media?parent=278875"}],"wp:term":[{"taxonomy":"category","embeddable":true,"href":"https:\/\/www.europesays.com\/fr\/wp-json\/wp\/v2\/categories?post=278875"},{"taxonomy":"post_tag","embeddable":true,"href":"https:\/\/www.europesays.com\/fr\/wp-json\/wp\/v2\/tags?post=278875"}],"curies":[{"name":"wp","href":"https:\/\/api.w.org\/{rel}","templated":true}]}}