{"id":278879,"date":"2025-07-28T05:37:10","date_gmt":"2025-07-28T05:37:10","guid":{"rendered":"https:\/\/www.europesays.com\/fr\/278879\/"},"modified":"2025-07-28T05:37:10","modified_gmt":"2025-07-28T05:37:10","slug":"laccord-entre-lue-et-les-etats-unis-apportera-une-stabilite-temporaire-mais-il-est-desequilibre-estime-le-ministre-charge-de-leurope-benjamin-haddad","status":"publish","type":"post","link":"https:\/\/www.europesays.com\/fr\/278879\/","title":{"rendered":"l&rsquo;accord entre l&rsquo;UE et les Etats-Unis \u00ab\u00a0apportera une stabilit\u00e9 temporaire (&#8230;) mais il est d\u00e9s\u00e9quilibr\u00e9\u00a0\u00bb, estime le ministre charg\u00e9 de l&rsquo;Europe, Benjamin Haddad"},"content":{"rendered":"<p>Au lendemain de <a href=\"https:\/\/www.franceinfo.fr\/monde\/usa\/droits-de-douane\/droits-de-douane-les-etats-unis-et-l-union-europeenne-ont-conclu-un-accord-commercial-annoncent-donald-trump-et-ursula-von-der-leyen_7402498.html\" rel=\"nofollow noopener\" target=\"_blank\">la signature<\/a><a href=\"https:\/\/www.franceinfo.fr\/monde\/usa\/droits-de-douane\/droits-de-douane-les-etats-unis-et-l-union-europeenne-ont-conclu-un-accord-commercial-annoncent-donald-trump-et-ursula-von-der-leyen_7402498.html\" rel=\"nofollow noopener\" target=\"_blank\"> d&rsquo;un accord sur les droits de douane <\/a>entre les Etats-Unis et l&rsquo;Union europ\u00e9enne, le monde politique et \u00e9conomique r\u00e9agit, lundi 28 juillet. Pour le ministre d\u00e9l\u00e9gu\u00e9 charg\u00e9 de l&rsquo;Europe, Benjamin Haddad, cet accord \u00ab\u00a0apportera une stabilit\u00e9 temporaire aux acteurs \u00e9conomiques (&#8230;) mais il est d\u00e9s\u00e9quilibr\u00e9\u00a0\u00bb, a-t-il d\u00e9clar\u00e9 sur X. S&rsquo;il \u00ab\u00a0a le m\u00e9rite d\u2019exempter de tarifs des secteurs cl\u00e9s pour l\u2019\u00e9conomie fran\u00e7aise, comme l&rsquo;a\u00e9ronautique, les spiritueux ou les m\u00e9dicaments\u00a0\u00bb, l&rsquo;accord \u00ab\u00a0n\u2019est pas satisfaisant et ne peut pas \u00eatre durable\u00a0\u00bb, a-t-il ajout\u00e9. \u00ab\u00a0Si les Europ\u00e9ens ne se r\u00e9veillent pas, les difficult\u00e9s des autres para\u00eetront toutes relatives face \u00e0 notre d\u00e9crochage\u00a0\u00bb. Suivez notre direct.\u00a0<\/p>\n<p class=\"c-body__bullet\"><strong> Les droits de douane passeront \u00e0 15%.<\/strong> En vertu de l&rsquo;accord conclu dimanche, en Ecosse, entre la pr\u00e9sidente de la Commission europ\u00e9enne, Ursula von der Leyen et le pr\u00e9sident des Etats-Unis, Donald Trump, les droits de douane grimperont \u00e0 15% pour les produits de l&rsquo;UE export\u00e9s outre-Atlantique. L&rsquo;UE s&rsquo;est aussi engag\u00e9e \u00e0 acheter des armes et de l&rsquo;\u00e9nergie am\u00e9ricaine, s&rsquo;est f\u00e9licit\u00e9 Donald Trump. La menace de taxes am\u00e9ricaines de 30% d\u00e8s le 1er ao\u00fbt faisait trembler les exportateurs europ\u00e9ens, de l&rsquo;automobile \u00e0 la pharmacie en passant par le vin.\u00a0<\/p>\n<p class=\"c-body__bullet\"><strong> Un \u00ab\u00a0bon accord\u00a0\u00bb, estime Ursula von der Leyen<\/strong>. La patronne de l&rsquo;ex\u00e9cutif europ\u00e9en a salu\u00e9 un \u00ab\u00a0bon accord\u00a0\u00bb qui apportera de la \u00ab\u00a0stabilit\u00e9.\u00a0\u00bb \u00ab\u00a0C&rsquo;est le plus grand de tous les accords\u00a0\u00bb, s&rsquo;est f\u00e9licit\u00e9 le pr\u00e9sident am\u00e9ricain, qui a pr\u00e9cis\u00e9 que les produits pharmaceutiques n&rsquo;\u00e9taient pas concern\u00e9s. Les deux puissances \u00e9conomiques ont d\u00e9cid\u00e9 de lever r\u00e9ciproquement leurs droits de douane \u00ab\u00a0sur un certain nombre de produits strat\u00e9giques\u00a0\u00bb, dont les \u00e9quipements a\u00e9ronautiques, \u00ab\u00a0certains produits chimiques, des \u00e9quipements pour semi-conducteurs, certains produits agricoles et des mati\u00e8res premi\u00e8res critiques\u00a0\u00bb, a encore pr\u00e9cis\u00e9 Ursula von der Leyen. Le pr\u00e9sident am\u00e9ricain a par ailleurs affirm\u00e9 que l&rsquo;UE allait \u00ab\u00a0accepter d&rsquo;acheter aux Etats-Unis pour 750 milliards de dollars d&rsquo;\u00e9nergie. Ils vont accepter d&rsquo;investir aux Etats-Unis 600 milliards de dollars de plus que ce qu&rsquo;ils investissent d\u00e9j\u00e0.\u00a0\u00bb<\/p>\n<p class=\"c-body__bullet\"><strong> Eviter \u00ab\u00a0une escalade\u00a0\u00bb de la guerre commerciale.<\/strong> Cet accord\u00a0permet d'\u00a0\u00bb\u00e9viter une escalade inutile dans les relations commerciales transatlantiques\u00a0\u00bb, a soulign\u00e9 le chancelier allemand Friedrich Merz, sans cacher qu&rsquo;il aurait \u00ab\u00a0souhait\u00e9 davantage d&rsquo;all\u00e8gements\u00a0\u00bb.\u00a0La cheffe du gouvernement italien, Giorgia Meloni, a quant \u00e0 elle salu\u00e9 un accord \u00ab\u00a0qui \u00e9vite une guerre commerciale au sein de l&rsquo;Occident avec des cons\u00e9quences impr\u00e9visibles\u00a0\u00bb, dans un communiqu\u00e9 commun avec ses vice-Premiers ministres, Antonio Tajani et Matteo Salvini. Sur le m\u00eame ton, le gouvernement irlandais a dit \u00ab\u00a0regretter\u00a0\u00bb le nouveau taux, mais s&rsquo;est f\u00e9licit\u00e9 qu&rsquo;il apporte \u00ab\u00a0une forme de certitude n\u00e9cessaire\u00a0\u00bb apr\u00e8s des mois d&rsquo;annonces et menaces tous azimuts.\u00a0<\/p>\n<p class=\"c-body__bullet\"><strong> Des accords entre les Etats-Unis et le reste du monde.<\/strong> L&rsquo;accord avec l&rsquo;UE a \u00e9t\u00e9 annonc\u00e9 dans la foul\u00e9e de ceux conclus ces derniers jours avec le Japon, le Vietnam, les Philippines et l&rsquo;Indon\u00e9sie, dont les d\u00e9tails restent souvent encore \u00e0 n\u00e9gocier et obtenus au prix d&rsquo;importantes concessions de la part des pays vis\u00e9s et apr\u00e8s des discussions compliqu\u00e9es. Lundi, c&rsquo;est avec la Chine que des n\u00e9gociateurs am\u00e9ricains s&rsquo;efforceront d&rsquo;\u00e9viter une reprise de l&rsquo;escalade commerciale, au cours d&rsquo;une rencontre \u00e0 Stockholm.<\/p>\n","protected":false},"excerpt":{"rendered":"Au lendemain de la signature d&rsquo;un accord sur les droits de douane entre les Etats-Unis et l&rsquo;Union europ\u00e9enne,&hellip;\n","protected":false},"author":2,"featured_media":278880,"comment_status":"","ping_status":"","sticky":false,"template":"","format":"standard","meta":{"footnotes":""},"categories":[1586],"tags":[11,1777,674,1779,1011,27,12,25,1778,364],"class_list":{"0":"post-278879","1":"post","2":"type-post","3":"status-publish","4":"format-standard","5":"has-post-thumbnail","7":"category-europe","8":"tag-actualites","9":"tag-eu","10":"tag-europe","11":"tag-european-union","12":"tag-fr","13":"tag-france","14":"tag-news","15":"tag-republique-francaise","16":"tag-ue","17":"tag-union-europeenne"},"share_on_mastodon":{"url":"https:\/\/pubeurope.com\/@fr\/114929247640662527","error":""},"_links":{"self":[{"href":"https:\/\/www.europesays.com\/fr\/wp-json\/wp\/v2\/posts\/278879","targetHints":{"allow":["GET"]}}],"collection":[{"href":"https:\/\/www.europesays.com\/fr\/wp-json\/wp\/v2\/posts"}],"about":[{"href":"https:\/\/www.europesays.com\/fr\/wp-json\/wp\/v2\/types\/post"}],"author":[{"embeddable":true,"href":"https:\/\/www.europesays.com\/fr\/wp-json\/wp\/v2\/users\/2"}],"replies":[{"embeddable":true,"href":"https:\/\/www.europesays.com\/fr\/wp-json\/wp\/v2\/comments?post=278879"}],"version-history":[{"count":0,"href":"https:\/\/www.europesays.com\/fr\/wp-json\/wp\/v2\/posts\/278879\/revisions"}],"wp:featuredmedia":[{"embeddable":true,"href":"https:\/\/www.europesays.com\/fr\/wp-json\/wp\/v2\/media\/278880"}],"wp:attachment":[{"href":"https:\/\/www.europesays.com\/fr\/wp-json\/wp\/v2\/media?parent=278879"}],"wp:term":[{"taxonomy":"category","embeddable":true,"href":"https:\/\/www.europesays.com\/fr\/wp-json\/wp\/v2\/categories?post=278879"},{"taxonomy":"post_tag","embeddable":true,"href":"https:\/\/www.europesays.com\/fr\/wp-json\/wp\/v2\/tags?post=278879"}],"curies":[{"name":"wp","href":"https:\/\/api.w.org\/{rel}","templated":true}]}}