{"id":278887,"date":"2025-07-28T05:41:12","date_gmt":"2025-07-28T05:41:12","guid":{"rendered":"https:\/\/www.europesays.com\/fr\/278887\/"},"modified":"2025-07-28T05:41:12","modified_gmt":"2025-07-28T05:41:12","slug":"les-joueurs-du-murray-bay-dominent-a-la-maison","status":"publish","type":"post","link":"https:\/\/www.europesays.com\/fr\/278887\/","title":{"rendered":"Les joueurs du Murray Bay dominent \u00e0 la maison"},"content":{"rendered":"<p><strong>Ce 27 juillet, c\u2019\u00e9tait jour d\u2019interclubs dans l\u2019association r\u00e9gionale Qu\u00e9bec-Chaudi\u00e8re-Appalaches de golf Qu\u00e9bec. La formation du Club de golf Murray Bay a domin\u00e9 la comp\u00e9tition qui se d\u00e9roulait sur son parcours.<\/strong><\/p>\n<p>L\u2019\u00e9quipe de La Malbaie a r\u00e9colt\u00e9 48 points ce qui lui a permis de l\u2019emporter et de passer du groupe E ou groupe D l\u2019an prochain.<\/p>\n<p>Les repr\u00e9sentants du Grand Portneuf ont pris le second rang avec 39 points. Le Montmorency est 3e avec 25 points. Le club Trois-Saumons ferme la marche avec 8 points.<\/p>\n<p>R\u00e9gis Breton, William et Olivier Boudreault, R\u00e9jean Girard, Jean-Francois Leblond et Louis-Alex Tremblay ont amass\u00e9 le maximum de points avec 6 chacun.<\/p>\n<p>La formule de jeu est une partie par trous (match play). Chaque victoire donne deux points \u00e0 l\u2019\u00e9quipe.<\/p>\n","protected":false},"excerpt":{"rendered":"Ce 27 juillet, c\u2019\u00e9tait jour d\u2019interclubs dans l\u2019association r\u00e9gionale Qu\u00e9bec-Chaudi\u00e8re-Appalaches de golf Qu\u00e9bec. La formation du Club de&hellip;\n","protected":false},"author":2,"featured_media":278888,"comment_status":"","ping_status":"","sticky":false,"template":"","format":"standard","meta":{"footnotes":""},"categories":[1418],"tags":[1011,27,1472,60],"class_list":{"0":"post-278887","1":"post","2":"type-post","3":"status-publish","4":"format-standard","5":"has-post-thumbnail","7":"category-golf","8":"tag-fr","9":"tag-france","10":"tag-golf","11":"tag-sports"},"share_on_mastodon":{"url":"https:\/\/pubeurope.com\/@fr\/114929263093639838","error":""},"_links":{"self":[{"href":"https:\/\/www.europesays.com\/fr\/wp-json\/wp\/v2\/posts\/278887","targetHints":{"allow":["GET"]}}],"collection":[{"href":"https:\/\/www.europesays.com\/fr\/wp-json\/wp\/v2\/posts"}],"about":[{"href":"https:\/\/www.europesays.com\/fr\/wp-json\/wp\/v2\/types\/post"}],"author":[{"embeddable":true,"href":"https:\/\/www.europesays.com\/fr\/wp-json\/wp\/v2\/users\/2"}],"replies":[{"embeddable":true,"href":"https:\/\/www.europesays.com\/fr\/wp-json\/wp\/v2\/comments?post=278887"}],"version-history":[{"count":0,"href":"https:\/\/www.europesays.com\/fr\/wp-json\/wp\/v2\/posts\/278887\/revisions"}],"wp:featuredmedia":[{"embeddable":true,"href":"https:\/\/www.europesays.com\/fr\/wp-json\/wp\/v2\/media\/278888"}],"wp:attachment":[{"href":"https:\/\/www.europesays.com\/fr\/wp-json\/wp\/v2\/media?parent=278887"}],"wp:term":[{"taxonomy":"category","embeddable":true,"href":"https:\/\/www.europesays.com\/fr\/wp-json\/wp\/v2\/categories?post=278887"},{"taxonomy":"post_tag","embeddable":true,"href":"https:\/\/www.europesays.com\/fr\/wp-json\/wp\/v2\/tags?post=278887"}],"curies":[{"name":"wp","href":"https:\/\/api.w.org\/{rel}","templated":true}]}}