{"id":278891,"date":"2025-07-28T05:44:09","date_gmt":"2025-07-28T05:44:09","guid":{"rendered":"https:\/\/www.europesays.com\/fr\/278891\/"},"modified":"2025-07-28T05:44:09","modified_gmt":"2025-07-28T05:44:09","slug":"de-minaur-lemporte-in-extremis-face-a-davidovich-a-washington","status":"publish","type":"post","link":"https:\/\/www.europesays.com\/fr\/278891\/","title":{"rendered":"De Minaur l\u2019emporte in extremis face \u00e0 Davidovich \u00e0 Washington"},"content":{"rendered":"<p>Men\u00e9 5 jeux \u00e0 3 dans le set d\u00e9cisif, puis trois fois \u00e0 un point de la d\u00e9faite sur son service \u00e0 5-4, l\u2019Australien est finalement sorti victorieux de la finale en un peu plus de trois heures au tie-break.<\/p>\n<p class=\"fig-paragraph\">L&rsquo;Australien Alex De Minaur (13e) a \u00e9cart\u00e9 trois balles de match pour s&rsquo;offrir le dixi\u00e8me titre de sa carri\u00e8re aux d\u00e9pens de l&rsquo;Espagnol Alejandro Davidovich (26e), battu 5-7, 6-1, 7-6 (7\/3) \u00e0 Washington dimanche. Men\u00e9 5 jeux \u00e0 3 dans le set d\u00e9cisif, puis trois fois \u00e0 un point de la d\u00e9faite sur son service \u00e0 5-4, De Minaur (26 ans) est finalement sorti victorieux de la finale en un peu plus de trois heures au tie-break, sur un ace, d\u00e8s sa premi\u00e8re occasion.<\/p>\n<p class=\"fig-paragraph\">Le sc\u00e9nario pouvait difficilement \u00eatre plus cruel pour Davidovich, d\u00e9j\u00e0 accroupi t\u00eate baiss\u00e9e avant le dernier point, et inconsolable sous sa serviette \u00e0 l&rsquo;issue du match, malgr\u00e9 la d\u00e9licate accolade de son adversaire.<\/p>\n<p>                                    <a class=\"fig-a11y-skip a11y-hidden\" href=\"#fig-a11y-skip-main-inarticle\"><br \/>\n        Passer la publicit\u00e9<br \/>\n    <\/a><\/p>\n<p class=\"fig-paragraph\">\u00c0 26 ans, le N.2 espagnol reste lest\u00e9 du statut peu enviable de joueur le mieux class\u00e9 \u00e0 ne pas avoir encore remport\u00e9 de tournoi sur le circuit ATP.<\/p>\n<p class=\"fig-paragraph\">Pire, c&rsquo;est la deuxi\u00e8me fois &#8211; en quatre finales &#8211; qu&rsquo;il se procure en vain des balles de match. En d\u00e9but de saison \u00e0 Delray Beach, en Floride, il en avait d\u00e9j\u00e0 obtenu deux, sans les concr\u00e9tiser. Consolation pour Davidovich: il s&rsquo;appr\u00eate \u00e0 faire son entr\u00e9e dans le top 20 lundi, \u00e0 la 19e place. Jusque-l\u00e0, il s&rsquo;\u00e9tait hiss\u00e9 au mieux au 21e rang \u00e0 l&rsquo;\u00e9t\u00e9 2023.<\/p>\n<p class=\"fig-paragraph\">Fort d&rsquo;un dixi\u00e8me titre, son huiti\u00e8me sur dur, son premier depuis un peu plus d&rsquo;un an, De Minaur va, lui, retrouver le top 10, \u00e0 la huiti\u00e8me place.<\/p>\n","protected":false},"excerpt":{"rendered":"Men\u00e9 5 jeux \u00e0 3 dans le set d\u00e9cisif, puis trois fois \u00e0 un point de la d\u00e9faite&hellip;\n","protected":false},"author":2,"featured_media":278892,"comment_status":"","ping_status":"","sticky":false,"template":"","format":"standard","meta":{"footnotes":""},"categories":[1415],"tags":[1111,47,11,1465,1109,83,451,1112,1108,107,1106,1107,63,1011,27,1472,11462,1110,1114,3996,66,446,2182,12,1113,479,11463,517,60,1467,10887],"class_list":{"0":"post-278891","1":"post","2":"type-post","3":"status-publish","4":"format-standard","5":"has-post-thumbnail","7":"category-tennis","8":"tag-actu","9":"tag-actualite","10":"tag-actualites","11":"tag-basket","12":"tag-breves","13":"tag-coupe-de-france","14":"tag-coupe-du-monde","15":"tag-depeches","16":"tag-fil","17":"tag-fil-info","18":"tag-flash","19":"tag-flash-actu","20":"tag-football","21":"tag-fr","22":"tag-france","23":"tag-golf","24":"tag-hippisme","25":"tag-informations","26":"tag-infos","27":"tag-jeux-olympiques","28":"tag-ligue-1","29":"tag-ligue-2","30":"tag-nba","31":"tag-news","32":"tag-nouvelles","33":"tag-rugby","34":"tag-solitaire","35":"tag-sport","36":"tag-sports","37":"tag-tennis","38":"tag-voile"},"share_on_mastodon":{"url":"https:\/\/pubeurope.com\/@fr\/114929274871574410","error":""},"_links":{"self":[{"href":"https:\/\/www.europesays.com\/fr\/wp-json\/wp\/v2\/posts\/278891","targetHints":{"allow":["GET"]}}],"collection":[{"href":"https:\/\/www.europesays.com\/fr\/wp-json\/wp\/v2\/posts"}],"about":[{"href":"https:\/\/www.europesays.com\/fr\/wp-json\/wp\/v2\/types\/post"}],"author":[{"embeddable":true,"href":"https:\/\/www.europesays.com\/fr\/wp-json\/wp\/v2\/users\/2"}],"replies":[{"embeddable":true,"href":"https:\/\/www.europesays.com\/fr\/wp-json\/wp\/v2\/comments?post=278891"}],"version-history":[{"count":0,"href":"https:\/\/www.europesays.com\/fr\/wp-json\/wp\/v2\/posts\/278891\/revisions"}],"wp:featuredmedia":[{"embeddable":true,"href":"https:\/\/www.europesays.com\/fr\/wp-json\/wp\/v2\/media\/278892"}],"wp:attachment":[{"href":"https:\/\/www.europesays.com\/fr\/wp-json\/wp\/v2\/media?parent=278891"}],"wp:term":[{"taxonomy":"category","embeddable":true,"href":"https:\/\/www.europesays.com\/fr\/wp-json\/wp\/v2\/categories?post=278891"},{"taxonomy":"post_tag","embeddable":true,"href":"https:\/\/www.europesays.com\/fr\/wp-json\/wp\/v2\/tags?post=278891"}],"curies":[{"name":"wp","href":"https:\/\/api.w.org\/{rel}","templated":true}]}}