{"id":278893,"date":"2025-07-28T05:46:17","date_gmt":"2025-07-28T05:46:17","guid":{"rendered":"https:\/\/www.europesays.com\/fr\/278893\/"},"modified":"2025-07-28T05:46:17","modified_gmt":"2025-07-28T05:46:17","slug":"motogp-honda-en-crise-de-pilotes-chantra-blesse-nakagami-touche-espargaro-absent-et-bradl-dit-stop","status":"publish","type":"post","link":"https:\/\/www.europesays.com\/fr\/278893\/","title":{"rendered":"MotoGP, Honda en crise de pilotes : Chantra bless\u00e9, Nakagami touch\u00e9, Espargar\u00f3 absent\u2026 et Bradl dit stop"},"content":{"rendered":"<p><strong>La spirale infernale continue pour Honda en MotoGP.<br \/>\nAlors que Somkiat Chantra, rookie dans la cat\u00e9gorie reine, devait<br \/>\nprofiter de l\u2019\u00e9t\u00e9 pour s\u2019affirmer, une blessure l\u2019a contraint \u00e0<br \/>\nprolonger sa pause \u2014 et laisse son \u00e9quipe sans v\u00e9ritable solution<br \/>\nde secours. Ou presque\u00a0!<\/strong><\/p>\n<p>Le pilote tha\u00eflandais avait pourtant inscrit son tout premier<br \/>\npoint en MotoGP fin juin en terminant 15e au TT d\u2019Assen. Mais \u00e0<br \/>\npeine rentr\u00e9 \u00e0 Barcelone, il se blesse lors d\u2019un entra\u00eenement en<br \/>\nmotocross. Verdict : rupture du ligament lat\u00e9ral du genou<br \/>\ndroit.<\/p>\n<p><strong>Chantra<\/strong> a \u00e9t\u00e9 op\u00e9r\u00e9 le 8 juillet et a<br \/>\nimm\u00e9diatement d\u00e9clar\u00e9 forfait pour le Grand Prix d\u2019Allemagne au<br \/>\n<strong>Sachsenring<\/strong>, o\u00f9 l\u2019\u00e9quipe <strong>LCR<br \/>\nHonda<\/strong> a couru sans rempla\u00e7ant. Son absence s\u2019est prolong\u00e9e<br \/>\njusqu\u2019au GP de R\u00e9publique tch\u00e8que le week-end suivant.<\/p>\n<p>Pour pallier l\u2019absence de <strong>Chantra<\/strong> \u00e0 Brno, c\u2019est<br \/>\n<strong>Takaaki Nakagami<\/strong> qui a repris le guidon. Mais la<br \/>\nmalchance continue : percut\u00e9 lors du Sprint par <strong>Augusto<br \/>\nFernandez<\/strong>, le pilote invit\u00e9 de Yamaha, <a href=\"https:\/\/www.paddock-gp.com\/motogp-brno-j2-nakagami-blesse-et-forfait-son-bourreau-augusto-fernandez-sanctionne\/\" rel=\"nofollow noopener\" target=\"_blank\"><br \/>\n<strong>Nakagami<\/strong><\/a> a lui aussi \u00e9t\u00e9 bless\u00e9 au genou<br \/>\ndroit, souffrant d\u2019une atteinte des ligaments crois\u00e9s.<\/p>\n<p>Le Japonais est rentr\u00e9 au pays pour suivre un traitement,<br \/>\najoutant son nom \u00e0 la liste d\u00e9j\u00e0 longue des pilotes indisponibles<br \/>\nchez <strong>Honda<\/strong>.<\/p>\n<p><img loading=\"lazy\" decoding=\"async\" class=\"aligncenter wp-image-1261856\" src=\"https:\/\/www.europesays.com\/fr\/wp-content\/uploads\/2025\/07\/Chantra-Paddock-GP-SepangT.jpg\" alt=\"Honda \" width=\"795\" height=\"530\"  \/><\/p>\n<p><strong>Chez Honda, l\u2019infirmerie<br \/>\nest pleine et on croise les doigts pour Iker Lecuona<\/strong><\/p>\n<p>Autre tuile : <strong>Aleix Espargar\u00f3<\/strong>, devenu pilote<br \/>\nd\u2019essai pour <strong>Honda<\/strong> apr\u00e8s sa retraite, s\u2019est bless\u00e9<br \/>\nle 11 juillet\u2026 non pas sur une moto, mais <strong>\u00e0 v\u00e9lo<\/strong>.<br \/>\nLors de ses d\u00e9buts en tant que coureur professionnel sur route au<br \/>\nTour d\u2019Autriche, l\u2019Espagnol est tomb\u00e9 et s\u2019est **bless\u00e9 au pouce<br \/>\ndroit.<\/p>\n<p>Restait <strong>Stefan Bradl<\/strong>, troisi\u00e8me pilote d\u2019essai,<br \/>\nqui aurait pu d\u00e9panner. Mais l\u2019Allemand a clairement indiqu\u00e9 qu\u2019il<br \/>\nne souhaite plus courir, pr\u00e9f\u00e9rant se concentrer exclusivement sur<br \/>\nles essais de fiabilit\u00e9.<\/p>\n<p>R\u00e9sultat : aucun pilote rempla\u00e7ant n\u2019est disponible \u00e0 ce jour<br \/>\nchez <strong>Honda<\/strong>. L\u2019\u00e9curie va donc devoir faire appel \u00e0<br \/>\nsa structure Superbike, qui disputera sa toute premi\u00e8re \u00e9preuve ce<br \/>\nweek-end sur le circuit de Balaton Park en Hongrie.<\/p>\n<p>Une mission pour <strong>Iker Lecuona<\/strong> qui connait d\u00e9j\u00e0<br \/>\nle <a href=\"https:\/\/www.motogp.com\/en\" rel=\"nofollow noopener\" target=\"_blank\">MotoGP<\/a> pour y avoir<br \/>\nnotamment jout\u00e9 sous le blason <a href=\"https:\/\/www.paddock-gp.com\/motogp-ktm-verrouille-son-avenir-pit-beirer-confirme-pilotes-et-motos-pour-2026-acosta-reste-tech3-aussi\/\" rel=\"nofollow noopener\" target=\"_blank\"><br \/>\n<strong>KTM<\/strong><\/a> \u2026 A condition qu\u2019il se remette \u00e0 temps de<br \/>\n<strong>sa fracture au poignet gauche contract\u00e9e samedi en<br \/>\nWSBK<\/strong>, une blessure qui lui fera rater les <strong>8 Heures<br \/>\nde Suzuka<\/strong> \u2026 Si tout va bien, on devrait revoir l\u2019Espagnol<br \/>\nen Grand Prix en <strong>Autriche<\/strong> (17 ao\u00fbt) et en<br \/>\n<strong>Hongrie<\/strong> (24 ao\u00fbt) \u00e0 la place de<br \/>\n<b>Chantra.\u00a0<\/b><\/p>\n<p>La derni\u00e8re participation de <strong>Lecuona<\/strong> \u00e0 la<br \/>\ncat\u00e9gorie reine remonte \u00e0 la saison <strong>2023<\/strong>. Il a<br \/>\nparticip\u00e9 comme pilote de r\u00e9serve pour les deux \u00e9quipes<br \/>\n<strong>Honda<\/strong> lors de sept week-ends de course. Il n\u2019a<br \/>\nmarqu\u00e9 aucun point au <a href=\"https:\/\/www.paddock-gp.com\/motogp-brno-championnat-huitieme-victoire-de-la-saison-120-points-davance-marc-marquez-peut-profiter-de-ses-vacances\/\" rel=\"nofollow noopener\" target=\"_blank\"><br \/>\n<strong>Championnat<\/strong><\/a> du monde.<\/p>\n<p><img loading=\"lazy\" decoding=\"async\" class=\"aligncenter wp-image-1265953\" src=\"https:\/\/www.europesays.com\/fr\/wp-content\/uploads\/2025\/07\/lecuona_australia-10_0_full-e1740211045589.jpg\" alt=\"Iker Lecuona Honda\" width=\"841\" height=\"473\"\/><\/p>\n","protected":false},"excerpt":{"rendered":"La spirale infernale continue pour Honda en MotoGP. Alors que Somkiat Chantra, rookie dans la cat\u00e9gorie reine, devait&hellip;\n","protected":false},"author":2,"featured_media":187168,"comment_status":"","ping_status":"","sticky":false,"template":"","format":"standard","meta":{"footnotes":""},"categories":[1413],"tags":[1011,27,1457,1456,60],"class_list":{"0":"post-278893","1":"post","2":"type-post","3":"status-publish","4":"format-standard","5":"has-post-thumbnail","7":"category-moto","8":"tag-fr","9":"tag-france","10":"tag-moto","11":"tag-motocycle","12":"tag-sports"},"share_on_mastodon":{"url":"https:\/\/pubeurope.com\/@fr\/114929282914198240","error":""},"_links":{"self":[{"href":"https:\/\/www.europesays.com\/fr\/wp-json\/wp\/v2\/posts\/278893","targetHints":{"allow":["GET"]}}],"collection":[{"href":"https:\/\/www.europesays.com\/fr\/wp-json\/wp\/v2\/posts"}],"about":[{"href":"https:\/\/www.europesays.com\/fr\/wp-json\/wp\/v2\/types\/post"}],"author":[{"embeddable":true,"href":"https:\/\/www.europesays.com\/fr\/wp-json\/wp\/v2\/users\/2"}],"replies":[{"embeddable":true,"href":"https:\/\/www.europesays.com\/fr\/wp-json\/wp\/v2\/comments?post=278893"}],"version-history":[{"count":0,"href":"https:\/\/www.europesays.com\/fr\/wp-json\/wp\/v2\/posts\/278893\/revisions"}],"wp:featuredmedia":[{"embeddable":true,"href":"https:\/\/www.europesays.com\/fr\/wp-json\/wp\/v2\/media\/187168"}],"wp:attachment":[{"href":"https:\/\/www.europesays.com\/fr\/wp-json\/wp\/v2\/media?parent=278893"}],"wp:term":[{"taxonomy":"category","embeddable":true,"href":"https:\/\/www.europesays.com\/fr\/wp-json\/wp\/v2\/categories?post=278893"},{"taxonomy":"post_tag","embeddable":true,"href":"https:\/\/www.europesays.com\/fr\/wp-json\/wp\/v2\/tags?post=278893"}],"curies":[{"name":"wp","href":"https:\/\/api.w.org\/{rel}","templated":true}]}}