{"id":278894,"date":"2025-07-28T05:47:10","date_gmt":"2025-07-28T05:47:10","guid":{"rendered":"https:\/\/www.europesays.com\/fr\/278894\/"},"modified":"2025-07-28T05:47:10","modified_gmt":"2025-07-28T05:47:10","slug":"f1-apres-le-grand-prix-de-belgique-arlesien-le-nouveau-classement-fait-mal-a-verstappen","status":"publish","type":"post","link":"https:\/\/www.europesays.com\/fr\/278894\/","title":{"rendered":"F1 Apr\u00e8s le Grand-Prix de Belgique arl\u00e9sien, le nouveau classement fait mal \u00e0 Verstappen !"},"content":{"rendered":"<p>Dans la foul\u00e9e de l\u2019arriv\u00e9e du Grand-Prix de Belgique de F1 2025, il parait \u00e9vident que Mclaren est d\u00e9sormais titr\u00e9e, bien que math\u00e9matiquement l\u2019affaire ne soit pas encore attendue. En revanche, sur le plan des pilotes, tout reste \u00e0 faire pour Oscar Piastri, qui vient de reprendre sept unit\u00e9s \u00e0 Lando Norris. Mais c\u2019est surtout derri\u00e8re, pour Max Verstappen, que l\u2019\u00e9cart commence \u00e0 devenir b\u00e9ant\u2026<\/p>\n<p>F1 : le duel des tricolores reste \u00e0 l\u2019avantage d\u2019Esteban Ocon<\/p>\n<p>Si le N\u00e9erlandais avait r\u00e9ussi un beau coup samedi dernier, en gagnant le sprint devant les Mclaren Mercedes, dimanche apr\u00e8s-midi, le pilote Red Bull a d\u00e9chant\u00e9. Avec un r\u00e9glage davantage \u00e9tudi\u00e9 pour des conditions humides, le quadruple champion du monde a tout d\u2019abord mis la pression sur Charles Leclerc, sans jamais pouvoir le d\u00e9border. Puis, l\u2019int\u00e9ress\u00e9 s\u2019est ensuite aper\u00e7u, avec l\u2019ass\u00e8chement de la piste, qu\u2019il ne pourrait pas pr\u00e9tendre au podium.<\/p>\n<p>R\u00e9sultat, apr\u00e8s sa quatri\u00e8me place sous le drapeau \u00e0 damier, derri\u00e8re le Mon\u00e9gasque, il perd de gros points qui semblent, d\u00e9sormais, r\u00e9dhibitoires, concernant ses espoirs de cinqui\u00e8me couronne. Car avec 65 points de retard sur le deuxi\u00e8me au g\u00e9n\u00e9ral, Lando Norris et 81 unit\u00e9s de d\u00e9ficit compar\u00e9 au leader, Oscar Piastri, il faudrait d\u00e9sormais un miracle pour qu\u2019il puisse se battre pour la d\u00e9fense de son sacre 2024\u2026<\/p>\n<blockquote class=\"twitter-tweet\">\n<p dir=\"ltr\" lang=\"en\">DRIVER STANDINGS (after 13\/24 rounds)<\/p>\n<p>Piastri opens up a 16-point gap over Norris<a href=\"https:\/\/twitter.com\/hashtag\/F1?src=hash&amp;ref_src=twsrc%5Etfw\" target=\"_blank\" rel=\"noopener nofollow\">#F1<\/a> <a href=\"https:\/\/twitter.com\/hashtag\/BelgianGP?src=hash&amp;ref_src=twsrc%5Etfw\" target=\"_blank\" rel=\"noopener nofollow\">#BelgianGP<\/a> <a href=\"https:\/\/t.co\/VJfSFySLWh\" rel=\"nofollow\">pic.twitter.com\/VJfSFySLWh<\/a><\/p>\n<p>\u2014 Formula 1 (@F1) <a href=\"https:\/\/twitter.com\/F1\/status\/1949538276265894363?ref_src=twsrc%5Etfw\" target=\"_blank\" rel=\"noopener nofollow\">July 27, 2025<\/a><\/p>\n<\/blockquote>\n<p>\u00ab La journ\u00e9e a \u00e9t\u00e9 assez d\u00e9cevante et je pense que nous avons manqu\u00e9 de chance\u201c, remarquait Max Verstappen dimanche soir, peu de temps apr\u00e8s l\u2019arriv\u00e9e de sa deuxi\u00e8me course \u00e0 domicile, du fait des origines belges de sa maman. \u201cNous avions pr\u00e9vu le mouill\u00e9 et, au final, nous n\u2019avons pas r\u00e9ussi \u00e0 faire une course sur piste mouill\u00e9e. Nous avons \u00e9t\u00e9 assez impact\u00e9s par l\u2019aileron arri\u00e8re que nous avions choisi et par le fait que la majeure partie de la course s\u2019est d\u00e9roul\u00e9e sur le sec. Nous avons \u00e9t\u00e9 prudents et j\u2019ai eu le sentiment que nous aurions pu faire quelques tours derri\u00e8re la voiture de s\u00e9curit\u00e9. Au final, nous voulons \u00eatre s\u00fbrs de ne pas manquer les courses classiques, car nous pouvons encore avoir de belles courses sur piste mouill\u00e9e.<\/p>\n<\/p>\n<p>Lorsque nous sommes entr\u00e9s en piste avec les pneus slicks, \u00e0 chaque tour, nous voyions Charles prendre le large ; il a bloqu\u00e9 la derni\u00e8re chicane, ce qui a rendu la course plus serr\u00e9e, mais au final, nous n\u2019\u00e9tions pas assez rapides. La course d\u2019aujourd\u2019hui a \u00e9galement r\u00e9v\u00e9l\u00e9 certaines de nos faiblesses ; il est clair que les am\u00e9liorations ont fonctionn\u00e9, mais nous sommes limit\u00e9s dans d\u2019autres domaines, notamment le comportement et la gestion des pneus en g\u00e9n\u00e9ral, ainsi que l\u2019\u00e9quilibre de la voiture. Nous avons fait de notre mieux aujourd\u2019hui, mais il faudra continuer \u00e0 attaquer, \u00e0 progresser et nous repartirons [de l\u2019avant]. \u00bb, concluait le pilote n\u00e9erlandais, d\u00e9\u00e7u mais r\u00e9aliste quant \u00e0 la position hi\u00e9rarchique de son Team, dirig\u00e9 d\u00e9sormais par le Fran\u00e7ais Laurent Mekies.<\/p>\n<p>Plus loin, Charles Leclerc confirme son rapproch\u00e9 face \u00e0 George Russell. Si bien que le pilote Ferrari devrait pouvoir lui contester prochainement la cinqui\u00e8me place. Dans le giron des tricolores, Esteban Ocon conserve la dixi\u00e8me place derri\u00e8re Nico Hulkenberg et juste devant Isack Hadjar. Voici le classement complet du championnat du monde, apr\u00e8s le Grand-Prix de Belgique de F1 2025.<\/p>\n<p>1. Oscar Piastri (AUS \/ McLaren) 266 points<br \/>2. Lando Norris (GBR \/ McLaren) 250 points<br \/>3. Max Verstappen (NED \/ Red Bull) 185 points<br \/>4. George Russell (GBR \/ Mercedes) 157 points<br \/>5. Charles Leclerc (MON \/ Ferrari) 139 points<br \/>6. Lewis Hamilton (GBR \/ Ferrari) 109 points<br \/>7. Andrea Kimi Antonelli (ITA \/ Mercedes) 63 points<br \/>8. Alexander Albon (THA \/ Williams) 54 points<br \/>9. Nico H\u00fclkenberg (GER \/ Sauber) 37 points<br \/>10. Esteban Ocon (FRA \/ Hass) 27 points<br \/>11. Isack Hadjar (FRA \/ Racing Bulls) 22 points<br \/>12. Pierre Gasly (FRA \/ Alpine) 20 points<br \/>13. Lance Stroll (CAN \/ Aston Martin) 20 points<br \/>14. Liam Lawson (NZL \/ Racing Bulls) 16 points<br \/>15. Fernando Alonso (ESP \/ Aston Martin) 16 points<br \/>16. Carlos Sainz Jr (ESP \/ Williams) 16 points<br \/>17. Yuki Tsunoda (JPN \/ Red Bull) 10 points<br \/>18. Oliver Bearman (GBR \/ Haas) 8 points<br \/>19. Gabriel Bortoleto (BRA \/ Kick Sauber F1\u00a0Team) 6 points<\/p>\n<p>Article publi\u00e9 le 28\/07\/2025 \u00e0 6h31<\/p>\n<p>                                                            <script async src=\"https:\/\/platform.twitter.com\/widgets.js\" charset=\"utf-8\"><\/script><\/p>\n","protected":false},"excerpt":{"rendered":"Dans la foul\u00e9e de l\u2019arriv\u00e9e du Grand-Prix de Belgique de F1 2025, il parait \u00e9vident que Mclaren est&hellip;\n","protected":false},"author":2,"featured_media":278895,"comment_status":"","ping_status":"","sticky":false,"template":"","format":"standard","meta":{"footnotes":""},"categories":[1412],"tags":[1981,1451,1452,1453,1454,1455,1011,27,60],"class_list":{"0":"post-278894","1":"post","2":"type-post","3":"status-publish","4":"format-standard","5":"has-post-thumbnail","7":"category-f1","8":"tag-classement","9":"tag-f1","10":"tag-formula-1","11":"tag-formula1","12":"tag-formule-1","13":"tag-formule1","14":"tag-fr","15":"tag-france","16":"tag-sports"},"share_on_mastodon":{"url":"https:\/\/pubeurope.com\/@fr\/114929286766993351","error":""},"_links":{"self":[{"href":"https:\/\/www.europesays.com\/fr\/wp-json\/wp\/v2\/posts\/278894","targetHints":{"allow":["GET"]}}],"collection":[{"href":"https:\/\/www.europesays.com\/fr\/wp-json\/wp\/v2\/posts"}],"about":[{"href":"https:\/\/www.europesays.com\/fr\/wp-json\/wp\/v2\/types\/post"}],"author":[{"embeddable":true,"href":"https:\/\/www.europesays.com\/fr\/wp-json\/wp\/v2\/users\/2"}],"replies":[{"embeddable":true,"href":"https:\/\/www.europesays.com\/fr\/wp-json\/wp\/v2\/comments?post=278894"}],"version-history":[{"count":0,"href":"https:\/\/www.europesays.com\/fr\/wp-json\/wp\/v2\/posts\/278894\/revisions"}],"wp:featuredmedia":[{"embeddable":true,"href":"https:\/\/www.europesays.com\/fr\/wp-json\/wp\/v2\/media\/278895"}],"wp:attachment":[{"href":"https:\/\/www.europesays.com\/fr\/wp-json\/wp\/v2\/media?parent=278894"}],"wp:term":[{"taxonomy":"category","embeddable":true,"href":"https:\/\/www.europesays.com\/fr\/wp-json\/wp\/v2\/categories?post=278894"},{"taxonomy":"post_tag","embeddable":true,"href":"https:\/\/www.europesays.com\/fr\/wp-json\/wp\/v2\/tags?post=278894"}],"curies":[{"name":"wp","href":"https:\/\/api.w.org\/{rel}","templated":true}]}}