{"id":278899,"date":"2025-07-28T05:50:14","date_gmt":"2025-07-28T05:50:14","guid":{"rendered":"https:\/\/www.europesays.com\/fr\/278899\/"},"modified":"2025-07-28T05:50:14","modified_gmt":"2025-07-28T05:50:14","slug":"je-pesais-redouane-bougheraba-se-confie-sur-sa-grosse-perte-de-poids-depuis-sa-participation-a-fort-boyard","status":"publish","type":"post","link":"https:\/\/www.europesays.com\/fr\/278899\/","title":{"rendered":"\u00ab\u00a0Je pesais\u2026\u00a0\u00bb : Redouane Bougheraba se confie sur sa grosse perte de poids depuis sa participation \u00e0 Fort Boyard"},"content":{"rendered":"<p>Lanc\u00e9e pour la premi\u00e8re fois sur l&rsquo;antenne de France 2 en 1990.<br \/>\nL&rsquo;\u00e9mission Fort Boyard est devenue au fil des ann\u00e9es <strong>l&rsquo;un<br \/>\ndes programmes cultes de la cha\u00eene publique<\/strong>. Et de la<br \/>\nt\u00e9l\u00e9vision fran\u00e7aise en g\u00e9n\u00e9ral. Samedi 26 juillet 2025, un nouveau<br \/>\nnum\u00e9ro du jeu incarn\u00e9 par <a href=\"https:\/\/www.closermag.fr\/people\/olivier-minne-quitte-fort-boyard-son-tacle-bien-senti-aux-autres-animateurs-peut-etre-le-seul-3556317\" rel=\"nofollow noopener\" target=\"_blank\"><br \/>\nOlivier Minne<\/a> \u00e9tait diffus\u00e9 en prime time. Ce jour-l\u00e0, <a href=\"https:\/\/www.closermag.fr\/people\/maxime-gasteuil-est-il-en-couple-3563795\" rel=\"nofollow noopener\" target=\"_blank\"><br \/>\nMaxime Gasteuil<\/a>, <a href=\"https:\/\/www.closermag.fr\/people\/manon-azem-mercato-et-vinnie-dargaud-scenes-de-menages-ont-divorce-et-sont-en-froid-3423244\" rel=\"nofollow noopener\" target=\"_blank\"><br \/>\nManon Azem<\/a>, <a href=\"https:\/\/www.closermag.fr\/people\/zabou-breitman-qui-sont-ses-enfants-1210549\" rel=\"nofollow noopener\" target=\"_blank\"><br \/>\nZabou Breitman<\/a>, Redouane Bougheraba et <a href=\"https:\/\/www.telestar.fr\/people\/caroline-anglade-qui-est-son-compagnon-nicolas-moreau-1730993\" rel=\"nofollow noopener\" target=\"_blank\"><br \/>\nCaroline Anglade<\/a> formaient l&rsquo;\u00e9quipe des c\u00e9l\u00e9brit\u00e9s venues<br \/>\nrelever les d\u00e9fis du P\u00e8re Fouras.<\/p>\n<p>Tous ensemble, <strong>ils ont jou\u00e9 au profit de l&rsquo;association<br \/>\nPhoceo<\/strong>. Il s&rsquo;agit en fait du fonds de dotation de<br \/>\nl\u2019Assistance Publique-H\u00f4pitaux de Marseille. \u00ab\u00a0Il incarne une<br \/>\nsolidarit\u00e9 marseillaise concr\u00e8te. Avec 7,7 millions d\u2019euros<br \/>\ncollect\u00e9s et pr\u00e8s de 160 projets financ\u00e9s. Aux c\u00f4t\u00e9s des 18 000<br \/>\nprofessionnels et du million de patients accueillis chaque ann\u00e9e.<br \/>\nPhoceo soutient, tout au long de l\u2019ann\u00e9e, des actions qui comptent<br \/>\npour les patients, les soignants et la recherche\u00a0\u00bb, a indiqu\u00e9<br \/>\nFrance 2 dans un communiqu\u00e9.<\/p>\n<p>Redouane Bougheraba : \u00ab\u00a0C\u2019est exceptionnel de faire Fort Boyard<br \/>\nune fois dans sa vie\u00a0\u00bb<\/p>\n<p>Pour rappel, il s&rsquo;agissait de <strong>la toute premi\u00e8re<br \/>\nparticipation de Redouane Bougheraba<\/strong> au jeu culte de<br \/>\nFrance 2. Ce dernier a d&rsquo;ailleurs r\u00e9cemment \u00e9t\u00e9 interrog\u00e9 \u00e0 ce<br \/>\nsujet par le magazine belge Cin\u00e9 T\u00e9l\u00e9 Revue. Le c\u00e9l\u00e8bre<br \/>\nhumoriste originaire de Marseille a ainsi r\u00e9v\u00e9l\u00e9 qu&rsquo;il n&rsquo;\u00e9tait pas<br \/>\nsp\u00e9cialement aff\u00fbt\u00e9 sur le plan physique lors du tournage de<br \/>\nl&rsquo;\u00e9mission.<\/p>\n<p>\u00ab\u00a0Je ne m\u2019\u00e9tais pas du tout pr\u00e9par\u00e9 physiquement \u00e0 ce<br \/>\ntournage. <strong>Je pesais 108 kilos.<\/strong> J\u2019en ai donc<br \/>\nbav\u00e9. Mais j\u2019ai donn\u00e9 le meilleur.<br \/>\nDepuis,\u00a0je me suis remis au sport. En pratiquant<br \/>\nnotamment la boxe. J\u2019ai perdu 10 kilos. Je suis suivi par un<br \/>\nnutritionniste. C\u2019est exceptionnel de faire Fort Boyard une fois<br \/>\ndans sa vie. Mais pas s\u00fbr que je le referai plus tard. C\u2019est bon,<br \/>\nj\u2019ai donn\u00e9\u2026\u00a0\u00bb, a ainsi d\u00e9clar\u00e9 Redouane Bougheraba.<\/p>\n<p>Olivier Minne a choisi de quitter<br \/>\nFrance T\u00e9l\u00e9visions pour rejoindre M6 la saison prochaine<\/p>\n<p>Il s&rsquo;agit par ailleurs de la toute <strong>derni\u00e8re saison<br \/>\nd&rsquo;Olivier Minne \u00e0 la t\u00eate du programme<\/strong> culte de France 2.<br \/>\nPour rappel, l&rsquo;animateur avait pris les commandes de Fort Boyard en<br \/>\n2003. \u00c0 l&rsquo;\u00e9poque, il avait remplac\u00e9 le com\u00e9dien Jean-Pierre<br \/>\nCastaldi. Qui avait lui-m\u00eame pris la succession du regrett\u00e9 Patrice<br \/>\nLaffont trois ans plus t\u00f4t.<\/p>\n<p>Si Olivier Minne ne sera plus \u00e0 la t\u00eate de Fort Boyard l&rsquo;ann\u00e9e<br \/>\nprochaine. C&rsquo;est parce qu&rsquo;il a pris la d\u00e9cision de quitter France<br \/>\nT\u00e9l\u00e9visions apr\u00e8s 35 ans de bons et loyaux services. En effet,<br \/>\nl&rsquo;animateur sera <strong>l&rsquo;un des nouveaux visages du groupe<br \/>\nM6<\/strong> la saison prochaine. Il a d&rsquo;ailleurs d\u00e9j\u00e0 \u00e9t\u00e9 annonc\u00e9<br \/>\nqu&rsquo;il reprendrait la pr\u00e9sentation du jeu culte Le Maillon Faible \u00e0<br \/>\nla rentr\u00e9e.<\/p>\n","protected":false},"excerpt":{"rendered":"Lanc\u00e9e pour la premi\u00e8re fois sur l&rsquo;antenne de France 2 en 1990. L&rsquo;\u00e9mission Fort Boyard est devenue au&hellip;\n","protected":false},"author":2,"featured_media":278900,"comment_status":"","ping_status":"","sticky":false,"template":"","format":"standard","meta":{"footnotes":""},"categories":[1359],"tags":[548,58,59,15745,1011,27,973],"class_list":{"0":"post-278899","1":"post","2":"type-post","3":"status-publish","4":"format-standard","5":"has-post-thumbnail","7":"category-people","8":"tag-article-simple","9":"tag-divertissement","10":"tag-entertainment","11":"tag-fort-boyard","12":"tag-fr","13":"tag-france","14":"tag-people"},"share_on_mastodon":{"url":"https:\/\/pubeurope.com\/@fr\/114929298505438695","error":""},"_links":{"self":[{"href":"https:\/\/www.europesays.com\/fr\/wp-json\/wp\/v2\/posts\/278899","targetHints":{"allow":["GET"]}}],"collection":[{"href":"https:\/\/www.europesays.com\/fr\/wp-json\/wp\/v2\/posts"}],"about":[{"href":"https:\/\/www.europesays.com\/fr\/wp-json\/wp\/v2\/types\/post"}],"author":[{"embeddable":true,"href":"https:\/\/www.europesays.com\/fr\/wp-json\/wp\/v2\/users\/2"}],"replies":[{"embeddable":true,"href":"https:\/\/www.europesays.com\/fr\/wp-json\/wp\/v2\/comments?post=278899"}],"version-history":[{"count":0,"href":"https:\/\/www.europesays.com\/fr\/wp-json\/wp\/v2\/posts\/278899\/revisions"}],"wp:featuredmedia":[{"embeddable":true,"href":"https:\/\/www.europesays.com\/fr\/wp-json\/wp\/v2\/media\/278900"}],"wp:attachment":[{"href":"https:\/\/www.europesays.com\/fr\/wp-json\/wp\/v2\/media?parent=278899"}],"wp:term":[{"taxonomy":"category","embeddable":true,"href":"https:\/\/www.europesays.com\/fr\/wp-json\/wp\/v2\/categories?post=278899"},{"taxonomy":"post_tag","embeddable":true,"href":"https:\/\/www.europesays.com\/fr\/wp-json\/wp\/v2\/tags?post=278899"}],"curies":[{"name":"wp","href":"https:\/\/api.w.org\/{rel}","templated":true}]}}