{"id":278911,"date":"2025-07-28T05:58:12","date_gmt":"2025-07-28T05:58:12","guid":{"rendered":"https:\/\/www.europesays.com\/fr\/278911\/"},"modified":"2025-07-28T05:58:12","modified_gmt":"2025-07-28T05:58:12","slug":"alain-delon-un-an-apres-sa-mort-les-grandes-retrouvailles-danthony-alain-fabien-et-anouchka-pour-un-evenement-special","status":"publish","type":"post","link":"https:\/\/www.europesays.com\/fr\/278911\/","title":{"rendered":"Alain Delon : un an apr\u00e8s sa mort, les grandes retrouvailles d&rsquo;Anthony, Alain-Fabien et Anouchka pour un \u00e9v\u00e8nement sp\u00e9cial"},"content":{"rendered":"<p>      R\u00e9sum\u00e9<\/p>\n<p>Un an apr\u00e8s le d\u00e9c\u00e8s d&rsquo;Alain Delon, une c\u00e9r\u00e9monie sp\u00e9ciale se tiendra \u00e0 Douchy pour honorer sa m\u00e9moire, r\u00e9unissant potentiellement ses trois enfants au stade rebaptis\u00e9 en son nom.<\/p>\n<p>        Sommaire<\/p>\n<p><strong>C&rsquo;\u00e9tait il y a (bient\u00f4t) un an<\/strong>&#8230; <a href=\"https:\/\/vsd.fr\/84849-il-ne-nous-restait-plus-de-place-alain-delon-un-an-apres-sa-mort-la-decision-historique-du-maire-de-douchy\/\" target=\"_blank\" rel=\"noopener\">Le 18 ao\u00fbt 2024<\/a>, apr\u00e8s des ann\u00e9es de lutte contre des AVC et un lymphome diffus, Alain Delon s&rsquo;\u00e9teint \u00e0 3 heures du matin, \u00e0 l&rsquo;\u00e2ge de 88 ans. Ses derni\u00e8res volont\u00e9s parfaitement respect\u00e9es, le Samoura\u00ef meurt dans sa maison de Douchy (Loiret), \u00e0 laquelle il tenait tant. <strong>L&rsquo;acteur pr\u00e9f\u00e9r\u00e9 des Fran\u00e7ais laisse derri\u00e8re lui une carri\u00e8re immense et ind\u00e9l\u00e9bile<\/strong>, mais \u00e9galement trois enfants, qui sans surprise <a href=\"https:\/\/www.public.fr\/les-enfants-d-alain-delon-se-dechirent-anouchka-executrice-testamentaire-ce-que-ca-signifie-reellement\" target=\"_blank\" rel=\"noopener\">finiront par se d\u00e9chirer au fil des mois<\/a>.<\/p>\n<p>A l&rsquo;occasion du premier anniversaire de la mort de leur p\u00e8re, Anthony, Anouchka et Alain-Fabien Delon vont avoir <strong>une occasion unique de se retrouver&#8230; Mais vont-ils la saisir<\/strong> ? En effet, la mairie de Douchy-Montcorbon a d\u00e9cid\u00e9 d&rsquo;organiser une c\u00e9r\u00e9monie en hommage au monstre sacr\u00e9 du cin\u00e9ma fran\u00e7ais, le 18 ao\u00fbt prochain, un an jour pour jour apr\u00e8s sa disparition. <strong>Cette c\u00e9r\u00e9monie se d\u00e9roulera au stade de football de la commune<\/strong>, lequel sera rebaptis\u00e9 pour l&rsquo;occasion Stade Delon-Douchy. <\/p>\n<p>Contact\u00e9 par l&rsquo;AFP, <strong>Anthony Delon<\/strong> a confirm\u00e9 que cette c\u00e9r\u00e9monie a \u00e9t\u00e9 valid\u00e9e par toute la famille. Il n&rsquo;a pas confirm\u00e9 sa pr\u00e9sence ainsi que celles d&rsquo;Alain-Fabien et Anouchka&#8230; Mais il n&rsquo;\u00e9carte pas l&rsquo;id\u00e9e d&rsquo;y assister.<strong> \u00ab\u00a0Leurs pr\u00e9sences ne sont pas certaines \u00e0 ce jour\u00a0\u00bb<\/strong> indique sobrement l&rsquo;AFP, sans fermer la porte pour autant.<\/p>\n<p>Alain Delon repose aupr\u00e8s de ses chiens, au c\u0153ur de Douchy<\/p>\n<p>Le stade de football \u00e9tait \u00ab\u00a0contigu \u00e0 la propri\u00e9t\u00e9 d&rsquo;Alain Delon\u00a0\u00bb comme le fait savoir la mairie. <strong>Seules des personnes invit\u00e9es \u00e0 la c\u00e9r\u00e9monie seront convi\u00e9es<\/strong>. Les autorit\u00e9s seront pr\u00e9sentes pour s&rsquo;assurer qu&rsquo;aucune personne, non invit\u00e9e, ne vienne semer la pagaille. Une plaque comm\u00e9morative sera d\u00e9voil\u00e9e mais aucune retransmission t\u00e9l\u00e9visuelle n&rsquo;est pr\u00e9vue. Fid\u00e8le \u00e0 Douchy, Alain Delon avait choisi la chapelle de la commune <a href=\"https:\/\/www.public.fr\/baisser-de-rideau-laveu-dechirant-du-plus-jeune-fils-dalain-delon\" target=\"_blank\" rel=\"noopener\">pour son inhumation le 24 ao\u00fbt 2024<\/a>.<strong> Il repose d\u00e9sormais pr\u00e8s de ses chiens<\/strong>, dans sa propri\u00e9t\u00e9, apr\u00e8s accord pr\u00e9fectoral exceptionnel.<\/p>\n<p>      Mentionn\u00e9s dans cet article<\/p>\n<p>\u00c0 lire aussi<\/p>\n","protected":false},"excerpt":{"rendered":"R\u00e9sum\u00e9 Un an apr\u00e8s le d\u00e9c\u00e8s d&rsquo;Alain Delon, une c\u00e9r\u00e9monie sp\u00e9ciale se tiendra \u00e0 Douchy pour honorer sa&hellip;\n","protected":false},"author":2,"featured_media":278912,"comment_status":"","ping_status":"","sticky":false,"template":"","format":"standard","meta":{"footnotes":""},"categories":[8],"tags":[5960,15944,19718,22608,58,30017,59,1011,27,4879,18],"class_list":{"0":"post-278911","1":"post","2":"type-post","3":"status-publish","4":"format-standard","5":"has-post-thumbnail","7":"category-divertissement","8":"tag-alain-delon","9":"tag-alain-fabien-delon","10":"tag-anouchka-delon","11":"tag-anthony-delon","12":"tag-divertissement","13":"tag-douchy","14":"tag-entertainment","15":"tag-fr","16":"tag-france","17":"tag-hommage","18":"tag-mort"},"share_on_mastodon":{"url":"https:\/\/pubeurope.com\/@fr\/114929330049080484","error":""},"_links":{"self":[{"href":"https:\/\/www.europesays.com\/fr\/wp-json\/wp\/v2\/posts\/278911","targetHints":{"allow":["GET"]}}],"collection":[{"href":"https:\/\/www.europesays.com\/fr\/wp-json\/wp\/v2\/posts"}],"about":[{"href":"https:\/\/www.europesays.com\/fr\/wp-json\/wp\/v2\/types\/post"}],"author":[{"embeddable":true,"href":"https:\/\/www.europesays.com\/fr\/wp-json\/wp\/v2\/users\/2"}],"replies":[{"embeddable":true,"href":"https:\/\/www.europesays.com\/fr\/wp-json\/wp\/v2\/comments?post=278911"}],"version-history":[{"count":0,"href":"https:\/\/www.europesays.com\/fr\/wp-json\/wp\/v2\/posts\/278911\/revisions"}],"wp:featuredmedia":[{"embeddable":true,"href":"https:\/\/www.europesays.com\/fr\/wp-json\/wp\/v2\/media\/278912"}],"wp:attachment":[{"href":"https:\/\/www.europesays.com\/fr\/wp-json\/wp\/v2\/media?parent=278911"}],"wp:term":[{"taxonomy":"category","embeddable":true,"href":"https:\/\/www.europesays.com\/fr\/wp-json\/wp\/v2\/categories?post=278911"},{"taxonomy":"post_tag","embeddable":true,"href":"https:\/\/www.europesays.com\/fr\/wp-json\/wp\/v2\/tags?post=278911"}],"curies":[{"name":"wp","href":"https:\/\/api.w.org\/{rel}","templated":true}]}}