{"id":278919,"date":"2025-07-28T06:02:15","date_gmt":"2025-07-28T06:02:15","guid":{"rendered":"https:\/\/www.europesays.com\/fr\/278919\/"},"modified":"2025-07-28T06:02:15","modified_gmt":"2025-07-28T06:02:15","slug":"passagers-interception-ce-que-lon-sait-de-la-deuxieme-flottille-pour-la-liberte-arretee-par-israel","status":"publish","type":"post","link":"https:\/\/www.europesays.com\/fr\/278919\/","title":{"rendered":"Passagers, interception\u2026 Ce que l\u2019on sait de la deuxi\u00e8me \u00ab\u00a0Flottille pour la libert\u00e9\u00a0\u00bb, arr\u00eat\u00e9e par Isra\u00ebl"},"content":{"rendered":"<p>Le Handala, un bateau exploit\u00e9 par le mouvement propalestinien \u00ab\u00a0Flottille pour la libert\u00e9\u00a0\u00bb, est arriv\u00e9 en <a href=\"https:\/\/www.20minutes.fr\/monde\/israel\/\" target=\"_blank\" class=\"color-ultramarine c-link\" rel=\"nofollow noopener\">Isra\u00ebl <\/a>ce dimanche apr\u00e8s avoir \u00e9t\u00e9 intercept\u00e9 par l\u2019arm\u00e9e. Comme lors de la premi\u00e8re tentative, le navire se dirigeait vers <a href=\"https:\/\/www.20minutes.fr\/monde\/gaza\/\" target=\"_blank\" class=\"color-ultramarine c-link\" rel=\"nofollow noopener\">Gaza <\/a>avec de l\u2019<a href=\"https:\/\/www.20minutes.fr\/monde\/aide_humanitaire\/\" target=\"_blank\" class=\"color-ultramarine c-link\" rel=\"nofollow noopener\">aide humanitaire<\/a> \u00e0 bord. Parti de Gallipoli, en <a href=\"https:\/\/www.20minutes.fr\/dossier\/italie\" target=\"_blank\" class=\"color-ultramarine c-link\" rel=\"nofollow noopener\">Italie<\/a>, le 20\u00a0juillet, le navire a subi le m\u00eame sort que son pr\u00e9d\u00e9cesseur, le Madleen, \u00e0 bord duquel se trouvaient notamment l\u2019eurod\u00e9put\u00e9e insoumise <a href=\"https:\/\/www.20minutes.fr\/politique\/rima-hassan\/\" target=\"_blank\" class=\"color-ultramarine c-link\" rel=\"nofollow noopener\">Rima Hassan<\/a> et la militante \u00e9cologiste <a href=\"https:\/\/www.20minutes.fr\/planete\/greta-thunberg\/\" target=\"_blank\" class=\"color-ultramarine c-link\" rel=\"nofollow noopener\">Greta Thunberg<\/a>. 20 Minutes fait le point sur l\u2019interception de ce nouveau bateau par Isra\u00ebl.<\/p>\n<p>Quel \u00e9tait le but de cette deuxi\u00e8me \u00ab\u00a0Flottille\u00a0\u00bb\u00a0?<\/p>\n<p>Le navire, un ancien chalutier norv\u00e9gien, tentait de briser le <a href=\"https:\/\/www.20minutes.fr\/dossier\/blocus\" target=\"_blank\" class=\"color-ultramarine c-link\" rel=\"nofollow noopener\">blocus <\/a>naval isra\u00e9lien de <a href=\"https:\/\/www.20minutes.fr\/monde\/israel\/4164975-20250724-gaza-effondrement-toutes-valeurs-defendues-occident-peut-arreter-horreur\" target=\"_blank\" class=\"color-ultramarine c-link\" rel=\"nofollow noopener\">Gaza et apporter une petite quantit\u00e9 d\u2019aide humanitaire<\/a> aux habitants du territoire, ravag\u00e9 par plus de 21 mois de guerre et en proie \u00e0 une crise humanitaire majeure. Son interception intervient alors qu\u2019Isra\u00ebl a annonc\u00e9, sous la pression internationale, <a href=\"https:\/\/www.20minutes.fr\/monde\/israel\/4165487-20250727-famine-gaza-25-tonnes-aide-humanitaire-larguees-convoi-terrestre-premiers-effets-pauses-tactiques\" target=\"_blank\" class=\"color-ultramarine c-link\" rel=\"nofollow noopener\">une \u00ab\u00a0pause tactique\u00a0\u00bb quotidienne pour laisser passer l\u2019aide humanitaire<\/a>.<\/p>\n<\/p>\n<p>Le Handala transportait du mat\u00e9riel m\u00e9dical, des denr\u00e9es alimentaires, des \u00e9quipements pour enfants ainsi que des m\u00e9dicaments. L\u2019exp\u00e9dition a \u00e9t\u00e9 financ\u00e9e par des campagnes de dons.<\/p>\n<p>Qui sont les passagers\u00a0?<\/p>\n<p>A bord du bateau se trouvent 21 personnes\u00a0: 19 militants propalestiniens de nationalit\u00e9s diverses, parmi lesquels deux \u00e9lues de <a href=\"https:\/\/www.20minutes.fr\/politique\/france-insoumise\/\" target=\"_blank\" class=\"color-ultramarine c-link\" rel=\"nofollow noopener\">La France insoumise<\/a>, Gabrielle Cathala et Emma Fourreau, ainsi que deux journalistes.<\/p>\n<p><a href=\"https:\/\/www.liberation.fr\/international\/le-handala-vieux-bateau-de-peche-de-la-freedom-flotilla-met-les-voiles-vers-gaza-avec-deux-elues-francaises-20250710_TN735UAV4JECXE4LYYY7H2JRLM\/\" target=\"_blank\" class=\"color-ultramarine c-link\" rel=\"nofollow noopener\">Selon Lib\u00e9ration<\/a>, qui s\u2019est procur\u00e9 la liste des passagers, se trouve notamment \u00e0 bord Jacob Berger, un influenceur juif am\u00e9ricain, Bob Suberi, 82 ans, un autre militant juif am\u00e9ricain, Chris Smalls, fondateur du syndicat des travailleurs Amazon aux Etats-Unis, ou encore Huwaida Arraf, avocate palestino-am\u00e9ricaine.<\/p>\n<p>Que sait-on de l\u2019interception du bateau\u00a0?<\/p>\n<p>Samedi, une vid\u00e9o en direct depuis le Handala montrait des soldats isra\u00e9liens montant \u00e0 bord. Les images &#8211; diffus\u00e9es en ligne par les militants &#8211; montraient des membres de l\u2019\u00e9quipage assis sur le pont du bateau les mains en l\u2019air et sifflant la chanson antifasciste italienne Bella Ciao pendant que les soldats prenaient le contr\u00f4le du navire. Elles ont \u00e9t\u00e9 coup\u00e9es quelques minutes plus tard.<\/p>\n<p>Le minist\u00e8re isra\u00e9lien des Affaires \u00e9trang\u00e8res a d\u00e9clar\u00e9 que la marine avait arr\u00eat\u00e9 le navire pour l\u2019emp\u00eacher d\u2019entrer dans les eaux au large de la bande de Gaza. \u00ab\u00a0Le navire se dirige en toute s\u00e9curit\u00e9 vers les c\u00f4tes isra\u00e9liennes. Tous les passagers sont sains et saufs\u00a0\u00bb, a-t-il d\u00e9clar\u00e9.<\/p>\n<p>Dans un message sur les <a href=\"https:\/\/www.20minutes.fr\/dossier\/reseaux_sociaux\" target=\"_blank\" class=\"color-ultramarine c-link\" rel=\"nofollow noopener\">r\u00e9seaux sociaux<\/a>, la \u00ab\u00a0Flottille pour la libert\u00e9\u00a0\u00bb a indiqu\u00e9 que le \u00ab\u00a0Handala a \u00e9t\u00e9 intercept\u00e9 et abord\u00e9 ill\u00e9galement par les forces isra\u00e9liennes alors qu\u2019il se trouvait dans les eaux internationales\u00a0\u00bb. Un outil de suivi en ligne montre que le navire se trouvait dans les eaux internationales, \u00e0 environ 50 kilom\u00e8tres de la c\u00f4te \u00e9gyptienne et \u00e0 100 kilom\u00e8tres \u00e0 l\u2019ouest de Gaza, lorsqu\u2019il a \u00e9t\u00e9 intercept\u00e9.<\/p>\n<p>Et maintenant\u00a0?<\/p>\n<p>Arriv\u00e9s en Isra\u00ebl ce dimanche, 19 de 21 membres d\u2019\u00e9quipage ont rencontr\u00e9 l\u2019ONG isra\u00e9lienne Adalah pour b\u00e9n\u00e9ficier d\u2019une aide juridique. \u00ab\u00a0Deux autres militants, Bob Subery et Huwaida Arraf, qui poss\u00e8dent la double nationalit\u00e9 [isra\u00e9lienne et am\u00e9ricaine], ont \u00e9t\u00e9 transf\u00e9r\u00e9s \u00e0 la police, o\u00f9 un avocat d\u2019Adalah est \u00e9galement pr\u00e9sent pour leur offrir un soutien juridique\u00a0\u00bb, a ajout\u00e9 l\u2019ONG dans un communiqu\u00e9.<\/p>\n<p><a href=\"https:\/\/www.20minutes.fr\/monde\/conflit_israelo-palestinien\/\" target=\"_blank\" class=\"c-link c-btn c-btn--primary\" rel=\"nofollow noopener\">Notre dossier sur le conflit isra\u00e9lo-palestinien<\/a><\/p>\n<p>Avant d\u2019\u00eatre arr\u00eat\u00e9s, les membres de l\u2019\u00e9quipage avaient d\u00e9clar\u00e9 sur X qu\u2019ils entameraient une <a href=\"https:\/\/www.20minutes.fr\/dossier\/greve-faim\" target=\"_blank\" class=\"color-ultramarine c-link\" rel=\"nofollow noopener\">gr\u00e8ve de la faim<\/a> si l\u2019arm\u00e9e isra\u00e9lienne interceptait le bateau et arr\u00eatait ses passagers. Les militants du Madleen, le premier bateau \u00ab\u00a0Flotille de la libert\u00e9\u00a0\u00bb lui aussi intercept\u00e9 par l\u2019arm\u00e9e isra\u00e9lienne dans les eaux internationales le 9\u00a0juin, avaient finalement \u00e9t\u00e9 expuls\u00e9s par Isra\u00ebl.<\/p>\n","protected":false},"excerpt":{"rendered":"Le Handala, un bateau exploit\u00e9 par le mouvement propalestinien \u00ab\u00a0Flottille pour la libert\u00e9\u00a0\u00bb, est arriv\u00e9 en Isra\u00ebl ce&hellip;\n","protected":false},"author":2,"featured_media":278920,"comment_status":"","ping_status":"","sticky":false,"template":"","format":"standard","meta":{"footnotes":""},"categories":[4],"tags":[47,11,16176,5160,3259,30076,1011,27,665,664,1023,74,12,11356,25],"class_list":{"0":"post-278919","1":"post","2":"type-post","3":"status-publish","4":"format-standard","5":"has-post-thumbnail","7":"category-france","8":"tag-actualite","9":"tag-actualites","10":"tag-aide-humanitaire","11":"tag-bateau","12":"tag-conflit-israelo-palestinien","13":"tag-flottille","14":"tag-fr","15":"tag-france","16":"tag-gaza","17":"tag-israel","18":"tag-la-france-insoumise-lfi","19":"tag-monde","20":"tag-news","21":"tag-ong","22":"tag-republique-francaise"},"share_on_mastodon":{"url":"https:\/\/pubeurope.com\/@fr\/114929345828343860","error":""},"_links":{"self":[{"href":"https:\/\/www.europesays.com\/fr\/wp-json\/wp\/v2\/posts\/278919","targetHints":{"allow":["GET"]}}],"collection":[{"href":"https:\/\/www.europesays.com\/fr\/wp-json\/wp\/v2\/posts"}],"about":[{"href":"https:\/\/www.europesays.com\/fr\/wp-json\/wp\/v2\/types\/post"}],"author":[{"embeddable":true,"href":"https:\/\/www.europesays.com\/fr\/wp-json\/wp\/v2\/users\/2"}],"replies":[{"embeddable":true,"href":"https:\/\/www.europesays.com\/fr\/wp-json\/wp\/v2\/comments?post=278919"}],"version-history":[{"count":0,"href":"https:\/\/www.europesays.com\/fr\/wp-json\/wp\/v2\/posts\/278919\/revisions"}],"wp:featuredmedia":[{"embeddable":true,"href":"https:\/\/www.europesays.com\/fr\/wp-json\/wp\/v2\/media\/278920"}],"wp:attachment":[{"href":"https:\/\/www.europesays.com\/fr\/wp-json\/wp\/v2\/media?parent=278919"}],"wp:term":[{"taxonomy":"category","embeddable":true,"href":"https:\/\/www.europesays.com\/fr\/wp-json\/wp\/v2\/categories?post=278919"},{"taxonomy":"post_tag","embeddable":true,"href":"https:\/\/www.europesays.com\/fr\/wp-json\/wp\/v2\/tags?post=278919"}],"curies":[{"name":"wp","href":"https:\/\/api.w.org\/{rel}","templated":true}]}}