{"id":278921,"date":"2025-07-28T06:03:14","date_gmt":"2025-07-28T06:03:14","guid":{"rendered":"https:\/\/www.europesays.com\/fr\/278921\/"},"modified":"2025-07-28T06:03:14","modified_gmt":"2025-07-28T06:03:14","slug":"presence-influence-decisions-quel-est-le-role-de-kylian-mbappe-a-la-tete-du-sm-caen-lequipe","status":"publish","type":"post","link":"https:\/\/www.europesays.com\/fr\/278921\/","title":{"rendered":"Pr\u00e9sence, influence, d\u00e9cisions : quel est le r\u00f4le de Kylian Mbapp\u00e9 \u00e0 la t\u00eate du SM Caen ? &#8211; L&#039;\u00c9quipe"},"content":{"rendered":"<ol>\n<li><a href=\"https:\/\/news.google.com\/rss\/articles\/CBMiywFBVV95cUxQall3NW1kWExtejBFc3NKZlZJeFJadmlUWlVkeE9YWTBDdkJ1MjVnTXhnOFFXWks1MUF5c3lQWERYRV9vZEo4THhhQzUzY2wzX3VMSVhhZHNlMEk0UHJxeDgtbnFXMlM2SkxBek9aZFZZZGFXaHFUMXc1YzFFYmFCaVhiZ2JlN2U4M0xSc0dZeDk3Q1YzMjE2d040ZC1JWGN4cWFTTmMxR3M1cnVfNTM2bC1abkVES002cmVoV2V4R2RUNE9NekJKZElrVQ?oc=5\" target=\"_blank\" rel=\"noopener\">Pr\u00e9sence, influence, d\u00e9cisions : quel est le r\u00f4le de Kylian Mbapp\u00e9 \u00e0 la t\u00eate du SM Caen ?<\/a>&nbsp;&nbsp;L&rsquo;\u00c9quipe<\/li>\n<li><a href=\"https:\/\/news.google.com\/rss\/articles\/CBMikgJBVV95cUxNMUpUWnQ2VFFLcXRPLTE1QWVHZDRWdVp2Vl9tUTFWWm4yRHBSSnpxcXFhWkRBYWVkSm5OQ3F6aDRSM3lMNEUwUmcwQVJQbnVaNlFDbkVMQUhWT09OTFVtVWc1OWN0VW9hdFNobVpCTDRVY2FIWHoxN0N6WVl1dFdldHZreUxVMS1VYnluWEFDd196NnhrRHdiM1hJcmg0SUNLYlZ4S2VpOGUzMVhGNFRWTVFHR2ZvZ3gzZVVTbEtYUmNkeFZpbzBlcTEwNVVlQzJBWWtjRzhOMVRQU0VFdmVFNk81TDVUZ3k0am56MTVrUm45ZDFEUU1ac0tPT0ROYWIwS3lwZW9ZdDNPdFhkZTc0Tmln?oc=5\" target=\"_blank\" rel=\"noopener\">\u00ab Pour ce genre de grandes d\u00e9cisions, il est plus qu&rsquo;inform\u00e9 \u00bb : Kylian Mbapp\u00e9, un actionnaire impliqu\u00e9 dans le choix de l&rsquo;entra\u00eeneur \u00e0 Caen<\/a>&nbsp;&nbsp;L&rsquo;\u00c9quipe<\/li>\n<li><a href=\"https:\/\/news.google.com\/rss\/articles\/CBMiqgFBVV95cUxOYVJwcWhlOXNiRU1DQUdWWk9Xbnk1eGo5eWxPYzB3N0p0SzZmZFQxNS1lZUg3S0dFWXU4VGFKajlDbm03RGJ0dm1RelRaZHllVEZsS0RMdExFdW02R2hzVTFnTUdaQ0drcWNtQUdQYnpDQWo2UFEweHpxbk1neWVXOHlFejJvci1BZVdvdkFERzdIZzNDSGR0VUJ6WlhQWHRubHBzUUVFV0FFdw?oc=5\" target=\"_blank\" rel=\"noopener\">Fayza Lamari, Reda Hammache, Pascal Plancque : ils portent la parole de Kylian Mbapp\u00e9 au SM Caen<\/a>&nbsp;&nbsp;L&rsquo;\u00c9quipe<\/li>\n<li><a href=\"https:\/\/news.google.com\/rss\/articles\/CBMijgFBVV95cUxQaV85VC11RUpaaUhRbDhZRkw2VXRtdm90T3ZhcWxFT3dsVW5wOGFYZjJwa1B0SnI5dGJVVTBIOFhmRWo0R0NGeFVKemdTZ2drVVBIZEhzRmFENUVKN2MwNC1ZblhTNjBaYXQ1MGpMSGlEbHZwc2VFMXhQbXhVWlg3ZE9aME90bmd3VXZNZkpB?oc=5\" target=\"_blank\" rel=\"noopener\">Mbapp\u00e9 et Caen perdent gros<\/a>&nbsp;&nbsp;MSN<\/li>\n<li><a href=\"https:\/\/news.google.com\/rss\/articles\/CBMihAJBVV95cUxPeG8tMGh3YWRsUm5WcHJLVk9FVGduYWM3YmZyTWhEMjJ5Uk96SFBVMWJYMEhIR2QyRWFMLUlvYkJLSWhvM3hoSjJuSmt5Z0JCeEY3TE00TlI0MEpKT1VYSm00MTZHeV96cllBcmFjMWxFQk1KQlEyZmJZZW5PU2ZPMzQ4TjB0cEp0aENOQ3JWNXh3TTYwb3AyUmc1RFVXelFxTkFDX2Nrcy1mbHFrcEFzcEdtZFF6d2o0eFVGNFVFTEpvSFhGdWhyMENKTUEzUmZkb1ZlMkdNdEZHSnNMV2pfR0VaODRfUVlSZjc1V1lfTS15YTBma0xWS3FtRFFnVnd5R21KYw?oc=5\" target=\"_blank\" rel=\"noopener\">\u00ab Le terreau n&rsquo;\u00e9tait pas fertile, mais on n&rsquo;a pas \u00e9t\u00e9 parfaits non plus \u00bb : comment Caen essaie de dig\u00e9rer sa rel\u00e9gation en National<\/a>&nbsp;&nbsp;L&rsquo;\u00c9quipe<\/li>\n<\/ol>\n","protected":false},"excerpt":{"rendered":"Pr\u00e9sence, influence, d\u00e9cisions : quel est le r\u00f4le de Kylian Mbapp\u00e9 \u00e0 la t\u00eate du SM Caen ?&nbsp;&nbsp;L&rsquo;\u00c9quipe&hellip;\n","protected":false},"author":2,"featured_media":278922,"comment_status":"","ping_status":"","sticky":false,"template":"","format":"standard","meta":{"footnotes":""},"categories":[2],"tags":[11,1011,27,12],"class_list":{"0":"post-278921","1":"post","2":"type-post","3":"status-publish","4":"format-standard","5":"has-post-thumbnail","7":"category-actualites","8":"tag-actualites","9":"tag-fr","10":"tag-france","11":"tag-news"},"share_on_mastodon":{"url":"https:\/\/pubeurope.com\/@fr\/114929349635566622","error":""},"_links":{"self":[{"href":"https:\/\/www.europesays.com\/fr\/wp-json\/wp\/v2\/posts\/278921","targetHints":{"allow":["GET"]}}],"collection":[{"href":"https:\/\/www.europesays.com\/fr\/wp-json\/wp\/v2\/posts"}],"about":[{"href":"https:\/\/www.europesays.com\/fr\/wp-json\/wp\/v2\/types\/post"}],"author":[{"embeddable":true,"href":"https:\/\/www.europesays.com\/fr\/wp-json\/wp\/v2\/users\/2"}],"replies":[{"embeddable":true,"href":"https:\/\/www.europesays.com\/fr\/wp-json\/wp\/v2\/comments?post=278921"}],"version-history":[{"count":0,"href":"https:\/\/www.europesays.com\/fr\/wp-json\/wp\/v2\/posts\/278921\/revisions"}],"wp:featuredmedia":[{"embeddable":true,"href":"https:\/\/www.europesays.com\/fr\/wp-json\/wp\/v2\/media\/278922"}],"wp:attachment":[{"href":"https:\/\/www.europesays.com\/fr\/wp-json\/wp\/v2\/media?parent=278921"}],"wp:term":[{"taxonomy":"category","embeddable":true,"href":"https:\/\/www.europesays.com\/fr\/wp-json\/wp\/v2\/categories?post=278921"},{"taxonomy":"post_tag","embeddable":true,"href":"https:\/\/www.europesays.com\/fr\/wp-json\/wp\/v2\/tags?post=278921"}],"curies":[{"name":"wp","href":"https:\/\/api.w.org\/{rel}","templated":true}]}}