{"id":278930,"date":"2025-07-28T06:11:11","date_gmt":"2025-07-28T06:11:11","guid":{"rendered":"https:\/\/www.europesays.com\/fr\/278930\/"},"modified":"2025-07-28T06:11:11","modified_gmt":"2025-07-28T06:11:11","slug":"cette-ophtalmologue-refuse-poussette-et-fauteuil-roulant-au-cabinet-extremement-mal","status":"publish","type":"post","link":"https:\/\/www.europesays.com\/fr\/278930\/","title":{"rendered":"Cette ophtalmologue refuse poussette et fauteuil roulant au cabinet\u00a0: \u00ab\u00a0Extr\u00eamement mal"},"content":{"rendered":"<p>\u00ab\u00a0Un seul accompagnant est autoris\u00e9, y compris en salle d\u2019attente. Poussettes, trottinettes, fauteuils roulants,\u00a0etc., doivent \u00eatre laiss\u00e9s \u00e0 l\u2019accueil. Merci de votre compr\u00e9hension.\u00a0\u00bb C\u2019est ce qui est \u00e9crit sur la porte d\u2019entr\u00e9e. De la compr\u00e9hension, cette jeune maman d\u2019un b\u00e9b\u00e9 de deux mois n\u2019en a pas vraiment re\u00e7u, rapporte la version suisse de <a href=\"https:\/\/www.20min.ch\/fr\/story\/canton-de-vaud-elle-refuse-les-poussettes-et-fauteuils-roulants-dans-son-cabinet-103385776\" rel=\"nofollow noopener\" target=\"_blank\">20\u00a0Minutes<\/a>.<\/p>\n<p>Il y a quelques jours, elle s\u2019est rendue dans un cabinet d\u2019ophtalmologie situ\u00e9 sur la C\u00f4te vaudoise, en Suisse. <strong>\u00ab\u00a0Je venais pour la premi\u00e8re fois dans ce cabinet pour un simple examen de la vue. Et vu l\u2019\u00e2ge de mon b\u00e9b\u00e9, je l\u2019ai emmen\u00e9 avec moi en poussette. Or, j\u2019ai \u00e9t\u00e9 extr\u00eamement mal re\u00e7ue.\u00a0\u00bb<\/strong><\/p>\n<p>\u00ab\u00a0Je suis repartie tr\u00e8s \u00e9nerv\u00e9e\u00a0\u00bb<\/p>\n<p>La jeune maman explique que la praticienne a tiqu\u00e9 en la voyant arriver avec la poussette, en lui rappelant que celle-ci n\u2019\u00e9tait pas autoris\u00e9e. Elle a toutefois accept\u00e9 de la recevoir, \u00e0 condition que le nourrisson reste sur ses genoux.<\/p>\n<p><strong>Lire aussi\u00a0:<\/strong> <a href=\"https:\/\/rennes.maville.com\/actu\/actudet_-un-bebe-de-21-mois-decede-dans-un-toboggan-apres-avoir-glisse-des-bras-de-son-pere-_53511-6913384_actu.Htm\" rel=\"- noopener\" target=\"_blank\">Un b\u00e9b\u00e9 de 21\u00a0mois d\u00e9c\u00e8de dans un toboggan apr\u00e8s avoir gliss\u00e9 des bras de son p\u00e8re<\/a><\/p>\n<p>Mais au moment de la consultation, le b\u00e9b\u00e9 s\u2019est mis \u00e0 pleurer. La m\u00e8re a alors propos\u00e9 de l\u2019allaiter ou de le laisser pleurer pendant l\u2019examen, qui ne devait durer que quelques minutes. Une proposition que l\u2019ophtalmologue a refus\u00e9e, lui demandant de prendre un nouveau rendez-vous lorsqu\u2019elle aurait une solution de garde\u00a0: <strong>\u00ab\u00a0Je suis repartie tr\u00e8s \u00e9nerv\u00e9e\u00a0\u00bb<\/strong>, souffle la patiente.<\/p>\n<p>Interrog\u00e9e par nos confr\u00e8res, la doctoresse regrette ces accusations\u00a0: <strong>\u00ab\u00a0Les indications mentionn\u00e9es sur l\u2019affiche ne constituent pas une interdiction g\u00e9n\u00e9rale, mais une mesure d\u2019organisation visant \u00e0 optimiser le confort de chacun dans la salle d\u2019attente.\u00a0\u00bb<\/strong> Elle se dit <strong>\u00ab\u00a0profond\u00e9ment affect\u00e9e par ces accusations infond\u00e9es\u00a0\u00bb<\/strong>. Elle pr\u00e9cise \u00e9galement que les poussettes peuvent \u00eatre d\u00e9pos\u00e9es \u00e0 l\u2019accueil, <strong>\u00ab\u00a0o\u00f9 les parents disposent d\u2019un espace d\u2019attente adapt\u00e9\u00a0\u00bb<\/strong>. De m\u00eame, les personnes en fauteuil roulant peuvent attendre leur prise en charge \u00e0 c\u00f4t\u00e9 de la r\u00e9ception.<\/p>\n<p>\u00ab\u00a0Choquante et d\u00e9valorisante\u00a0\u00bb<\/p>\n<p>Pro Infirmis, une organisation qui d\u00e9fend les int\u00e9r\u00eats des personnes en situation de handicap, se dit choqu\u00e9e\u00a0: <strong>\u00ab\u00a0Une telle affiche est choquante et d\u00e9valorisante \u00e0 l\u2019\u00e9gard des personnes en chaise roulante.\u00a0\u00bb<\/strong><\/p>\n<p>Son porte-parole rappelle que la loi sur l\u2019\u00e9galit\u00e9 pour les personnes handicap\u00e9es <strong>\u00ab\u00a0interdit aux particuliers qui fournissent des prestations au public de traiter une personne handicap\u00e9e de fa\u00e7on discriminatoire, du fait de son handicap\u00a0\u00bb.<\/strong><\/p>\n<p>\u00a0<\/p>\n","protected":false},"excerpt":{"rendered":"\u00ab\u00a0Un seul accompagnant est autoris\u00e9, y compris en salle d\u2019attente. Poussettes, trottinettes, fauteuils roulants,\u00a0etc., doivent \u00eatre laiss\u00e9s \u00e0&hellip;\n","protected":false},"author":2,"featured_media":278931,"comment_status":"","ping_status":"","sticky":false,"template":"","format":"standard","meta":{"footnotes":""},"categories":[9619],"tags":[1111,11,41848,1777,674,41849,41846,1011,27,26830,12,41845,29040,882,8848,21069,25,41847,2310],"class_list":{"0":"post-278930","1":"post","2":"type-post","3":"status-publish","4":"format-standard","5":"has-post-thumbnail","7":"category-toulon","8":"tag-actu","9":"tag-actualites","10":"tag-cabinet","11":"tag-eu","12":"tag-europe","13":"tag-extremement","14":"tag-fauteuil","15":"tag-fr","16":"tag-france","17":"tag-mal","18":"tag-news","19":"tag-ophtalmologue","20":"tag-poussette","21":"tag-provence-alpes-cote-dazur","22":"tag-recue","23":"tag-refuse","24":"tag-republique-francaise","25":"tag-roulant","26":"tag-toulon"},"share_on_mastodon":{"url":"https:\/\/pubeurope.com\/@fr\/114929381173540304","error":""},"_links":{"self":[{"href":"https:\/\/www.europesays.com\/fr\/wp-json\/wp\/v2\/posts\/278930","targetHints":{"allow":["GET"]}}],"collection":[{"href":"https:\/\/www.europesays.com\/fr\/wp-json\/wp\/v2\/posts"}],"about":[{"href":"https:\/\/www.europesays.com\/fr\/wp-json\/wp\/v2\/types\/post"}],"author":[{"embeddable":true,"href":"https:\/\/www.europesays.com\/fr\/wp-json\/wp\/v2\/users\/2"}],"replies":[{"embeddable":true,"href":"https:\/\/www.europesays.com\/fr\/wp-json\/wp\/v2\/comments?post=278930"}],"version-history":[{"count":0,"href":"https:\/\/www.europesays.com\/fr\/wp-json\/wp\/v2\/posts\/278930\/revisions"}],"wp:featuredmedia":[{"embeddable":true,"href":"https:\/\/www.europesays.com\/fr\/wp-json\/wp\/v2\/media\/278931"}],"wp:attachment":[{"href":"https:\/\/www.europesays.com\/fr\/wp-json\/wp\/v2\/media?parent=278930"}],"wp:term":[{"taxonomy":"category","embeddable":true,"href":"https:\/\/www.europesays.com\/fr\/wp-json\/wp\/v2\/categories?post=278930"},{"taxonomy":"post_tag","embeddable":true,"href":"https:\/\/www.europesays.com\/fr\/wp-json\/wp\/v2\/tags?post=278930"}],"curies":[{"name":"wp","href":"https:\/\/api.w.org\/{rel}","templated":true}]}}