{"id":278936,"date":"2025-07-28T06:14:10","date_gmt":"2025-07-28T06:14:10","guid":{"rendered":"https:\/\/www.europesays.com\/fr\/278936\/"},"modified":"2025-07-28T06:14:10","modified_gmt":"2025-07-28T06:14:10","slug":"on-mange-la-foret-depuis-des-annees-sagace-un-elu-ecolo","status":"publish","type":"post","link":"https:\/\/www.europesays.com\/fr\/278936\/","title":{"rendered":"\u00ab On mange la for\u00eat depuis des ann\u00e9es\u2009\u00bb, s&rsquo;agace un \u00e9lu \u00e9colo"},"content":{"rendered":"<p>            Par<br \/>\n        <strong><br \/>\n            <a href=\"https:\/\/actu.fr\/auteur\/thomas-rideau\" title=\"Consulter tous les articles de Thomas Rideau\" rel=\"nofollow noopener\" target=\"_blank\">Thomas Rideau<\/a><br \/>\n        <\/strong><\/p>\n<p>        Publi\u00e9 le<\/p>\n<p>            28 juil. 2025 \u00e0 8h08        <\/p>\n<p>Du jour au lendemain, ce 13\u00a0juillet 2025, la sc\u00e8ne a surpris David Fontaine, adjoint EELV \u00e0 la ville de <a href=\"https:\/\/actu.fr\/normandie\/saint-etienne-du-rouvray_76575\" rel=\"nofollow noopener\" target=\"_blank\">Saint-\u00c9tienne-du-Rouvray (Seine-Maritime)<\/a>. Une parcelle d\u2019<strong>un hectare de for\u00eat a \u00e9t\u00e9 ras\u00e9e pour construire des bureaux<\/strong>, dans le secteur de la <strong>Vente Olivier<\/strong>, le long de la rue du Noyer des Boutti\u00e8res.<\/p>\n<p>\u00ab\u2009On mange la for\u00eat du Rouvray depuis des ann\u00e9es\u2009\u00bb<\/p>\n<p class=\" wall-content\">\u00ab\u2009L\u00e0, on rase de <a href=\"https:\/\/actu.fr\/tag\/foret\" rel=\"nofollow noopener\" target=\"_blank\">500 \u00e0 700 arbres<\/a> pour construire des hangars et des bureaux.<strong> On mange la for\u00eat du Rouvray depuis des ann\u00e9es\u2009<\/strong>\u00bb, d\u00e9plore l\u2019\u00e9lu qui pointe surtout du doigt la \u00ab\u2009m\u00e9thode\u2009\u00bb et le manque de concertation avant que ces arbres ne soient abattus. \u00ab\u2009Oui, \u00e7a fait des ann\u00e9es qu\u2019une d\u00e9l\u00e9gation de service publique a \u00e9t\u00e9 sign\u00e9e pour l\u2019am\u00e9nagement de la zone du Madrillet, mais \u00e7a n\u2019emp\u00eache pas de <strong>se mettre autour de la table<\/strong> et de regarder o\u00f9 on pourrait construire ces bureaux.\u2009\u00bb<\/p>\n<blockquote class=\"ac-article-quote wall-content\">\n<p>\u00c7a ne sert \u00e0 rien de planter deux trois arbres en ville si c&rsquo;est pour en raser entre 500 et 700 derri\u00e8re, pour faire des hangars, \u00e7a n&rsquo;a pas de sens !<\/p>\n<p>    <strong>David Fontaine<\/strong><br \/>\n        \u00c9lu EELV \u00e0 la ville de Saint-\u00c9tienne-du-Rouvray    <\/p><\/blockquote>\n<p class=\" wall-content\">\u00ab\u2009On vit une crise climatique gigantesque. On peut faire autrement\u2009!\u2009\u00bb, r\u00e9sume David Fontaine qui craint pour ce qui reste de la for\u00eat du Rouvray situ\u00e9e au nord de la Rocade sud.<\/p>\n<p>Un reboisement \u00e0 Malaunay \u00ab\u2009pour compenser\u2009\u00bb<\/p>\n<p class=\" wall-content\">Interrog\u00e9 par 76actu, <strong>Abdelkrim Marchani<\/strong>, vice-pr\u00e9sident de la M\u00e9tropole \u00e0 l\u2019\u00e9conomie, r\u00e9pond que le projet de la Vente Olivier \u00e9tait \u00ab\u2009d\u00e9j\u00e0 enclench\u00e9 avant notre mandat. L\u00e0 o\u00f9 nous avons pu intervenir, nous l\u2019avons fait\u2009\u00bb.<\/p>\n<p class=\" wall-content\">Il rappelle \u00e0 ce propos que les \u00e9lus de la M\u00e9tropole avaient d\u00e9cid\u00e9 en 2020 d\u2019un moratoire afin de suspendre l\u2019avanc\u00e9e des projets de construction sur la ZAC Madrillet, initialement pr\u00e9vus sur 60 hectares de la for\u00eat.<\/p>\n<p class=\" wall-content\">Concernant l\u2019hectare de for\u00eat ras\u00e9 dans la zone de la Vente Olivier, qui doit notamment permettre l\u2019installation de GRT Gaz, \u00ab\u2009ce ne sont pas des essences ou des arbres remarquables\u2009\u00bb, souligne Abdelkrim Marchani. Enfin, l\u2019\u00e9lu note que \u00ab\u2009pour compenser ces d\u00e9boisements \u00e0 l\u2019\u00e9poque, il y avait eu du reboisement \u00e0 Malaunay. Pr\u00e8s de 4 hectares ont \u00e9t\u00e9 replant\u00e9s\u2009\u00bb.<\/p>\n<p>Suivez l\u2019actualit\u00e9 de Rouen sur <a href=\"https:\/\/www.whatsapp.com\/channel\/0029VaKfnf99hXF2ddApFB1D\" rel=\"nofollow noopener\" target=\"_blank\">notre cha\u00eene WhatsApp<\/a> et sur <a href=\"https:\/\/www.tiktok.com\/@76actu.fr?lang=fr\" rel=\"nofollow noopener\" target=\"_blank\">notre compte TikTok<\/a><\/p>\n<p class=\" wall-content\">Suivez toute l\u2019actualit\u00e9 de vos villes et m\u00e9dias favoris en vous inscrivant \u00e0 <a href=\"https:\/\/moncompte.actu.fr\" title=\"D\u00e9couvez Mon Actu\" rel=\"nofollow noopener\" data-trk=\"{&quot;cta&quot;:{&quot;action&quot;:&quot;https:\\\/\\\/moncompte.actu.fr&quot;,&quot;category&quot;:&quot;mon compte&quot;,&quot;from&quot;:&quot;article footer&quot;,&quot;name&quot;:&quot;Mon actu&quot;,&quot;type&quot;:&quot;cta&quot;}}\" target=\"_blank\">Mon Actu<\/a>.<\/p>\n<p>                    <script async src=\"\/\/www.tiktok.com\/embed.js\"><\/script><\/p>\n","protected":false},"excerpt":{"rendered":"Par Thomas Rideau Publi\u00e9 le 28 juil. 2025 \u00e0 8h08 Du jour au lendemain, ce 13\u00a0juillet 2025, la&hellip;\n","protected":false},"author":2,"featured_media":278937,"comment_status":"","ping_status":"","sticky":false,"template":"","format":"standard","meta":{"footnotes":""},"categories":[9587],"tags":[1111,11,436,1777,674,5183,1011,27,1116,12,5161,25,9590,104],"class_list":{"0":"post-278936","1":"post","2":"type-post","3":"status-publish","4":"format-standard","5":"has-post-thumbnail","7":"category-rouen","8":"tag-actu","9":"tag-actualites","10":"tag-environnement","11":"tag-eu","12":"tag-europe","13":"tag-foret","14":"tag-fr","15":"tag-france","16":"tag-immobilier","17":"tag-news","18":"tag-normandie","19":"tag-republique-francaise","20":"tag-rouen","21":"tag-societe"},"share_on_mastodon":{"url":"https:\/\/pubeurope.com\/@fr\/114929392938770002","error":""},"_links":{"self":[{"href":"https:\/\/www.europesays.com\/fr\/wp-json\/wp\/v2\/posts\/278936","targetHints":{"allow":["GET"]}}],"collection":[{"href":"https:\/\/www.europesays.com\/fr\/wp-json\/wp\/v2\/posts"}],"about":[{"href":"https:\/\/www.europesays.com\/fr\/wp-json\/wp\/v2\/types\/post"}],"author":[{"embeddable":true,"href":"https:\/\/www.europesays.com\/fr\/wp-json\/wp\/v2\/users\/2"}],"replies":[{"embeddable":true,"href":"https:\/\/www.europesays.com\/fr\/wp-json\/wp\/v2\/comments?post=278936"}],"version-history":[{"count":0,"href":"https:\/\/www.europesays.com\/fr\/wp-json\/wp\/v2\/posts\/278936\/revisions"}],"wp:featuredmedia":[{"embeddable":true,"href":"https:\/\/www.europesays.com\/fr\/wp-json\/wp\/v2\/media\/278937"}],"wp:attachment":[{"href":"https:\/\/www.europesays.com\/fr\/wp-json\/wp\/v2\/media?parent=278936"}],"wp:term":[{"taxonomy":"category","embeddable":true,"href":"https:\/\/www.europesays.com\/fr\/wp-json\/wp\/v2\/categories?post=278936"},{"taxonomy":"post_tag","embeddable":true,"href":"https:\/\/www.europesays.com\/fr\/wp-json\/wp\/v2\/tags?post=278936"}],"curies":[{"name":"wp","href":"https:\/\/api.w.org\/{rel}","templated":true}]}}