{"id":278942,"date":"2025-07-28T06:17:17","date_gmt":"2025-07-28T06:17:17","guid":{"rendered":"https:\/\/www.europesays.com\/fr\/278942\/"},"modified":"2025-07-28T06:17:17","modified_gmt":"2025-07-28T06:17:17","slug":"le-fcg-active-la-piste-pineiro","status":"publish","type":"post","link":"https:\/\/www.europesays.com\/fr\/278942\/","title":{"rendered":"le FCG active la piste Pi\u00f1eiro"},"content":{"rendered":"<p>Le transfert de <strong>James Fender<\/strong> \u00e0 <a href=\"https:\/\/www.xvovalie.com\/tag\/fcg\/\" rel=\"nofollow noopener\" target=\"_blank\">Grenoble<\/a> ne se fera pas. Le club is\u00e9rois, qui pensait avoir boucl\u00e9 l\u2019arriv\u00e9e du deuxi\u00e8me ligne <a href=\"https:\/\/www.xvovalie.com\/xv-du-poireau\/\" rel=\"nofollow noopener\" target=\"_blank\">gallois<\/a>, a d\u00fb revoir ses plans face aux exigences des <strong>Ospreys<\/strong>. R\u00e9sultat : le deal tombe \u00e0 l\u2019eau, et <strong>Ignacio Pi\u00f1eiro<\/strong>, jeune international espagnol, devrait en profiter.<\/p>\n<p>L\u2019essentiel<\/p>\n<ul class=\"wp-block-list\">\n<li><strong>Fender ne signera pas \u00e0 Grenoble<\/strong> : L\u2019accord \u00e9tait boucl\u00e9, mais le montant du transfert a bloqu\u00e9 l\u2019op\u00e9ration.<\/li>\n<li><strong>Grenoble se tourne vers Ignacio Pi\u00f1eiro<\/strong> : Le deuxi\u00e8me ligne espagnol s\u2019entra\u00eene d\u00e9j\u00e0 avec le groupe.<\/li>\n<li><strong>Les Ospreys conservent leur joueur<\/strong> : Une bonne nouvelle pour le club gallois en reconstruction.<\/li>\n<\/ul>\n<p>Un deal qui tombe \u00e0 l\u2019eau au dernier moment<\/p>\n<p>Tout semblait pr\u00eat : <strong>James Fender<\/strong>, 23 ans, 2 m\u00e8tres pour 121 kg, devait signer pour deux saisons avec Grenoble. L\u2019ancien international <a href=\"https:\/\/www.xvovalie.com\/tag\/france-u20\/\" rel=\"nofollow noopener\" target=\"_blank\">U20<\/a> gallois avait m\u00eame donn\u00e9 son accord, et Grenoble avait fait de la place dans son <a data-ilj-link-preview=\"true\" data-excerpt=\"D\u00e9couvrez ici tous les mouvements d&#039;effectif, en Top 14, en Pro D2 ou au niveau international.\" href=\"https:\/\/www.xvovalie.com\/effectif\/\" rel=\"nofollow noopener\" target=\"_blank\">effectif<\/a>. Mais les n\u00e9gos entre les deux clubs ont vir\u00e9 au casse-t\u00eate.<\/p>\n<p>Les <strong>Ospreys<\/strong>, initialement ouverts \u00e0 un d\u00e9part, ont fini par revoir leur copie. Le montant de la clause lib\u00e9ratoire a explos\u00e9 dans les derni\u00e8res lignes droites, au point de faire capoter toute l\u2019op\u00e9ration. C\u00f4t\u00e9 Grenoble, on n\u2019a pas voulu c\u00e9der \u00e0 la surench\u00e8re. R\u00e9sultat : Fender reste \u00e0 <strong>Swansea<\/strong>, et le FCG doit vite rebondir.<\/p>\n<p>Une place lib\u00e9r\u00e9e pour rien<\/p>\n<p>Pour accueillir Fender, Grenoble avait anticip\u00e9 en se s\u00e9parant de <strong>Giorgi Kveseladze<\/strong>, centre g\u00e9orgien non-JIFF. Un sacrifice aujourd\u2019hui sans contrepartie. Kveseladze, qui avait disput\u00e9 9 matchs la saison derni\u00e8re, est d\u00e9sormais libre. Il pourrait rebondir en Nationale, voire retourner au pays.<\/p>\n<p>Ce sc\u00e9nario laisse le FCG avec une place disponible mais aucun renfort imm\u00e9diat, \u00e0 un mois de la reprise.<\/p>\n<p>Pi\u00f1eiro, nouvelle cible des Grenoblois<\/p>\n<p>Pas question de rester sans solution. Grenoble s\u2019est tourn\u00e9 vers <strong>Ignacio Pi\u00f1eiro<\/strong>, deuxi\u00e8me ligne espagnol de <strong>22 ans<\/strong>, qui sort d\u2019une saison \u00e0 <strong><a data-ilj-link-preview=\"true\" data-excerpt=\"L&#039;Union Sportive Oyonnax Rugby, fond\u00e9e en 1909, est un club de rugby qui \u00e9volue Top 14.&#013;&#010;Staff et pr\u00e9sidence :&#013;&#010;&#013;&#010; &#009;Pr\u00e9sident : Dougal Bendjaballah&#013;&#010; &#009;Entra\u00eeneur : Joe El Abd&#013;&#010; &#009;Vincent Debaty (m\u00eal\u00e9e)&#013;&#010; &#009;Dewald Senekal (touche)&#013;&#010; &#009;Fabien Cibray (attaque)&#013;&#010;&#013;&#010;Palmar\u00e8s d&#039;Oyonnax :&#013;&#010;&#013;&#010;&#013;&#010;&#013;&#010;Comp\u00e9tition&#013;&#010;Titre \/ Distinction&#013;&#010;Ann\u00e9es&#013;&#010;&#013;&#010;&#013;&#010;Championnat de France de Pro D2&#013;&#010;Champion&#013;&#010;2013, 2017, 2023&#013;&#010;&#013;&#010;&#013;&#010;Vice-champion&#013;&#010;1967&#013;&#010;&#013;&#010;&#013;&#010;Championnat de France de F\u00e9d\u00e9rale 1&#013;&#010;Champion&#013;&#010;2001&#013;&#010;&#013;&#010;&#013;&#010;Vice-champion&#013;&#010;2003&#013;&#010;&#013;&#010;&#013;&#010;Championnat de France groupe B&#013;&#010;Vice-champion&#013;&#010;1992\" href=\"https:\/\/www.xvovalie.com\/oyonnax\/\" rel=\"nofollow noopener\" target=\"_blank\">Oyonnax<\/a><\/strong>. Pass\u00e9 par <strong><a data-ilj-link-preview=\"true\" data-excerpt=\"Fond\u00e9 en 1911, l&#039;ASM Clermont \u00e9volue en Top 14.&#013;&#010;Staff et pr\u00e9sidence du club :&#013;&#010;&#013;&#010; &#009;Pr\u00e9sident Jean-Claude Pats&#013;&#010; &#009;Entra\u00eeneur Christophe Urios&#013;&#010; &#009;Frederic Charrier (Arri\u00e8res)&#013;&#010; &#009;Julien La\u00efrle (Avants)&#013;&#010; &#009;Siaki Tukino (skills &quot;collisions&quot;)&#013;&#010; &#009;Ian Vass (jeu au pied)&#013;&#010;&#013;&#010;Palmar\u00e8s de Clermont&#013;&#010;&#013;&#010;&#013;&#010;&#013;&#010;Comp\u00e9tition&#013;&#010;Titres&#013;&#010;Ann\u00e9es&#013;&#010;&#013;&#010;&#013;&#010;&#013;&#010;&#013;&#010;Championnat de France&#013;&#010;2&#013;&#010;2010, 2017&#013;&#010;&#013;&#010;&#013;&#010;Finaliste (12)&#013;&#010;-&#013;&#010;1936, 1937, 1970, 1978, 1994, 1999, 2001, 2007, 2008, 2009, 2015, 2019&#013;&#010;&#013;&#010;&#013;&#010;Championnat de France de 2e division&#013;&#010;1&#013;&#010;1925&#013;&#010;&#013;&#010;&#013;&#010;Challenge Yves du Manoir&#013;&#010;3&#013;&#010;1938, 1976, 1986&#013;&#010;&#013;&#010;&#013;&#010;Finaliste (2)&#013;&#010;-&#013;&#010;1957, 1979&#013;&#010;&#013;&#010;&#013;&#010;Coupe de France&#013;&#010;Finaliste (2)&#013;&#010;1945, 1947&#013;&#010;&#013;&#010;&#013;&#010;Coupe de la Ligue&#013;&#010;1&#013;&#010;2001&#013;&#010;&#013;&#010;&#013;&#010;Coupe d&#039;Europe&#013;&#010;Finaliste (3)&#013;&#010;2013, 2015, 2017&#013;&#010;&#013;&#010;&#013;&#010;Challenge europ\u00e9en&#013;&#010;3&#013;&#010;1999, 2007, 2019&#013;&#010;&#013;&#010;&#013;&#010;&#013;&#010;\u00a0\" href=\"https:\/\/www.xvovalie.com\/clermont\/\" rel=\"nofollow noopener\" target=\"_blank\">Clermont<\/a><\/strong> en 2021, form\u00e9 \u00e0 <strong><a href=\"https:\/\/www.xvovalie.com\/tag\/vrdr\/\" rel=\"nofollow noopener\" target=\"_blank\">Valence<\/a><\/strong>, le joueur est polyvalent et peut aussi d\u00e9panner en troisi\u00e8me ligne.<\/p>\n<p>Son profil pla\u00eet : <strong>1,98 m pour 103 kg<\/strong>, 17 s\u00e9lections avec l\u2019Espagne, dont des tests r\u00e9cents contre les \u00c9tats-Unis et le <a data-ilj-link-preview=\"true\" data-featured-image=\"\" data-excerpt=\"Le Canada est un pays qui ne manque pas de passionn\u00e9s de rugby. Bien que souvent \u00e9clips\u00e9 par les grandes nations comme l&#039;Australie, la Nouvelle-Z\u00e9lande ou l&#039;Angleterre, le rugby canadien est bien ancr\u00e9 dans le pays. Le rugby est un sport qui est tr\u00e8s pr\u00e9sent dans la culture canadienne. Depuis longtemps, les Canadiens aiment jouer\u2026\" href=\"https:\/\/www.xvovalie.com\/canada\/\" rel=\"nofollow noopener\" target=\"_blank\">Canada<\/a>. Il \u00e9tait aussi de la finale perdue contre la <strong><a href=\"https:\/\/www.xvovalie.com\/georgie\/\" rel=\"nofollow noopener\" target=\"_blank\">G\u00e9orgie<\/a><\/strong> lors du Rugby Europe Championship. Pi\u00f1eiro s\u2019entra\u00eene d\u00e9j\u00e0 avec le FCG et pourrait \u00eatre align\u00e9 d\u00e8s la premi\u00e8re journ\u00e9e\u2026 face \u00e0 Oyonnax, son ancien club.<\/p>\n<p>Les Ospreys gardent un joueur pr\u00e9cieux<\/p>\n<p>Du c\u00f4t\u00e9 des <strong>Ospreys<\/strong>, la non-venue de Fender est une aubaine. Dans un contexte \u00e9conomique toujours tendu, la province galloise voit partir ses cadres les uns apr\u00e8s les autres. Garder un jeune joueur prometteur, au salaire encore raisonnable, c\u2019est une rare bonne nouvelle.<\/p>\n<p>Bless\u00e9 \u00e0 l\u2019\u00e9paule en janvier 2024, Fender n\u2019a pas encore totalement lanc\u00e9 sa carri\u00e8re. Il a disput\u00e9 <strong>13 matchs la saison pass\u00e9e<\/strong>, mais reste un pari sur l\u2019avenir. Swansea, qui n\u2019a pas forc\u00e9ment les moyens de recruter, pr\u00e9f\u00e8re miser sur ses jeunes.<\/p>\n<p>Grenoble dos au mur avant la reprise<\/p>\n<p>Le FCG, battu pour la troisi\u00e8me fois en barrage d\u2019accession (la derni\u00e8re fois face \u00e0 <a data-ilj-link-preview=\"true\" data-excerpt=\"L&#039;USAP, ou Union Sportive des Arlequins Perpignanais, est un club de rugby fond\u00e9 en 1902 qui \u00e9volue en Top 14.&#013;&#010;Staff et pr\u00e9sidence :&#013;&#010;&#013;&#010; &#009;Pr\u00e9sident : Fran\u00e7ois Rivi\u00e8re&#013;&#010; &#009;Entra\u00eeneur : Franck Az\u00e9ma&#013;&#010; &#009;David Marty (entra\u00eeneur en chef)&#013;&#010; &#009;Perry Freshwater (avants)&#013;&#010; &#009;G\u00e9rald Bastide (d\u00e9fense)&#013;&#010;&#013;&#010;Palmar\u00e8s de l&#039;USAP&#013;&#010;&#013;&#010;&#013;&#010;&#013;&#010;Comp\u00e9tition&#013;&#010;Titres&#013;&#010;Ann\u00e9es des Victoires&#013;&#010;&#013;&#010;&#013;&#010;Championnat de France&#013;&#010;4 fois champion&#013;&#010;1938, 1944, 1955, 2009&#013;&#010;&#013;&#010;&#013;&#010;Championnat de France de Pro D2&#013;&#010;2 fois champion&#013;&#010;2018, 2021&#013;&#010;&#013;&#010;&#013;&#010;Challenge Yves du Manoir&#013;&#010;3 fois vainqueur&#013;&#010;Ann\u00e9es non sp\u00e9cifi\u00e9es&#013;&#010;&#013;&#010;&#013;&#010;Coupe d&#039;Europe&#013;&#010;Vice-champion&#013;&#010;2003\" href=\"https:\/\/www.xvovalie.com\/perpignan\/\" rel=\"nofollow noopener\" target=\"_blank\">Perpignan<\/a>), repart dans une saison charni\u00e8re. Le club visait un gros renfort pour densifier son pack. Fender cochait toutes les cases. L\u2019\u00e9chec du deal complique la donne, m\u00eame si la piste Pi\u00f1eiro est s\u00e9rieuse.<\/p>\n<p>Il faudra d\u00e9sormais faire vite. Le championnat reprend <strong>le 29 ao\u00fbt<\/strong>, et Grenoble d\u00e9butera sur la pelouse d\u2019<strong>Oyonnax<\/strong>. Un contexte parfait pour lancer son nouveau deuxi\u00e8me ligne\u2026 si tout est sign\u00e9 d\u2019ici l\u00e0.<\/p>\n<p>Source : RugbyPass<\/p>\n<p><img loading=\"lazy\" src=\"data:image\/svg+xml,%3Csvg%20xmlns=\" http:=\"\" height=\"100\" width=\"100\" class=\" sp-no-webp\" alt=\"whatsapp image 2024 07 31 at 09.08.32\" decoding=\"async\" data-lazy-src=\"https:\/\/www.europesays.com\/fr\/wp-content\/uploads\/2025\/04\/whatsapp-image-2024-07-31-at-09.08.32-e1727245864215.jpeg\"\/> <\/p>\n<p>J\u2019ai grandi dans une famille o\u00f9 le rugby \u00e9tait de tous les moments. J\u2019\u00e9tais au bord du terrain quand Castres a battu Pau et a rejoint l\u2019\u00e9lite, j\u2019\u00e9tais dans le Stade Pierre Antoine face \u00e0 Gary Whetton quand il a fait son Haka pour c\u00e9l\u00e9brer le Brennus de 1993 et j\u2019ai toujours \u00e9t\u00e9 berc\u00e9 des l\u00e9gendes de ce sport. Maintenant, c\u2019est avec XV Ovalie que j\u2019entends prolonger l\u2019aventure. #TeamCO<\/p>\n","protected":false},"excerpt":{"rendered":"Le transfert de James Fender \u00e0 Grenoble ne se fera pas. Le club is\u00e9rois, qui pensait avoir boucl\u00e9&hellip;\n","protected":false},"author":2,"featured_media":278943,"comment_status":"","ping_status":"","sticky":false,"template":"","format":"standard","meta":{"footnotes":""},"categories":[9566],"tags":[1111,11,2430,1777,674,22338,32263,1011,27,2731,41853,12,2308,25,10662],"class_list":{"0":"post-278942","1":"post","2":"type-post","3":"status-publish","4":"format-standard","5":"has-post-thumbnail","7":"category-grenoble","8":"tag-actu","9":"tag-actualites","10":"tag-auvergne-rhone-alpes","11":"tag-eu","12":"tag-europe","13":"tag-fc-grenoble","14":"tag-fcg","15":"tag-fr","16":"tag-france","17":"tag-grenoble","18":"tag-james-fender","19":"tag-news","20":"tag-pro-d2","21":"tag-republique-francaise","22":"tag-transferts"},"share_on_mastodon":{"url":"https:\/\/pubeurope.com\/@fr\/114929404723262042","error":""},"_links":{"self":[{"href":"https:\/\/www.europesays.com\/fr\/wp-json\/wp\/v2\/posts\/278942","targetHints":{"allow":["GET"]}}],"collection":[{"href":"https:\/\/www.europesays.com\/fr\/wp-json\/wp\/v2\/posts"}],"about":[{"href":"https:\/\/www.europesays.com\/fr\/wp-json\/wp\/v2\/types\/post"}],"author":[{"embeddable":true,"href":"https:\/\/www.europesays.com\/fr\/wp-json\/wp\/v2\/users\/2"}],"replies":[{"embeddable":true,"href":"https:\/\/www.europesays.com\/fr\/wp-json\/wp\/v2\/comments?post=278942"}],"version-history":[{"count":0,"href":"https:\/\/www.europesays.com\/fr\/wp-json\/wp\/v2\/posts\/278942\/revisions"}],"wp:featuredmedia":[{"embeddable":true,"href":"https:\/\/www.europesays.com\/fr\/wp-json\/wp\/v2\/media\/278943"}],"wp:attachment":[{"href":"https:\/\/www.europesays.com\/fr\/wp-json\/wp\/v2\/media?parent=278942"}],"wp:term":[{"taxonomy":"category","embeddable":true,"href":"https:\/\/www.europesays.com\/fr\/wp-json\/wp\/v2\/categories?post=278942"},{"taxonomy":"post_tag","embeddable":true,"href":"https:\/\/www.europesays.com\/fr\/wp-json\/wp\/v2\/tags?post=278942"}],"curies":[{"name":"wp","href":"https:\/\/api.w.org\/{rel}","templated":true}]}}