{"id":278947,"date":"2025-07-28T06:20:20","date_gmt":"2025-07-28T06:20:20","guid":{"rendered":"https:\/\/www.europesays.com\/fr\/278947\/"},"modified":"2025-07-28T06:20:20","modified_gmt":"2025-07-28T06:20:20","slug":"strasbourg-blue-paper-a-depasse-les-limites-demissions-de-particules-toxiques","status":"publish","type":"post","link":"https:\/\/www.europesays.com\/fr\/278947\/","title":{"rendered":"Strasbourg. Blue Paper a d\u00e9pass\u00e9 les limites d&rsquo;\u00e9missions de particules toxiques"},"content":{"rendered":"<p class=\"wp-block-post-excerpt__excerpt\">L\u2019\u00c9tat a rep\u00e9r\u00e9 que l\u2019usine Blue Paper, entre le Port du Rhin et la Musau, \u00e9mettait trop de dioxines et de furanes en 2024. Il s\u2019agit de mol\u00e9cules toxiques et persistantes dans l\u2019environnement. Apr\u00e8s une mise en demeure de la pr\u00e9fecture, l\u2019entreprise est repass\u00e9e sous les valeurs limites en 2025. <\/p>\n<p>Thibault Vetter<\/p>\n<p>Publi\u00e9 le 28 juillet 2025\u00a0\u00a0\u00b7\u00a0\u00a0<\/p>\n<p>Imprim\u00e9 le 28 juillet 2025 \u00e0 08h20\u00a0\u00a0\u00b7\u00a0\u00a0<\/p>\n<p>\t\t\t\t\t6\u00a0minutes\n<\/p>\n<p class=\"has-drop-cap\">Blue Paper fait partie des <a href=\"https:\/\/www.rue89strasbourg.com\/pollution-atmospherique-agence-europeenne-environnement-301792\" target=\"_blank\" rel=\"noreferrer noopener\">dix usines alsaciennes qui \u00e9mettent le plus de polluants dangereux<\/a>. Cette soci\u00e9t\u00e9 implant\u00e9e \u00e0 Strasbourg, \u00e0 c\u00f4t\u00e9 des quartiers du Port du Rhin et de la Musau, produit du carton ondul\u00e9. En 2019, elle a inaugur\u00e9 un incin\u00e9rateur de d\u00e9chets non recyclables pour cr\u00e9er la chaleur n\u00e9cessaire \u00e0 son activit\u00e9. La direction vantait alors un proc\u00e9d\u00e9 \u00e9cologique qui allait lui permettre d\u2019\u00e9conomiser en \u00e9vitant d\u2019acheter du gaz. L\u2019Agence de la transition \u00e9cologique (Ademe) avait m\u00eame soutenu le dispositif \u00e0 hauteur de six millions d\u2019euros.<\/p>\n<p>Le collectif <a href=\"https:\/\/strasbourgrespire.fr\/\" target=\"_blank\" rel=\"noreferrer noopener\">Strasbourg Respire<\/a>, constitu\u00e9 de soignants, d\u00e9non\u00e7ait cependant un \u00ab\u00a0greenwashing\u00a0\u00bb (une ambition \u00e9cologique uniquement d\u00e9clarative) et alertait sur ce proc\u00e9d\u00e9 qui risquait d\u2019\u00e9mettre des particules toxiques pour la sant\u00e9 humaine \u00e0 cause des fum\u00e9es d\u2019incin\u00e9ration de ces d\u00e9chets. Marc Cheverry, directeur charg\u00e9 de l\u2019\u00e9conomie circulaire de l\u2019Ademe, r\u00e9torquait dans <a href=\"https:\/\/www.20minutes.fr\/planete\/2629311-20191017-strasbourg-nouvelles-chaudieres-rendent-elles-usine-blue-paper-reellement-plus-verte\" target=\"_blank\" rel=\"noreferrer noopener\">20 Minutes<\/a> que ces affirmations n\u2019\u00e9taient pas fond\u00e9es, \u00e9tant donn\u00e9 que \u00ab\u00a0des \u00e9tudes d\u2019impact [avaient] \u00e9t\u00e9 men\u00e9es\u00a0\u00bb. Mais \u00ab\u00a0ce qu\u2019on craignait est arriv\u00e9\u00a0\u00bb, regrette finalement Thomas Bourdrel, m\u00e9decin radiologue et porte parole du collectif Strasbourg Respire, en juillet 2025.<\/p>\n<p><a href=\"https:\/\/www.rue89strasbourg.com\/abonnement\/paiement?sub=3&amp;discount=ete2025\" target=\"_blank\" rel=\"noopener\"><img loading=\"lazy\" decoding=\"async\" width=\"970\" height=\"250\" src=\"https:\/\/www.europesays.com\/fr\/wp-content\/uploads\/2025\/07\/bannie\u0300re-site-desktop-anime\u0301e.gif\" alt=\"\" class=\"wp-image-350811\" style=\"width:792px;height:auto\"\/><\/a><\/p>\n<p><a href=\"https:\/\/www.rue89strasbourg.com\/abonnement\/paiement?sub=3&amp;discount=ete2025\" target=\"_blank\" rel=\"noopener\"><img loading=\"lazy\" decoding=\"async\" width=\"300\" height=\"300\" src=\"https:\/\/www.europesays.com\/fr\/wp-content\/uploads\/2025\/07\/bannie\u0300re-pub-mobile-anime\u0301e.gif\" alt=\"\" class=\"wp-image-350815\"\/><\/a><\/p>\n<p>\u00c9missions toxiques<\/p>\n<p>Soutenez un m\u00e9dia qui enqu\u00eate sur les atteintes \u00e0 l\u2019environnement<\/p>\n<p><strong>Pour acc\u00e9der \u00e0 la suite de cet article, il faut \u00eatre abonn\u00e9. Pourquoi\u00a0?<\/strong><\/p>\n<p>Engag\u00e9e contre les atteintes \u00e0 l\u2019environnement, la r\u00e9daction suit de pr\u00e8s les enjeux \u00e9cologiques et enqu\u00eate sur les alertes qui lui sont transmises. Sans Rue89 Strasbourg, des projets comme un stade de biathlon dans les Vosges, ou une route sur la colline de Lorentzen seraient bien moins connus des Alsaciens.<\/p>\n<p><img loading=\"lazy\" decoding=\"async\" width=\"2560\" height=\"2560\" src=\"https:\/\/www.europesays.com\/fr\/wp-content\/uploads\/2025\/07\/thibault-scaled.jpg\" alt=\"\" class=\"wp-image-343597\" style=\"aspect-ratio:1;object-fit:cover;width:124px;height:auto\"  \/><\/p>\n<p>Thibault Vetter suit les collectifs militants et les associations qui se mobilisent partout dans la r\u00e9gion face aux projets \u00e9cocides, comme de nouvelles zones d\u2019activit\u00e9s sur des terres cultivables. Un travail de l\u2019ombre, qui n\u00e9cessite beaucoup de contacts et le d\u00e9corticage de nombreuses alertes.<\/p>\n<p>Pour poursuivre ce travail, unique en Alsace, nous avons besoin d\u2019une petite contribution de votre part. <strong>Chaque abonnement compte<\/strong>. Toutes les recettes servent directement \u00e0 financer un journalisme engag\u00e9 et document\u00e9 sur l\u2019environnement \u00e0 Strasbourg et en Alsace.<\/p>\n<p>\t\t\t<a href=\"https:\/\/www.rue89strasbourg.com\/\" class=\"custom-logo-link\" rel=\"home noopener\" target=\"_blank\"><img loading=\"lazy\" decoding=\"async\" width=\"290\" height=\"62\" src=\"https:\/\/www.europesays.com\/fr\/wp-content\/uploads\/2025\/04\/1743975279_388_logo.png\" class=\"custom-logo\" alt=\"Rue89 Strasbourg Enqu\u00eates et informations locales\"  \/><\/a><\/p>\n<p>\n\t\t\t\tAbonnez-vous maintenant pour suivre l\u2019actualit\u00e9 locale.\t\t\t<\/p>\n<p class=\"font-bold font-serif-heading mb-2 text-4xl\">\n\t\t\t\t\t\tL\u2019investigation locale \u00e0 port\u00e9e de main.\n\t\t\t\t\t<\/p>\n<p>\n\t\t\t\t\t\tAbonnez-vous et profitez d\u2019un acc\u00e8s illimit\u00e9 \u00e0 Rue89 Strasbourg. Annulez quand vous voulez.\n\t\t\t\t\t<\/p>\n<p class=\"xl:text-sm\">\n\t\t\t\t\tD\u00e9j\u00e0 abonn\u00e9\u00a0?<br \/>\n\t\t\t\t\t<a class=\"border border-transparent text-center transition-colors duration-instant focus:border-info focus:rounded focus:shadow-focus cursor-pointer text-black hover:text-gray-700 active:bg-black-700 font-semibold inline-block\" href=\"https:\/\/www.rue89strasbourg.com\/user\/connexion?redirect=\/port-du-rhin-blue-paper-emissions-particules-toxiques-352849\" target=\"_blank\" rel=\"noopener\">Connectez-vous<\/a>\t\t\t\t<\/p>\n<p>\n\t\t\t\tChoisissez votre formule\u00a0:\n\t\t\t<\/p>\n<p>\t\t\t\tFermer<\/p>\n","protected":false},"excerpt":{"rendered":"L\u2019\u00c9tat a rep\u00e9r\u00e9 que l\u2019usine Blue Paper, entre le Port du Rhin et la Musau, \u00e9mettait trop de&hellip;\n","protected":false},"author":2,"featured_media":278948,"comment_status":"","ping_status":"","sticky":false,"template":"","format":"standard","meta":{"footnotes":""},"categories":[2820],"tags":[1111,11,28643,436,1777,674,1011,27,775,693,12,5170,41854,28134,2434,25,640],"class_list":{"0":"post-278947","1":"post","2":"type-post","3":"status-publish","4":"format-standard","5":"has-post-thumbnail","7":"category-strasbourg","8":"tag-actu","9":"tag-actualites","10":"tag-blue-paper","11":"tag-environnement","12":"tag-eu","13":"tag-europe","14":"tag-fr","15":"tag-france","16":"tag-grand-est","17":"tag-industrie","18":"tag-news","19":"tag-pollution-de-lair","20":"tag-port-autonome-de-strasbourg","21":"tag-port-du-rhin","22":"tag-qualite-de-lair","23":"tag-republique-francaise","24":"tag-strasbourg"},"share_on_mastodon":{"url":"https:\/\/pubeurope.com\/@fr\/114929416667117844","error":""},"_links":{"self":[{"href":"https:\/\/www.europesays.com\/fr\/wp-json\/wp\/v2\/posts\/278947","targetHints":{"allow":["GET"]}}],"collection":[{"href":"https:\/\/www.europesays.com\/fr\/wp-json\/wp\/v2\/posts"}],"about":[{"href":"https:\/\/www.europesays.com\/fr\/wp-json\/wp\/v2\/types\/post"}],"author":[{"embeddable":true,"href":"https:\/\/www.europesays.com\/fr\/wp-json\/wp\/v2\/users\/2"}],"replies":[{"embeddable":true,"href":"https:\/\/www.europesays.com\/fr\/wp-json\/wp\/v2\/comments?post=278947"}],"version-history":[{"count":0,"href":"https:\/\/www.europesays.com\/fr\/wp-json\/wp\/v2\/posts\/278947\/revisions"}],"wp:featuredmedia":[{"embeddable":true,"href":"https:\/\/www.europesays.com\/fr\/wp-json\/wp\/v2\/media\/278948"}],"wp:attachment":[{"href":"https:\/\/www.europesays.com\/fr\/wp-json\/wp\/v2\/media?parent=278947"}],"wp:term":[{"taxonomy":"category","embeddable":true,"href":"https:\/\/www.europesays.com\/fr\/wp-json\/wp\/v2\/categories?post=278947"},{"taxonomy":"post_tag","embeddable":true,"href":"https:\/\/www.europesays.com\/fr\/wp-json\/wp\/v2\/tags?post=278947"}],"curies":[{"name":"wp","href":"https:\/\/api.w.org\/{rel}","templated":true}]}}