{"id":27895,"date":"2025-04-15T23:49:19","date_gmt":"2025-04-15T23:49:19","guid":{"rendered":"https:\/\/www.europesays.com\/fr\/27895\/"},"modified":"2025-04-15T23:49:19","modified_gmt":"2025-04-15T23:49:19","slug":"avec-son-observatoire-ocivelo-ouvre-la-voie-aux-mobilites-douces","status":"publish","type":"post","link":"https:\/\/www.europesays.com\/fr\/27895\/","title":{"rendered":"Avec son observatoire, Ociv\u00e9lo ouvre la voie aux mobilit\u00e9s douces"},"content":{"rendered":"<p class=\"is-style-chapo\">L\u2019association des usagers du v\u00e9lo \u00e0 Saint-Etienne, Ociv\u00e9lo, vient de lancer un nouveau site baptis\u00e9 la Trame cyclable st\u00e9phanoise. Un outil qui permet aux cyclistes de d\u00e9couvrir les itin\u00e9raires du sud de la Loire, les pistes en cours de travaux et celles \u00e0 venir.<\/p>\n<p><img fetchpriority=\"high\" decoding=\"async\" width=\"1024\" height=\"576\" src=\"https:\/\/www.europesays.com\/fr\/wp-content\/uploads\/2025\/04\/to-go-biking-5178398_1280-1-1024x576.jpg\" alt=\"\" class=\"wp-image-78481\"  \/><\/p>\n<p>\u00ab\u00a0Nous nous sommes appuy\u00e9s sur le <a href=\"https:\/\/www.if-saint-etienne.fr\/politique-societe\/velo-saint-etienne-pedale-t-elle-dans-la-semoule\" target=\"_blank\" rel=\"noreferrer noopener nofollow\">Plan v\u00e9lo<\/a> tel que mis en \u0153uvre par Saint-Etienne M\u00e9tropole de 2019 \u00e0 2029, d\u00e9taille Thierry Gaubert, coordinateur de la commission am\u00e9nagement de l\u2019association Ociv\u00e9lo, qui regroupe les usagers du v\u00e9lo \u00e0 Saint-Etienne. Le but, c\u2019est de permettre aux cyclistes de d\u00e9couvrir les itin\u00e9raires s\u00e9curis\u00e9s et adapt\u00e9s \u00e0 leurs besoins\u00a0\u00bb. La semaine derni\u00e8re, Ociv\u00e9lo lan\u00e7ait la <a href=\"https:\/\/trame-cyclable-stephanoise.org\/\" target=\"_blank\" rel=\"noreferrer noopener nofollow\">Trame cyclable st\u00e9phanoise<\/a>, un observatoire en ligne des am\u00e9nagements cyclables de la r\u00e9gion st\u00e9phanoise. L\u2019outil s\u2019inspire d\u2019initiatives d\u00e9j\u00e0 mises en place \u00e0 Paris et Lyon.<\/p>\n<p>38 km achev\u00e9s<\/p>\n<p>En 2019, la M\u00e9tropole adoptait un plan v\u00e9lo sur dix ans, pour cr\u00e9er 110 km de pistes cyclables, pour un budget de 41 millions d\u2019euros. Le site donne acc\u00e8s \u00e0 l\u2019ensemble des lignes du projet, qu\u2019elles soient r\u00e9alis\u00e9es, en cours de travaux, ou en devenir. \u00ab\u00a0Cela permet de tout mettre \u00e0 plat, de voir o\u00f9 en est le plan v\u00e9lo selon les lignes pour adapter son parcours\u00a0\u00bb. <\/p>\n<p>Ainsi, la Trame cyclable st\u00e9phanoise rapporte que 38 km ont \u00e9t\u00e9 r\u00e9alis\u00e9s, tandis que 7 km sont en travaux. 45 km sont pr\u00e9vus et 80 km seront r\u00e9alis\u00e9s apr\u00e8s 2026, soit pr\u00e8s de la moiti\u00e9. L\u2019internaute a la possibilit\u00e9 d\u2019acc\u00e9der au d\u00e9tail ligne par ligne, selon l\u2019itin\u00e9raire qui l\u2019int\u00e9resse.<\/p>\n<p><img loading=\"lazy\" decoding=\"async\" width=\"1024\" height=\"576\" src=\"https:\/\/www.europesays.com\/fr\/wp-content\/uploads\/2025\/04\/Capture-decran-2025-04-15-a-15.17.34-1-1024x576.jpg\" alt=\"\" class=\"wp-image-78520\"  \/><\/p>\n<p>Un blog \u00e0 venir<\/p>\n<p>A terme, les informations devraient d\u2019ailleurs s\u2019enrichir. \u00ab\u00a0Bien s\u00fbr, l\u2019objectif est que l\u2019on soit \u00e0 jour, et on se permet d\u2019apporter des informations aux usagers ainsi que des \u00e9l\u00e9ments contributifs, des points d\u2019am\u00e9lioration, pr\u00e9cise Thierry Gaubert. L\u2019id\u00e9e sera aussi de nourrir l\u2019observatoire avec des photos de la ligne, mais aussi de ses points d\u2019int\u00e9r\u00eat\u00a0\u00bb. Une carte interactive permet \u00e9galement d\u2019avoir une vue d\u2019ensemble des lignes, de leur statut actuel, et de leur type. L\u2019objectif est aussi que cet outil devienne participatif, via un blog. <\/p>\n<p>\u00ab\u00a0Le but, c\u2019est qu\u2019il permette au public, aux usagers, de pouvoir faire des remarques. Mais il n\u2019aura pas vocation \u00e0 devenir un recueil de dol\u00e9ances, pr\u00e9vient Thierry Gaubert. On s\u2019autorisera \u00e0 traiter ce qui nous semble int\u00e9ressant\u00a0\u00bb. L\u2019observatoire sera mis \u00e0 jour r\u00e9guli\u00e8rement, au gr\u00e9 des avanc\u00e9es des chantiers majeurs et au minimum une fois par an.<\/p>\n","protected":false},"excerpt":{"rendered":"L\u2019association des usagers du v\u00e9lo \u00e0 Saint-Etienne, Ociv\u00e9lo, vient de lancer un nouveau site baptis\u00e9 la Trame cyclable&hellip;\n","protected":false},"author":2,"featured_media":27896,"comment_status":"","ping_status":"","sticky":false,"template":"","format":"standard","meta":{"footnotes":""},"categories":[9653],"tags":[1111,11,2430,1777,674,9797,9798,1011,27,9799,12,9800,9801,9802,25,4001],"class_list":{"0":"post-27895","1":"post","2":"type-post","3":"status-publish","4":"format-standard","5":"has-post-thumbnail","7":"category-saint-etienne","8":"tag-actu","9":"tag-actualites","10":"tag-auvergne-rhone-alpes","11":"tag-eu","12":"tag-europe","13":"tag-faire-du-velo-a-saint-etienne","14":"tag-faire-du-velo-dans-la-loire","15":"tag-fr","16":"tag-france","17":"tag-interactif","18":"tag-news","19":"tag-ocivelo","20":"tag-plan-velo-departement-de-la-loire","21":"tag-plan-velo-saint-etienne-metropole","22":"tag-republique-francaise","23":"tag-saint-etienne"},"share_on_mastodon":{"url":"https:\/\/pubeurope.com\/@fr\/114344661032506730","error":""},"_links":{"self":[{"href":"https:\/\/www.europesays.com\/fr\/wp-json\/wp\/v2\/posts\/27895","targetHints":{"allow":["GET"]}}],"collection":[{"href":"https:\/\/www.europesays.com\/fr\/wp-json\/wp\/v2\/posts"}],"about":[{"href":"https:\/\/www.europesays.com\/fr\/wp-json\/wp\/v2\/types\/post"}],"author":[{"embeddable":true,"href":"https:\/\/www.europesays.com\/fr\/wp-json\/wp\/v2\/users\/2"}],"replies":[{"embeddable":true,"href":"https:\/\/www.europesays.com\/fr\/wp-json\/wp\/v2\/comments?post=27895"}],"version-history":[{"count":0,"href":"https:\/\/www.europesays.com\/fr\/wp-json\/wp\/v2\/posts\/27895\/revisions"}],"wp:featuredmedia":[{"embeddable":true,"href":"https:\/\/www.europesays.com\/fr\/wp-json\/wp\/v2\/media\/27896"}],"wp:attachment":[{"href":"https:\/\/www.europesays.com\/fr\/wp-json\/wp\/v2\/media?parent=27895"}],"wp:term":[{"taxonomy":"category","embeddable":true,"href":"https:\/\/www.europesays.com\/fr\/wp-json\/wp\/v2\/categories?post=27895"},{"taxonomy":"post_tag","embeddable":true,"href":"https:\/\/www.europesays.com\/fr\/wp-json\/wp\/v2\/tags?post=27895"}],"curies":[{"name":"wp","href":"https:\/\/api.w.org\/{rel}","templated":true}]}}