{"id":278968,"date":"2025-07-28T06:31:21","date_gmt":"2025-07-28T06:31:21","guid":{"rendered":"https:\/\/www.europesays.com\/fr\/278968\/"},"modified":"2025-07-28T06:31:21","modified_gmt":"2025-07-28T06:31:21","slug":"le-psg-a-fait-une-premiere-offre-pour-lucas-chevalier-lille-la-refuse","status":"publish","type":"post","link":"https:\/\/www.europesays.com\/fr\/278968\/","title":{"rendered":"Le PSG a fait une premi\u00e8re offre pour Lucas Chevalier, Lille la refuse"},"content":{"rendered":"<p style=\"text-align: justify;\"><strong>TRANSFERTS \u2013 Selon <a href=\"https:\/\/www.lequipe.fr\/Football\/Actualites\/Mercato-lucas-chevalier-de-plus-en-plus-proche-du-psg\/1581025\" target=\"_blank\" rel=\"noopener nofollow\">L\u2019\u00c9quipe<\/a>, le Paris Saint-Germain a transmis une premi\u00e8re offre au LOSC pour Lucas Chevalier, mais elle ne r\u00e9pond pas aux attentes de son club.<\/strong><\/p>\n<p style=\"text-align: justify;\">Comme expliqu\u00e9 ce week-end, <b>Lucas Chevalier <\/b>veut rejoindre le<b> Paris Saint-Germain<\/b>. Le num\u00e9ro 2 de l\u2019\u00e9quipe de France a trouv\u00e9 un accord pour un contrat de cinq ans avec les champions de France. Il a d\u00e9j\u00e0 \u00e9chang\u00e9 avec <strong>Luis Enrique<\/strong>, et son arriv\u00e9e devrait donc pousser <strong>Gianluigi<\/strong> <strong>Donnarumma<\/strong> vers la sortie \u00e0 un an de la fin de son contrat.<\/p>\n<p>Lille repousse la premi\u00e8re offre du PSG<\/p>\n<p style=\"text-align: justify;\">Mais le transfert est encore loin d\u2019\u00eatre boucl\u00e9, car les deux clubs doivent trouver un accord. Le <strong>Paris Saint-Germain<\/strong> aurait transmis une premi\u00e8re offre inf\u00e9rieure \u00e0 40 millions d\u2019euros pour <strong>Lucas<\/strong> <strong>Chevalier<\/strong>. Le <strong>LOSC<\/strong> va la refuser et en attend plus pour sa p\u00e9pite, qui ne sera pas brad\u00e9e.<\/p>\n<p style=\"text-align: justify;\"><strong>Olivier<\/strong> <strong>L\u00e9tang<\/strong> a d\u00e9j\u00e0 fait savoir qu\u2019il ne discuterait pas \u00e0 moins de 40 millions d\u2019euros pour le portier, \u00e0 qui il reste deux ans de contrat. <strong>Lucas<\/strong> <strong>Chevalier<\/strong> va donc devoir prendre son mal en patience, mais une issue favorable est attendue dans les jours \u00e0 venir pour ce dossier.<\/p>\n<p>\u00c0 ce sujet<br \/>\n<a href=\"https:\/\/dicodusport.fr\/blog\/mercato-psg-2025-2026-le-tableau-complet-des-transferts-arrivees-et-departs\/\" class=\"vlp-link\" title=\"Mercato PSG 2025-2026 : Le tableau complet des transferts, arriv\u00e9es et d\u00e9parts\" rel=\"nofollow noopener\" target=\"_blank\"><img loading=\"lazy\" decoding=\"async\" style=\"max-width: 792px;\" width=\"792\" height=\"445\" class=\"attachment-800x445 size-800x445 perfmatters-lazy\" alt=\"Mercato PSG 2025-2026 Le tableau complet des transferts, arriv\u00e9es et d\u00e9parts\" src=\"https:\/\/www.europesays.com\/fr\/wp-content\/uploads\/2025\/07\/Mercato-PSG-2025-2026-Le-tableau-complet-des-transferts-arrivees-et-departs.png\"  data-\/><\/p>\n<p>Mercato PSG 2025-2026 : Le tableau complet des transferts, arriv\u00e9es et d\u00e9parts<\/p>\n<p>TRANSFERTS PSG &#8211; Retrouvez tous les mouvements du Paris Saint-Germain pour l&rsquo;intersaison 2025 en Ligue 1. Arriv\u00e9es, d\u00e9part, pr\u00eats, transferts d\u00e9finitifs, ne ratez rien du mercato estival.\u00a0<\/p>\n<p>Lire l&rsquo;article<\/p>\n<p>dicodusport.fr<\/p>\n","protected":false},"excerpt":{"rendered":"TRANSFERTS \u2013 Selon L\u2019\u00c9quipe, le Paris Saint-Germain a transmis une premi\u00e8re offre au LOSC pour Lucas Chevalier, mais&hellip;\n","protected":false},"author":2,"featured_media":278969,"comment_status":"","ping_status":"","sticky":false,"template":"","format":"standard","meta":{"footnotes":""},"categories":[2815],"tags":[1111,11,2113,1777,674,1011,27,811,1307,23100,12,93,25],"class_list":{"0":"post-278968","1":"post","2":"type-post","3":"status-publish","4":"format-standard","5":"has-post-thumbnail","7":"category-lille","8":"tag-actu","9":"tag-actualites","10":"tag-breve","11":"tag-eu","12":"tag-europe","13":"tag-fr","14":"tag-france","15":"tag-hauts-de-france","16":"tag-lille","17":"tag-mercato-football","18":"tag-news","19":"tag-psg","20":"tag-republique-francaise"},"share_on_mastodon":{"url":"https:\/\/pubeurope.com\/@fr\/114929460526661068","error":""},"_links":{"self":[{"href":"https:\/\/www.europesays.com\/fr\/wp-json\/wp\/v2\/posts\/278968","targetHints":{"allow":["GET"]}}],"collection":[{"href":"https:\/\/www.europesays.com\/fr\/wp-json\/wp\/v2\/posts"}],"about":[{"href":"https:\/\/www.europesays.com\/fr\/wp-json\/wp\/v2\/types\/post"}],"author":[{"embeddable":true,"href":"https:\/\/www.europesays.com\/fr\/wp-json\/wp\/v2\/users\/2"}],"replies":[{"embeddable":true,"href":"https:\/\/www.europesays.com\/fr\/wp-json\/wp\/v2\/comments?post=278968"}],"version-history":[{"count":0,"href":"https:\/\/www.europesays.com\/fr\/wp-json\/wp\/v2\/posts\/278968\/revisions"}],"wp:featuredmedia":[{"embeddable":true,"href":"https:\/\/www.europesays.com\/fr\/wp-json\/wp\/v2\/media\/278969"}],"wp:attachment":[{"href":"https:\/\/www.europesays.com\/fr\/wp-json\/wp\/v2\/media?parent=278968"}],"wp:term":[{"taxonomy":"category","embeddable":true,"href":"https:\/\/www.europesays.com\/fr\/wp-json\/wp\/v2\/categories?post=278968"},{"taxonomy":"post_tag","embeddable":true,"href":"https:\/\/www.europesays.com\/fr\/wp-json\/wp\/v2\/tags?post=278968"}],"curies":[{"name":"wp","href":"https:\/\/api.w.org\/{rel}","templated":true}]}}