{"id":278977,"date":"2025-07-28T06:39:17","date_gmt":"2025-07-28T06:39:17","guid":{"rendered":"https:\/\/www.europesays.com\/fr\/278977\/"},"modified":"2025-07-28T06:39:17","modified_gmt":"2025-07-28T06:39:17","slug":"les-folles-images-du-passage-des-cyclistes-rue-lepic-a-montmartre","status":"publish","type":"post","link":"https:\/\/www.europesays.com\/fr\/278977\/","title":{"rendered":"les folles images du passage des cyclistes rue Lepic \u00e0 Montmartre"},"content":{"rendered":"<p>            Par<br \/>\n        <strong><br \/>\n            <a href=\"https:\/\/actu.fr\/auteur\/julie-bossart-actu-fr\" title=\"Consulter tous les articles de Julie Bossart\" target=\"_blank\" rel=\"noopener\">Julie Bossart<\/a><br \/>\n        <\/strong><\/p>\n<p>        Publi\u00e9 le<\/p>\n<p>            28 juil. 2025 \u00e0 7h32        <\/p>\n<p>Une ambiance indescriptible. De l\u2019avis g\u00e9n\u00e9ral, le passage des cyclistes rue Lepic \u00e0 <a href=\"https:\/\/actu.fr\/tag\/montmartre\" target=\"_blank\" rel=\"noopener\">Montmartre<\/a> \u00e0 l\u2019occasion de la <a href=\"https:\/\/actu.fr\/societe\/tour-de-france-2025-montmartre-au-programme-decouvrez-le-parcours-de-la-derniere-etape_62810140.html\" target=\"_blank\" rel=\"noopener\">derni\u00e8re \u00e9tape<\/a> du <a href=\"https:\/\/actu.fr\/tag\/tour-de-france-2025\" target=\"_blank\" rel=\"noopener\">Tour de France 2025<\/a>, dimanche 27\u00a0juillet aux alentours de 19\u00a0heures, \u00e9tait une dinguerie totale. Au point que de nombreux commentateurs sportifs, plus largement les amoureux de la petite reine et les habitants du 18e arrondissement de <a href=\"https:\/\/actu.fr\/paris\/dernieres-actus\" target=\"_blank\" rel=\"noopener\">Paris<\/a>, demandent d\u00e9sormais clairement que l\u2019embl\u00e9matique rue pav\u00e9e de la Butte soit inscrite au patrimoine de la Grande Boucle. <br \/>Mais avant de mettre la charrue avant les b\u0153ufs, et pour ceux qui n\u2019ont pas suivi la folle<a href=\"https:\/\/actu.fr\/ile-de-france\/paris_75056\/du-vent-et-de-la-pluie-pour-le-passage-du-tour-de-france-a-paris-meteo-france-declenche-la-vigilance-orages_62962632.html\" target=\"_blank\" rel=\"noopener\"> \u00e9pop\u00e9e pluvieuse<\/a> des coureurs, on vous propose un r\u00e9cap en images. Histoire d\u2019alimenter, d\u00e9j\u00e0, une LepicOstalgie\u2009?<\/p>\n<p>Des fans pr\u00e9sents d\u00e8s potron-minet<br \/>\n    <img   decoding=\"async\" loading=\"lazy\" src=\"https:\/\/www.europesays.com\/fr\/wp-content\/uploads\/2025\/07\/epaliveeight416121-960x640.jpg\" alt=\"Le public a commenc\u00e9 \u00e0 coloniser la rue Lepic tr\u00e8s t\u00f4t, dimanche.\" width=\"960\" height=\"640\"\/><br \/>\n    Le public a commenc\u00e9 \u00e0 coloniser la rue Lepic tr\u00e8s t\u00f4t, dimanche. (\u00a9Teresa Suarez\/EPA\/MAXPPP)Une ambiance incomparable\u00a0<br \/>\n    <img   decoding=\"async\" loading=\"lazy\" src=\"https:\/\/www.europesays.com\/fr\/wp-content\/uploads\/2025\/07\/maxnewsspecialtwo293965-960x640.jpg\" alt=\"Une rue Lepic pleine de supporters enfi\u00e9vr\u00e9s qui ont mis le feu toute la journ\u00e9e de dimanche.\" width=\"960\" height=\"640\"\/><br \/>\n    Une rue Lepic pleine de supporters enfi\u00e9vr\u00e9s qui ont mis le feu toute la journ\u00e9e de dimanche. (\u00a9Olivier Corsan\/MAXPPP)\u00ab\u00a0Les pompiers, ils ont de la chance\u00a0\u00bb<br \/>\n    <img   decoding=\"async\" loading=\"lazy\" src=\"https:\/\/www.europesays.com\/fr\/wp-content\/uploads\/2025\/07\/tour-de-france-montmartre-paris-13-1-960x640.jpg\" alt=\"Une chose est s\u00fbre, les sapeurs-pompiers, du haut de la grande \u00e9chelle, avaient la meilleure vue.\" width=\"960\" height=\"640\"\/><br \/>\n    Une chose est s\u00fbre, les sapeurs-pompiers, du haut de la grande \u00e9chelle, avaient la meilleure vue, ce qui n\u2019a pas manqu\u00e9 d\u2019en faire baver quelques-uns. (\u00a9AG\/actu Paris)\u00ab\u00a0Les habitants, comme des enfants \u00e0 No\u00ebl !\u00a0\u00bb<br \/>\n    <img   decoding=\"async\" loading=\"lazy\" src=\"https:\/\/www.europesays.com\/fr\/wp-content\/uploads\/2025\/07\/tour-de-france-montmartre-paris-5-1-960x640.jpg\" alt=\"Entendu sur la Butte : \" width=\"960\" height=\"640\"\/><br \/>\n    Entendu sur la Butte : \u00ab\u00a0Les habitants de la rue Lepic, c\u2019est comme les enfants \u00e0 No\u00ebl aujourd\u2019hui.\u00a0\u00bb<br \/>(\u00a9AG\/actu Paris)<\/p>\n<p class=\" wall-content\">Tous les r\u00e9sultats sont \u00e0 retrouver sur <a href=\"https:\/\/actu.fr\/sports\/tour-de-france-2025-le-belge-wout-van-aert-remporte-la-21e-et-derniere-etape_62963506.html\" target=\"_blank\" rel=\"noopener\">actu.fr<\/a><\/p>\n<p class=\" wall-content\">Suivez toute l\u2019actualit\u00e9 de vos villes et m\u00e9dias favoris en vous inscrivant \u00e0 <a href=\"https:\/\/moncompte.actu.fr\" title=\"D\u00e9couvez Mon Actu\" rel=\"nofollow noopener\" data-trk=\"{&quot;cta&quot;:{&quot;action&quot;:&quot;https:\\\/\\\/moncompte.actu.fr&quot;,&quot;category&quot;:&quot;mon compte&quot;,&quot;from&quot;:&quot;article footer&quot;,&quot;name&quot;:&quot;Mon actu&quot;,&quot;type&quot;:&quot;cta&quot;}}\" target=\"_blank\">Mon Actu<\/a>.<\/p>\n<ul class=\"ac-article-tag wall-content\">\n<li><a href=\"https:\/\/actu.fr\/tag\/montmartre\" data-trk=\"{&quot;cta&quot;:{&quot;action&quot;:&quot;Montmartre&quot;,&quot;category&quot;:&quot;tag&quot;,&quot;from&quot;:&quot;article footer&quot;,&quot;name&quot;:&quot;Montmartre&quot;,&quot;type&quot;:&quot;cta&quot;}}\" target=\"_blank\" rel=\"noopener\">#Montmartre<\/a><\/li>\n<li><a href=\"https:\/\/actu.fr\/tag\/tour-de-france-2025\" data-trk=\"{&quot;cta&quot;:{&quot;action&quot;:&quot;Tour de France 2025&quot;,&quot;category&quot;:&quot;tag&quot;,&quot;from&quot;:&quot;article footer&quot;,&quot;name&quot;:&quot;Tour de France 2025&quot;,&quot;type&quot;:&quot;cta&quot;}}\" target=\"_blank\" rel=\"noopener\">#Tour de France 2025<\/a><\/li>\n<\/ul>\n","protected":false},"excerpt":{"rendered":"Par Julie Bossart Publi\u00e9 le 28 juil. 2025 \u00e0 7h32 Une ambiance indescriptible. De l\u2019avis g\u00e9n\u00e9ral, le passage&hellip;\n","protected":false},"author":2,"featured_media":278978,"comment_status":"","ping_status":"","sticky":false,"template":"","format":"standard","meta":{"footnotes":""},"categories":[1888],"tags":[1111,1928,11,1927,1777,674,1011,27,7661,12,1926,626,1925,25,104,2116],"class_list":{"0":"post-278977","1":"post","2":"type-post","3":"status-publish","4":"format-standard","5":"has-post-thumbnail","7":"category-paris","8":"tag-actu","9":"tag-actu-paris","10":"tag-actualites","11":"tag-actualites-paris","12":"tag-eu","13":"tag-europe","14":"tag-fr","15":"tag-france","16":"tag-montmartre","17":"tag-news","18":"tag-news-paris","19":"tag-paris","20":"tag-paris-news","21":"tag-republique-francaise","22":"tag-societe","23":"tag-tour-de-france-2025"},"share_on_mastodon":{"url":"https:\/\/pubeurope.com\/@fr\/114929491360038501","error":""},"_links":{"self":[{"href":"https:\/\/www.europesays.com\/fr\/wp-json\/wp\/v2\/posts\/278977","targetHints":{"allow":["GET"]}}],"collection":[{"href":"https:\/\/www.europesays.com\/fr\/wp-json\/wp\/v2\/posts"}],"about":[{"href":"https:\/\/www.europesays.com\/fr\/wp-json\/wp\/v2\/types\/post"}],"author":[{"embeddable":true,"href":"https:\/\/www.europesays.com\/fr\/wp-json\/wp\/v2\/users\/2"}],"replies":[{"embeddable":true,"href":"https:\/\/www.europesays.com\/fr\/wp-json\/wp\/v2\/comments?post=278977"}],"version-history":[{"count":0,"href":"https:\/\/www.europesays.com\/fr\/wp-json\/wp\/v2\/posts\/278977\/revisions"}],"wp:featuredmedia":[{"embeddable":true,"href":"https:\/\/www.europesays.com\/fr\/wp-json\/wp\/v2\/media\/278978"}],"wp:attachment":[{"href":"https:\/\/www.europesays.com\/fr\/wp-json\/wp\/v2\/media?parent=278977"}],"wp:term":[{"taxonomy":"category","embeddable":true,"href":"https:\/\/www.europesays.com\/fr\/wp-json\/wp\/v2\/categories?post=278977"},{"taxonomy":"post_tag","embeddable":true,"href":"https:\/\/www.europesays.com\/fr\/wp-json\/wp\/v2\/tags?post=278977"}],"curies":[{"name":"wp","href":"https:\/\/api.w.org\/{rel}","templated":true}]}}