{"id":278979,"date":"2025-07-28T06:40:14","date_gmt":"2025-07-28T06:40:14","guid":{"rendered":"https:\/\/www.europesays.com\/fr\/278979\/"},"modified":"2025-07-28T06:40:14","modified_gmt":"2025-07-28T06:40:14","slug":"paris-deplore-un-accord-desequilibre-apres-que-les-europeens-se-resignent-a-une-hausse-de-15","status":"publish","type":"post","link":"https:\/\/www.europesays.com\/fr\/278979\/","title":{"rendered":"Paris d\u00e9plore un accord \u00ab d\u00e9s\u00e9quilibr\u00e9 \u00bb apr\u00e8s que les Europ\u00e9ens se r\u00e9signent \u00e0 une hausse de 15 %"},"content":{"rendered":"<p>AFP Videos &#8211; France<\/p>\n<p><a class=\"Td(n) C($inherit) LineClamp(2,45px) D(f) rapidnofollow\" data-uuid=\"0b98ce38-2b69-3e27-b460-1c9cfbd4c0c6\" href=\"https:\/\/fr.news.yahoo.com\/ecosse-trump-von-der-leyen-133119695.html\" data-ylk=\"elm:hdln;itc:0;pos:1;sec:strm;subsec:moreforyou;cpos:2;ct:video;g:0b98ce38-2b69-3e27-b460-1c9cfbd4c0c6\" data-hosted-type=\"HOSTED\" target=\"_blank\" rel=\"noopener\">En Ecosse, Trump et von der Leyen cherchent l&rsquo;accord douanier de la derni\u00e8re heure<\/a><\/p>\n<p class=\"M(0) C($summaryColor) Fz(14px) Lh(1.43em) LineClamp(3,60px)\">Pour le pr\u00e9sident am\u00e9ricain, il y a \u00ab\u00a0une chance sur deux\u00a0\u00bb d&rsquo;y arriver : Donald Trump n\u00e9gocie dimanche en Ecosse avec la cheffe de la Commission europ\u00e9enne Ursula von der Leyen pour arracher un accord douanier.L&rsquo;heure tourne : le r\u00e9publicain de 79 ans, lanc\u00e9 dans une vaste offensive protectionniste, se donne jusqu&rsquo;au 1er ao\u00fbt avant d&rsquo;assommer les produits europ\u00e9ens entrant aux Etats-Unis de droits de douane de 30%.Toute entente entre les deux dirigeants devra \u00eatre valid\u00e9e par les Etats membres de l&rsquo;UE.\u00a0Les diplomates qui les repr\u00e9sentent, en d\u00e9placement au Groenland, doivent s&rsquo;y r\u00e9unir en matin\u00e9e pour \u00eatre inform\u00e9s\u00a0par l&rsquo;ex\u00e9cutif europ\u00e9en des derni\u00e8res tractations, puis devraient \u00e0 nouveau se concerter dimanche soir ou lundi, en cas de fum\u00e9e blanche \u00e0 Turnberry.C&rsquo;est dans cette tranquille localit\u00e9 de la c\u00f4te ouest de l&rsquo;Ecosse, o\u00f9 la famille Trump poss\u00e8de un luxueux complexe de golf, que la rencontre au sommet aura lieu &#8211; \u00e0 16H30 (15H30 GMT), selon la Maison Blanche.\u00a0\u00bbNous avons une chance sur deux\u00a0\u00bb de trouver un accord, avait lanc\u00e9 Donald Trump vendredi \u00e0 son arriv\u00e9e en Ecosse, d&rsquo;o\u00f9 il repartira mardi apr\u00e8s un s\u00e9jour mi-priv\u00e9 mi-diplomatique.A en croire le Financial Times, des discussions tendues ont eu lieu samedi soir sur l&rsquo;acier, l&rsquo;automobile et les produits pharmaceutiques.\u00a0&#8211; \u00ab\u00a0Tr\u00e8s respect\u00e9e\u00a0\u00bb -Avant sa rencontre avec la dirigeante europ\u00e9enne, Donald Trump s&rsquo;est de nouveau accord\u00e9 du temps dimanche matin pour une partie de golf.Le pr\u00e9sident am\u00e9ricain a assur\u00e9 \u00eatre \u00ab\u00a0impatient\u00a0\u00bb de s&rsquo;entretenir avec Ursula von der Leyen, une \u00ab\u00a0femme tr\u00e8s respect\u00e9e\u00a0\u00bb.Ce ton aimable tranche avec les invectives dont le r\u00e9publicain accable l&rsquo;Union europ\u00e9enne, selon lui cr\u00e9\u00e9e dans le but d'\u00a0\u00bbarnaquer\u00a0\u00bb les Etats-Unis.D&rsquo;apr\u00e8s plusieurs sources europ\u00e9ennes, le texte en discussion pr\u00e9voit des surtaxes douani\u00e8res de 15% sur les exportations europ\u00e9ennes \u00e0 destination des Etats-Unis, avec des exemptions sur l&rsquo;a\u00e9ronautique ou les spiritueux &#8211; mais pas sur le vin.Un tel r\u00e9sultat confirmerait que les \u00e9changes transatlantiques sont entr\u00e9s dans une nouvelle \u00e8re, celle d&rsquo;un protectionnisme am\u00e9ricain d\u00e9complex\u00e9. Jusqu&rsquo;au retour au pouvoir de Donald Trump, ils \u00e9taient marqu\u00e9s par un niveau de droits de douane am\u00e9ricains bien moins \u00e9lev\u00e9s, de 4,8% en moyenne.Dans les faits, le taux effectif appliqu\u00e9 par les \u00c9tats Unis aux marchandises europ\u00e9ennes se monte donc d\u00e9ja actuellement \u00e0 pr\u00e8s de 15%, si l\u2019on additionne la surtaxe de 10% d\u2019ores et d\u00e9j\u00e0 appliqu\u00e9e par le gouvernement am\u00e9ricain et le taux de 4,8%\u00a0pr\u00e9-existant.Mais un accord aurait le m\u00e9rite, selon les analystes, de lever l&rsquo;incertitude, ce redoutable poison en mati\u00e8re commerciale.- \u00ab\u00a0Bazooka\u00a0\u00bb -L&rsquo;Union europ\u00e9enne est actuellement soumise \u00e0 une taxe de 25% sur les voitures, de 50% sur l&rsquo;acier et l&rsquo;aluminium, ainsi qu&rsquo;\u00e0 des droits de douane g\u00e9n\u00e9raux de 10%.Si Ursula von der Leyen et Donald Trump ne parvenaient pas \u00e0 s&rsquo;entendre, Bruxelles assure \u00eatre pr\u00eat \u00e0 riposter en taxant des produits et des services am\u00e9ricains.L&rsquo;ex\u00e9cutif europ\u00e9en, sous l&rsquo;impulsion de certains pays comme la France, pourrait aussi geler l&rsquo;acc\u00e8s aux march\u00e9s publics europ\u00e9ens ou bloquer certains investissements.D\u00e9gainer ce \u00ab\u00a0bazooka\u00a0\u00bb &#8211; appel\u00e9 instrument \u00ab\u00a0anticoercition\u00a0\u00bb dans le jargon bruxellois &#8211; entra\u00eenerait l&rsquo;Europe et l&rsquo;Am\u00e9rique dans une escalade diplomatico-\u00e9conomique inou\u00efe.- Epstein -Donald Trump, un ancien promoteur immobilier qui a \u00e9crit un livre \u00e0 succ\u00e8s sur \u00ab\u00a0l&rsquo;art du deal\u00a0\u00bb, affirme \u00eatre en position de force.Mais certains sondages montrent que les Am\u00e9ricains doutent de sa strat\u00e9gie douani\u00e8re et de sa conduite des affaires en g\u00e9n\u00e9ral.Dans une r\u00e9cente enqu\u00eate d&rsquo;opinion Gallup, sa cote de confiance est tomb\u00e9e \u00e0 37%, 10 points de moins qu&rsquo;en janvier.Le milliardaire new-yorkais, qui s&rsquo;est toujours jou\u00e9 des scandales et des poursuites p\u00e9nales, peine \u00e0 se d\u00e9p\u00eatrer de l&rsquo;affaire Jeffrey Epstein.Il est accus\u00e9 de manquer de transparence sur les relations qu&rsquo;il entretenait avec ce riche financier, mort en prison avant un proc\u00e8s pour crimes sexuels qui s&rsquo;annon\u00e7ait retentissant.Faire \u00e9tat d&rsquo;un accord avec l&rsquo;UE, en promettant des retomb\u00e9es pharaoniques sur l&rsquo;\u00e9conomie am\u00e9ricaine, et dans la foul\u00e9e de ceux conclus ces derniers jours avec le Japon, le Vietnam, les Philippines et l&rsquo;Indon\u00e9sie, pourrait \u00eatre une diversion bienvenue.Lundi, c&rsquo;est avec la Chine que des n\u00e9gociateurs am\u00e9ricains s&rsquo;efforceront, au cours d&rsquo;une rencontre \u00e0 Stockholm, d&rsquo;\u00e9viter une reprise de l&rsquo;escalade commerciale.aue-ec\/mhc\/bds<\/p>\n","protected":false},"excerpt":{"rendered":"AFP Videos &#8211; France En Ecosse, Trump et von der Leyen cherchent l&rsquo;accord douanier de la derni\u00e8re heure&hellip;\n","protected":false},"author":2,"featured_media":278980,"comment_status":"","ping_status":"","sticky":false,"template":"","format":"standard","meta":{"footnotes":""},"categories":[1888],"tags":[1111,1928,11,1927,24006,2196,75,2388,73,1777,674,1011,27,12,1926,626,1925,7274,25,2544],"class_list":{"0":"post-278979","1":"post","2":"type-post","3":"status-publish","4":"format-standard","5":"has-post-thumbnail","7":"category-paris","8":"tag-actu","9":"tag-actu-paris","10":"tag-actualites","11":"tag-actualites-paris","12":"tag-benjamin-haddad","13":"tag-commission-europeenne","14":"tag-donald-trump","15":"tag-droits-de-douane","16":"tag-etats-unis","17":"tag-eu","18":"tag-europe","19":"tag-fr","20":"tag-france","21":"tag-news","22":"tag-news-paris","23":"tag-paris","24":"tag-paris-news","25":"tag-president-americain","26":"tag-republique-francaise","27":"tag-ursula-von-der-leyen"},"share_on_mastodon":{"url":"https:\/\/pubeurope.com\/@fr\/114929495141744786","error":""},"_links":{"self":[{"href":"https:\/\/www.europesays.com\/fr\/wp-json\/wp\/v2\/posts\/278979","targetHints":{"allow":["GET"]}}],"collection":[{"href":"https:\/\/www.europesays.com\/fr\/wp-json\/wp\/v2\/posts"}],"about":[{"href":"https:\/\/www.europesays.com\/fr\/wp-json\/wp\/v2\/types\/post"}],"author":[{"embeddable":true,"href":"https:\/\/www.europesays.com\/fr\/wp-json\/wp\/v2\/users\/2"}],"replies":[{"embeddable":true,"href":"https:\/\/www.europesays.com\/fr\/wp-json\/wp\/v2\/comments?post=278979"}],"version-history":[{"count":0,"href":"https:\/\/www.europesays.com\/fr\/wp-json\/wp\/v2\/posts\/278979\/revisions"}],"wp:featuredmedia":[{"embeddable":true,"href":"https:\/\/www.europesays.com\/fr\/wp-json\/wp\/v2\/media\/278980"}],"wp:attachment":[{"href":"https:\/\/www.europesays.com\/fr\/wp-json\/wp\/v2\/media?parent=278979"}],"wp:term":[{"taxonomy":"category","embeddable":true,"href":"https:\/\/www.europesays.com\/fr\/wp-json\/wp\/v2\/categories?post=278979"},{"taxonomy":"post_tag","embeddable":true,"href":"https:\/\/www.europesays.com\/fr\/wp-json\/wp\/v2\/tags?post=278979"}],"curies":[{"name":"wp","href":"https:\/\/api.w.org\/{rel}","templated":true}]}}