{"id":278989,"date":"2025-07-28T06:45:11","date_gmt":"2025-07-28T06:45:11","guid":{"rendered":"https:\/\/www.europesays.com\/fr\/278989\/"},"modified":"2025-07-28T06:45:11","modified_gmt":"2025-07-28T06:45:11","slug":"soyons-lucides-letat-de-fait-nest-pas-satisfaisant-deplore-paris-liberation","status":"publish","type":"post","link":"https:\/\/www.europesays.com\/fr\/278989\/","title":{"rendered":"\u00abSoyons lucides, l\u2019\u00e9tat de fait n\u2019est pas satisfaisant\u00bb, d\u00e9plore Paris \u2013 Lib\u00e9ration"},"content":{"rendered":"<p class=\"sc-ksZaOG ehjQrN text-element\">L\u2019accord commercial entre les Etats-Unis et l\u2019UE \u00e9tablissant \u00e0 15 % les droits de douane am\u00e9ricains sur les produits europ\u00e9ens apporte \u00abune stabilit\u00e9 temporaire\u00bb, mais reste \u00abd\u00e9s\u00e9quilibr\u00e9\u00bb, a regrett\u00e9 ce lundi 28 juillet le ministre fran\u00e7ais d\u00e9l\u00e9gu\u00e9 charg\u00e9 de l\u2019Europe, <a href=\"https:\/\/www.liberation.fr\/international\/europe\/gouvernement-barnier-un-proche-de-macron-tres-offensif-sur-la-guerre-en-ukraine-nomme-aux-affaires-europeennes-20240922_5BD7MKIUPRHHNN7SXA2SLR7244\/\" target=\"_blank\" rel=\"nofollow noopener\" title=\"https:\/\/www.liberation.fr\/international\/europe\/gouvernement-barnier-un-proche-de-macron-tres-offensif-sur-la-guerre-en-ukraine-nomme-aux-affaires-europeennes-20240922_5BD7MKIUPRHHNN7SXA2SLR7244\/\">Benjamin Haddad.<\/a><\/p>\n<p class=\"sc-ksZaOG ehjQrN text-element\">\u00abL\u2019accord commercial n\u00e9goci\u00e9 par la Commission europ\u00e9enne avec les Etats-Unis apportera une stabilit\u00e9 temporaire aux acteurs \u00e9conomiques menac\u00e9s par l\u2019escalade douani\u00e8re am\u00e9ricaine, mais il est d\u00e9s\u00e9quilibr\u00e9\u00bb, a \u00e9crit sur X Benjamin Haddad, qui a mis en garde contre le risque d\u2019un \u00abd\u00e9crochage\u00bb des Europ\u00e9ens si ces derniers \u00abne se r\u00e9veillent pas\u00bb.<\/p>\n<p class=\"sc-ksZaOG ehjQrN text-element\">Le ministre s\u2019est n\u00e9anmoins f\u00e9licit\u00e9 que l\u2019accord exempte \u00abdes secteurs cl\u00e9s pour l\u2019\u00e9conomie fran\u00e7aise (a\u00e9ronautique, spiritueux, m\u00e9dicaments)\u00bb, exclut \u00abtoute concession pour [les] fili\u00e8res agricoles sensibles\u00bb et \u00abpr\u00e9serve [la] r\u00e9glementation europ\u00e9enne sur des sujets comme le num\u00e9rique ou le sanitaire\u00bb.<\/p>\n<p class=\"sc-ksZaOG ehjQrN text-element\">\u00abMais soyons lucides : l\u2019\u00e9tat de fait n\u2019est pas satisfaisant et ne peut pas \u00eatre durable\u00bb, a estim\u00e9 le ministre, en observant que les Etats-Unis \u00abfont le choix de <a href=\"https:\/\/www.liberation.fr\/idees-et-debats\/tribunes\/guerre-des-tarifs-face-a-trump-leurope-doit-faire-de-sa-politique-commerciale-un-outil-de-puissance-20250717_KVCBM32VUNAX7I4TVXKBD6GK74\/\" target=\"_blank\" rel=\"nofollow noopener\" title=\"https:\/\/www.liberation.fr\/idees-et-debats\/tribunes\/guerre-des-tarifs-face-a-trump-leurope-doit-faire-de-sa-politique-commerciale-un-outil-de-puissance-20250717_KVCBM32VUNAX7I4TVXKBD6GK74\/\">la coercition \u00e9conomique<\/a> et du m\u00e9pris complet des r\u00e8gles de l\u2019OMC\u00bb.<\/p>\n<p class=\"sc-ksZaOG ehjQrN text-element\">\u00abNous devons en tirer vite les cons\u00e9quences ou risquer l\u2019effacement\u00bb, a-t-il \u00e9crit, avertissant : \u00abSi les Europ\u00e9ens ne se r\u00e9veillent pas, les difficult\u00e9s des autres para\u00eetront toutes relatives face \u00e0 notre d\u00e9crochage.\u00bb<\/p>\n<p class=\"sc-ksZaOG ehjQrN text-element\">L\u2019accord a \u00e9t\u00e9 annonc\u00e9 <a href=\"https:\/\/www.liberation.fr\/international\/europe\/accord-commercial-ue-etats-unis-von-der-leyen-va-discuter-avec-trump-en-ecosse-dimanche-20250725_52HS2CAOKRBILOWLLSF74JVICQ\/\" target=\"_blank\" rel=\"nofollow noopener\" title=\"https:\/\/www.liberation.fr\/international\/europe\/accord-commercial-ue-etats-unis-von-der-leyen-va-discuter-avec-trump-en-ecosse-dimanche-20250725_52HS2CAOKRBILOWLLSF74JVICQ\/\">lors d\u2019une rencontre entre Donald Trump et la pr\u00e9sidente de la Commission europ\u00e9enne<\/a>, Ursula von der Leyen, dimanche soir en Ecosse.<\/p>\n<p class=\"sc-ksZaOG ehjQrN text-element\">Il pr\u00e9voit des droits de douane de 15 % sur les produits europ\u00e9ens import\u00e9s d\u2019une part, tandis que l\u2019UE s\u2019engage \u00e0 750 milliards de dollars d\u2019achats d\u2019\u00e9nergie \u2013 visant notamment <a href=\"https:\/\/www.liberation.fr\/international\/europe\/apres-trois-ans-de-guerre-en-ukraine-lue-reste-toujours-dependante-du-gaz-russe-20250521_744BTGD2RZFF3NSC6Y7VRNAVUA\/\" target=\"_blank\" rel=\"nofollow noopener\" title=\"https:\/\/www.liberation.fr\/international\/europe\/apres-trois-ans-de-guerre-en-ukraine-lue-reste-toujours-dependante-du-gaz-russe-20250521_744BTGD2RZFF3NSC6Y7VRNAVUA\/\">\u00e0 remplacer le gaz russe<\/a> \u2013 et \u00e0 600 milliards d\u2019investissements suppl\u00e9mentaires aux Etats-Unis d\u2019autre part.<\/p>\n<p class=\"sc-ksZaOG ehjQrN text-element\">Les deux puissances ont aussi d\u00e9cid\u00e9 de lever r\u00e9ciproquement leurs droits de douane sur certains produits strat\u00e9giques, dont les \u00e9quipements a\u00e9ronautiques, a ensuite pr\u00e9cis\u00e9 Ursula von der Leyen devant la presse.<\/p>\n","protected":false},"excerpt":{"rendered":"L\u2019accord commercial entre les Etats-Unis et l\u2019UE \u00e9tablissant \u00e0 15 % les droits de douane am\u00e9ricains sur les&hellip;\n","protected":false},"author":2,"featured_media":278990,"comment_status":"","ping_status":"","sticky":false,"template":"","format":"standard","meta":{"footnotes":""},"categories":[1589],"tags":[11,75,73,1866,1074,12,364,1864,1865,2544,1863,308],"class_list":{"0":"post-278989","1":"post","2":"type-post","3":"status-publish","4":"format-standard","5":"has-post-thumbnail","7":"category-etats-unis","8":"tag-actualites","9":"tag-donald-trump","10":"tag-etats-unis","11":"tag-etats-unis-damerique","12":"tag-guerre-commerciale","13":"tag-news","14":"tag-union-europeenne","15":"tag-united-states","16":"tag-united-states-of-america","17":"tag-ursula-von-der-leyen","18":"tag-us","19":"tag-usa"},"share_on_mastodon":{"url":"https:\/\/pubeurope.com\/@fr\/114929514884386877","error":""},"_links":{"self":[{"href":"https:\/\/www.europesays.com\/fr\/wp-json\/wp\/v2\/posts\/278989","targetHints":{"allow":["GET"]}}],"collection":[{"href":"https:\/\/www.europesays.com\/fr\/wp-json\/wp\/v2\/posts"}],"about":[{"href":"https:\/\/www.europesays.com\/fr\/wp-json\/wp\/v2\/types\/post"}],"author":[{"embeddable":true,"href":"https:\/\/www.europesays.com\/fr\/wp-json\/wp\/v2\/users\/2"}],"replies":[{"embeddable":true,"href":"https:\/\/www.europesays.com\/fr\/wp-json\/wp\/v2\/comments?post=278989"}],"version-history":[{"count":0,"href":"https:\/\/www.europesays.com\/fr\/wp-json\/wp\/v2\/posts\/278989\/revisions"}],"wp:featuredmedia":[{"embeddable":true,"href":"https:\/\/www.europesays.com\/fr\/wp-json\/wp\/v2\/media\/278990"}],"wp:attachment":[{"href":"https:\/\/www.europesays.com\/fr\/wp-json\/wp\/v2\/media?parent=278989"}],"wp:term":[{"taxonomy":"category","embeddable":true,"href":"https:\/\/www.europesays.com\/fr\/wp-json\/wp\/v2\/categories?post=278989"},{"taxonomy":"post_tag","embeddable":true,"href":"https:\/\/www.europesays.com\/fr\/wp-json\/wp\/v2\/tags?post=278989"}],"curies":[{"name":"wp","href":"https:\/\/api.w.org\/{rel}","templated":true}]}}