{"id":278993,"date":"2025-07-28T06:47:11","date_gmt":"2025-07-28T06:47:11","guid":{"rendered":"https:\/\/www.europesays.com\/fr\/278993\/"},"modified":"2025-07-28T06:47:11","modified_gmt":"2025-07-28T06:47:11","slug":"accident-de-train-mortel-en-allemagne-un-glissement-de-terrain-a-provoque-le-deraillement-des-wagons","status":"publish","type":"post","link":"https:\/\/www.europesays.com\/fr\/278993\/","title":{"rendered":"Accident de train mortel en Allemagne : un glissement de terrain a provoqu\u00e9 le d\u00e9raillement des wagons"},"content":{"rendered":"<p>  \tTrois personnes sont mortes et 41 ont \u00e9t\u00e9 bless\u00e9es dans la r\u00e9gion de Riedlingen.<\/p>\n<p>&#13;<br \/>\n&#13;<\/p>\n<p>Un glissement de terrain provoqu\u00e9 par de fortes pluies est probablement \u00e0 l\u2019origine de <a href=\"https:\/\/www.rtl.be\/actu\/monde\/europe\/un-train-deraille-en-allemagne-au-moins-3-morts-et-50-blesses-voici-que-le-lon\/2025-07-27\/article\/757921\" target=\"_blank\" rel=\"nofollow noopener\">l\u2019accident de train dans le sud-ouest de l\u2019Allemagne<\/a>. C\u2019est ce qu\u2019a d\u00e9clar\u00e9 la police. Trois personnes ont perdu la vie dans l\u2019accident. \u00ab L\u2019eau a provoqu\u00e9 un glissement de terrain sur le talus longeant les voies, ce qui aurait vraisemblablement entra\u00een\u00e9 le d\u00e9raillement \u00bb, a indiqu\u00e9 la police.<\/p>\n<p>Trois personnes sont d\u00e9c\u00e9d\u00e9es dimanche soir lorsque le train r\u00e9gional a d\u00e9raill\u00e9 pr\u00e8s de Riedlingen, dans le Land de Bade-Wurtemberg. Les victimes sont le conducteur du train, un autre employ\u00e9 de la Deutsche Bahn et un passager. On d\u00e9nombre par ailleurs 41 bless\u00e9s. Il avait beaucoup plu avant l\u2019accident. Localement, il est tomb\u00e9 entre 30 et 40 litres de pr\u00e9cipitations par m\u00e8tre carr\u00e9 en peu de temps.<\/p>\n","protected":false},"excerpt":{"rendered":"Trois personnes sont mortes et 41 ont \u00e9t\u00e9 bless\u00e9es dans la r\u00e9gion de Riedlingen. &#13; &#13; Un glissement&hellip;\n","protected":false},"author":2,"featured_media":278994,"comment_status":"","ping_status":"","sticky":false,"template":"","format":"standard","meta":{"footnotes":""},"categories":[1587],"tags":[29950,11,672,1804,1805,1803,1777,674,1801,12,1802],"class_list":{"0":"post-278993","1":"post","2":"type-post","3":"status-publish","4":"format-standard","5":"has-post-thumbnail","7":"category-allemagne","8":"tag-nodefield_freetags","9":"tag-actualites","10":"tag-allemagne","11":"tag-bundesrepublik-deutschland","12":"tag-de","13":"tag-deutschland","14":"tag-eu","15":"tag-europe","16":"tag-germany","17":"tag-news","18":"tag-republique-federale-dallemagne"},"share_on_mastodon":{"url":"https:\/\/pubeurope.com\/@fr\/114929522642461250","error":""},"_links":{"self":[{"href":"https:\/\/www.europesays.com\/fr\/wp-json\/wp\/v2\/posts\/278993","targetHints":{"allow":["GET"]}}],"collection":[{"href":"https:\/\/www.europesays.com\/fr\/wp-json\/wp\/v2\/posts"}],"about":[{"href":"https:\/\/www.europesays.com\/fr\/wp-json\/wp\/v2\/types\/post"}],"author":[{"embeddable":true,"href":"https:\/\/www.europesays.com\/fr\/wp-json\/wp\/v2\/users\/2"}],"replies":[{"embeddable":true,"href":"https:\/\/www.europesays.com\/fr\/wp-json\/wp\/v2\/comments?post=278993"}],"version-history":[{"count":0,"href":"https:\/\/www.europesays.com\/fr\/wp-json\/wp\/v2\/posts\/278993\/revisions"}],"wp:featuredmedia":[{"embeddable":true,"href":"https:\/\/www.europesays.com\/fr\/wp-json\/wp\/v2\/media\/278994"}],"wp:attachment":[{"href":"https:\/\/www.europesays.com\/fr\/wp-json\/wp\/v2\/media?parent=278993"}],"wp:term":[{"taxonomy":"category","embeddable":true,"href":"https:\/\/www.europesays.com\/fr\/wp-json\/wp\/v2\/categories?post=278993"},{"taxonomy":"post_tag","embeddable":true,"href":"https:\/\/www.europesays.com\/fr\/wp-json\/wp\/v2\/tags?post=278993"}],"curies":[{"name":"wp","href":"https:\/\/api.w.org\/{rel}","templated":true}]}}