{"id":278997,"date":"2025-07-28T06:49:10","date_gmt":"2025-07-28T06:49:10","guid":{"rendered":"https:\/\/www.europesays.com\/fr\/278997\/"},"modified":"2025-07-28T06:49:10","modified_gmt":"2025-07-28T06:49:10","slug":"les-oppositions-denoncent-laccord-entre-lue-et-les-etats-unis","status":"publish","type":"post","link":"https:\/\/www.europesays.com\/fr\/278997\/","title":{"rendered":"les oppositions d\u00e9noncent l\u2019accord entre l\u2019UE et les \u00c9tats-Unis"},"content":{"rendered":"<p>\u00ab\u00a0C&rsquo;est le plus grand accord jamais conclu.\u00a0\u00bb \u00c0 la sortie de son \u00e9change avec la pr\u00e9sidente de la Commission europ\u00e9enne, Ursula von der Leyen, Donald Trump s&rsquo;est largement f\u00e9licit\u00e9 de l&rsquo;accord trouv\u00e9 avec l&rsquo;UE. Il pr\u00e9voit de fixer <a class=\"Link\" href=\"https:\/\/www.lepoint.fr\/economie\/trump-et-von-der-leyen-annoncent-un-accord-sur-des-droits-de-douane-de-15--27-07-2025-2595216_28.php\" title=\"\" data-gtm=\"click:capsule\" data-capsule=\"Lien\" rel=\"nofollow noopener\" target=\"_blank\">les droits de douane \u00e0 15\u00a0%<\/a> sur les exportations europ\u00e9ennes. Un deal qui fait r\u00e9agir la classe politique fran\u00e7aise, largement d\u00e9favorable.<\/p>\n<p>La newsletter politique<\/p>\n<p class=\"period\">Tous les lundis \u00e0 11h30<\/p>\n<p>Recevez en avant-premi\u00e8re les informations et analyses politiques de la r\u00e9daction du Point.<\/p>\n<p>Merci !<br \/>Votre inscription a bien \u00e9t\u00e9 prise en compte avec l&rsquo;adresse email :<\/p>\n<p>Pour d\u00e9couvrir toutes nos autres newsletters, rendez-vous ici : <a href=\"https:\/\/moncompte.lepoint.fr\/\" title=\"\" rel=\"nofollow noopener\" target=\"_blank\">MonCompte<\/a><\/p>\n<p>En vous inscrivant, vous acceptez les <a href=\"https:\/\/www.lepoint.fr\/html\/cgu\/\" title=\"Conditions g\u00e9n\u00e9rales d&#039;utilisation\" rel=\"nofollow noopener\" target=\"_blank\">conditions g\u00e9n\u00e9rales d\u2019utilisations<\/a> et notre <a href=\"https:\/\/www.lepoint.fr\/html\/politique-de-protection-donnees-personnelles\/\" title=\"Politique de confidentialit\u00e9\" rel=\"nofollow noopener\" target=\"_blank\">politique de confidentialit\u00e9<\/a>.<\/p>\n<p>Au lendemain de la signature, le ministre d\u00e9l\u00e9gu\u00e9 fran\u00e7ais charg\u00e9 de l&rsquo;Europe Benjamin Haddad\u00a0a fait savoir sur X qu&rsquo;il saluait une \u00ab\u00a0stabilit\u00e9 temporaire\u00a0\u00bb mais <a class=\"Link\" href=\"https:\/\/www.lepoint.fr\/monde\/droits-de-douane-comment-donald-trump-a-croque-l-union-europeenne-27-07-2025-2595217_24.php\" title=\"\" data-gtm=\"click:capsule\" data-capsule=\"Lien\" rel=\"nofollow noopener\" target=\"_blank\">un accord \u00ab\u00a0d\u00e9s\u00e9quilibr\u00e9\u00a0\u00bb<\/a>. \u00ab\u00a0Le libre-\u00e9change [\u2026] est aujourd&rsquo;hui rejet\u00e9 par les \u00c9tats-Unis, qui font le choix de la coercition \u00e9conomique et du m\u00e9pris complet des r\u00e8gles de l&rsquo;OMC\u00a0\u00bb, a-t-il expliqu\u00e9, appelant \u00e0 \u00ab\u00a0se battre pour continuer de rechercher l&rsquo;\u00e9quilibre commercial\u00a0\u00bb.<\/p>\n<blockquote class=\"twitter-tweet-unloaded\">\n<p dir=\"ltr\" lang=\"fr\">L\u2019accord commercial n\u00e9goci\u00e9 par la Commission Europ\u00e9enne avec les Etats-Unis apportera une stabilit\u00e9 temporaire aux acteurs \u00e9conomiques menac\u00e9s par l\u2019escalade douani\u00e8re am\u00e9ricaine, mais il est d\u00e9s\u00e9quilibr\u00e9.<\/p>\n<p>Il a le m\u00e9rite d\u2019exempter de tarifs des secteurs cl\u00e9s pour l\u2019\u00e9conomie\u2026<\/p>\n<p> \u2014 Benjamin Haddad (@benjaminhaddad) <a href=\"https:\/\/twitter.com\/benjaminhaddad\/status\/1949691983477240076?ref_src=twsrc%5Etfw\" rel=\"nofollow noopener\" target=\"_blank\">July 28, 2025<\/a> <\/p><\/blockquote>\n<p>Les oppositions se sont montr\u00e9es plus virulentes, \u00e0 l&rsquo;image du chef de file de LFI, <a class=\"Link\" href=\"https:\/\/www.lepoint.fr\/tags\/jean-luc-melenchon\" rel=\"nofollow noopener\" target=\"_blank\">Jean-Luc M\u00e9lenchon<\/a>, qui d\u00e9plore que <a class=\"Link\" href=\"https:\/\/www.lepoint.fr\/monde\/droits-de-douane-l-europe-au-bord-de-la-capitulation-face-a-trump-07-07-2025-2593879_24.php\" title=\"\" data-gtm=\"click:capsule\" data-capsule=\"Lien\" rel=\"nofollow noopener\" target=\"_blank\">\u00ab\u00a0tout a[it] \u00e9t\u00e9 c\u00e9d\u00e9 \u00e0 Trump\u00a0\u00bb<\/a>. \u00ab\u00a0Droits de douane, obligation d&rsquo;achat, taxe de 5\u00a0% sur le PIB\u00a0: le lib\u00e9ralisme, la concurrence libre et non fauss\u00e9e et autres r\u00e8gles du trait\u00e9 de Lisbonne sont une mauvaise blague\u00a0\u00bb, s&rsquo;est-il indign\u00e9.\u00a0Les d\u00e9put\u00e9s\u00a0de La France insoumise et de L&rsquo;Apr\u00e8s, Manuel Bompard et \u00c9ric Coquerel, ont corrobor\u00e9 en\u00a0d\u00e9non\u00e7ant\u00a0un \u00ab\u00a0accord de la honte\u00a0\u00bb.<\/p>\n<p>\u00ab\u00a0L&rsquo;accord de la honte\u00a0\u00bb<\/p>\n<p>M\u00eame rejet du c\u00f4t\u00e9 du Rassemblement national.\u00a0Marine Le Pen a qualifi\u00e9 cet accord de \u00ab\u00a0fiasco politique, \u00e9conomique et moral\u00a0\u00bb et\u00a0de \u00ab\u00a0capitulation en rase campagne pour l&rsquo;industrie fran\u00e7aise, et pour notre souverainet\u00e9 \u00e9nerg\u00e9tique et militaire\u00a0\u00bb.<\/p>\n<blockquote class=\"twitter-tweet-unloaded\">\n<p dir=\"ltr\" lang=\"fr\">L&rsquo;accord commercial conclu par Ursula von der Leyen avec Donald Trump est un fiasco politique, \u00e9conomique et moral.<\/p>\n<p>Politique, car l&rsquo;<a class=\"Link\" href=\"https:\/\/www.lepoint.fr\/tags\/union-europeenne\" rel=\"nofollow noopener\" target=\"_blank\">Union europ\u00e9enne<\/a>, \u00e0 27 \u00c9tats membres, a obtenu de moins bonnes conditions que le Royaume-Uni. Les souverainet\u00e9s, en mati\u00e8re commerciale, ne\u2026<\/p>\n<p> \u2014 Marine Le Pen (@MLP_officiel) <a href=\"https:\/\/twitter.com\/MLP_officiel\/status\/1949543453060186459?ref_src=twsrc%5Etfw\" rel=\"nofollow noopener\" target=\"_blank\">July 27, 2025<\/a> <\/p><\/blockquote>\n<p>Le Parti socialiste a \u00e9galement fait entendre sa voix. Pour Olivier Faure, l&rsquo;accord \u00ab\u00a0d\u00e9montre qu&rsquo;une fois encore les Europ\u00e9ens privil\u00e9gient leurs int\u00e9r\u00eats nationaux \u00e0 toute logique europ\u00e9enne\u00a0\u00bb. L&rsquo;eurod\u00e9put\u00e9 socialiste Pierre Jouvet fustige une \u00ab\u00a0vassalisation\u00a0\u00bb de l&rsquo;Europe.<\/p>\n<p>\n\u00c0 D\u00e9couvrir<br \/>\n<strong class=\"discover-kangourou__line\"><br \/>\n<img decoding=\"async\" class=\"discover-kangourou__img\" src=\"https:\/\/static.lpnt.fr\/static\/img\/kangourou\/kangourou_filled.svg\"\/><br \/>\n<strong class=\"discover-kangourou__txt\"><br \/>\n<strong>Le Kangourou du jour<\/strong><br \/>\n<a href=\"https:\/\/kangourou.lepoint.fr\" title=\"kangourou\" data-gtm-cta=\"kangourou_article\" class=\"discover-kangourou__lnk\" rel=\"nofollow noopener\" target=\"_blank\"><br \/>\nR\u00e9pondre<br \/>\n<\/a><br \/>\n<\/strong><br \/>\n<\/strong><br \/>\nL&rsquo;ancien Premier ministre Dominique de Villepin a choisi de rebaptiser le dimanche 27\u00a0juillet \u00ab\u00a0jour de la d\u00e9claration de d\u00e9pendance europ\u00e9enne\u00a0\u00bb, jugeant <a class=\"Link\" href=\"https:\/\/www.lepoint.fr\/economie\/cette-incertitude-double-nos-pertes-l-europe-face-au-chantage-de-trump-14-07-2025-2594311_28.php\" title=\"\" data-gtm=\"click:capsule\" data-capsule=\"Lien\" rel=\"nofollow noopener\" target=\"_blank\">le trait\u00e9 \u00ab\u00a0in\u00e9gal\u00a0\u00bb et \u00ab\u00a0\u00e0 sens unique\u00a0\u00bb<\/a>.\u00a0Malgr\u00e9 les critiques, Ursula von der Leyen a, quant \u00e0 elle, esp\u00e9r\u00e9 que ces nouvelles n\u00e9gociations apporteraient \u00ab\u00a0de la stabilit\u00e9\u00a0\u00bb.<\/p>\n<p>\u00c0 LIRE AUSSI <strong class=\"strong\"><a href=\"https:\/\/www.lepoint.fr\/monde\/ce-que-le-racket-generalise-de-trump-dit-de-l-europe-11-07-2025-2594182_24.php\" title=\"Ce que le racket g\u00e9n\u00e9ralis\u00e9 de Trump dit de l&#039;Europe\" style=\"text-decoration: none; color: inherit;\" data-gtm=\"click:capsule\" data-capsule=\"\u00c0 lire aussi\" rel=\"nofollow noopener\" target=\"_blank\">Ce que le racket g\u00e9n\u00e9ralis\u00e9 de Trump dit de l&rsquo;Europe<\/a><\/strong>En plus des 15\u00a0% de taxes douani\u00e8res, l&rsquo;Union europ\u00e9enne s&rsquo;est engag\u00e9e \u00e0 acheter\u00a0750\u00a0milliards de dollars d&rsquo;\u00e9nergie am\u00e9ricaine et \u00e0 investir 600\u00a0milliards de dollars suppl\u00e9mentaires sur le sol am\u00e9ricain.<\/p>\n<p>Toute l\u2019actualit\u00e9 \u00e0 1\u20ac le premier mois<\/p>\n<p><a href=\"https:\/\/abo.lepoint.fr\/?provenance=21EDI020098\" class=\"btn\" title=\"S&#039;abonner\" data-gtm=\"click:abo|display:abo\" data-campaign=\"paywall_maison\" rel=\"nofollow noopener\" target=\"_blank\">S&rsquo;abonner<\/a><\/p>\n<p>ou<\/p>\n<p><script async src=\"https:\/\/platform.twitter.com\/widgets.js\" charset=\"utf-8\"><\/script><\/p>\n","protected":false},"excerpt":{"rendered":"\u00ab\u00a0C&rsquo;est le plus grand accord jamais conclu.\u00a0\u00bb \u00c0 la sortie de son \u00e9change avec la pr\u00e9sidente de la&hellip;\n","protected":false},"author":2,"featured_media":278998,"comment_status":"","ping_status":"","sticky":false,"template":"","format":"standard","meta":{"footnotes":""},"categories":[1586],"tags":[11,1777,674,1779,1011,27,12,25,1778,364],"class_list":{"0":"post-278997","1":"post","2":"type-post","3":"status-publish","4":"format-standard","5":"has-post-thumbnail","7":"category-europe","8":"tag-actualites","9":"tag-eu","10":"tag-europe","11":"tag-european-union","12":"tag-fr","13":"tag-france","14":"tag-news","15":"tag-republique-francaise","16":"tag-ue","17":"tag-union-europeenne"},"share_on_mastodon":{"url":"https:\/\/pubeurope.com\/@fr\/114929530546303750","error":""},"_links":{"self":[{"href":"https:\/\/www.europesays.com\/fr\/wp-json\/wp\/v2\/posts\/278997","targetHints":{"allow":["GET"]}}],"collection":[{"href":"https:\/\/www.europesays.com\/fr\/wp-json\/wp\/v2\/posts"}],"about":[{"href":"https:\/\/www.europesays.com\/fr\/wp-json\/wp\/v2\/types\/post"}],"author":[{"embeddable":true,"href":"https:\/\/www.europesays.com\/fr\/wp-json\/wp\/v2\/users\/2"}],"replies":[{"embeddable":true,"href":"https:\/\/www.europesays.com\/fr\/wp-json\/wp\/v2\/comments?post=278997"}],"version-history":[{"count":0,"href":"https:\/\/www.europesays.com\/fr\/wp-json\/wp\/v2\/posts\/278997\/revisions"}],"wp:featuredmedia":[{"embeddable":true,"href":"https:\/\/www.europesays.com\/fr\/wp-json\/wp\/v2\/media\/278998"}],"wp:attachment":[{"href":"https:\/\/www.europesays.com\/fr\/wp-json\/wp\/v2\/media?parent=278997"}],"wp:term":[{"taxonomy":"category","embeddable":true,"href":"https:\/\/www.europesays.com\/fr\/wp-json\/wp\/v2\/categories?post=278997"},{"taxonomy":"post_tag","embeddable":true,"href":"https:\/\/www.europesays.com\/fr\/wp-json\/wp\/v2\/tags?post=278997"}],"curies":[{"name":"wp","href":"https:\/\/api.w.org\/{rel}","templated":true}]}}