{"id":279000,"date":"2025-07-28T06:51:15","date_gmt":"2025-07-28T06:51:15","guid":{"rendered":"https:\/\/www.europesays.com\/fr\/279000\/"},"modified":"2025-07-28T06:51:15","modified_gmt":"2025-07-28T06:51:15","slug":"vainqueur-mais-contrarie-tadej-pogacar-propage-son-malaise-au-tour-de-france","status":"publish","type":"post","link":"https:\/\/www.europesays.com\/fr\/279000\/","title":{"rendered":"Vainqueur mais contrari\u00e9, Tadej Pogacar propage son malaise au Tour de France"},"content":{"rendered":"<p>Il est temps de raconter une sc\u00e8ne survenue en queue de com\u00e8te du Tour de France 2024, trop folle pour \u00eatre vraie, pourtant authentique. Le film \u00e9claire en contre-jour la fin de la Grande Boucle de cette ann\u00e9e, remport\u00e9e par le Slov\u00e8ne Tadej Pogacar (UAE-Team Emirates), 26\u00a0ans, apr\u00e8s une ultime \u00e9tape de toute beaut\u00e9, dimanche, autour de la butte Montmartre et des Champs-Elys\u00e9es.<\/p>\n<p>L\u2019histoire, donc, se d\u00e9roule apr\u00e8s l\u2019arriv\u00e9e de la derni\u00e8re \u00e9tape en 2024, le contre-la-montre de Nice, ivre de bleu et de soleil. Le vainqueur, Pogacar, encore lui, visiblement pas assez moulu par la fatigue du \u00abchrono\u00bb, a choisi de d\u00e9fier une employ\u00e9e de l\u2019organisation, et il sprinte contre elle, \u00e0 pied, pas \u00e0 v\u00e9lo, dans les escaliers du palais des congr\u00e8s. Personne n\u2019est cens\u00e9 le voir, aucune cam\u00e9ra ne tourne. Pogacar s\u2019amuse, il court, et vite! Les petites jambes blanches avalent certaines marches par paquets de trois. Il rit \u00e0 gorge d\u00e9ploy\u00e9e. Le premier en haut a gagn\u00e9. Le maillot jaune est un enfant de 5\u00a0ans. Il lance: \u00abJ\u2019ai perdu, tu vois, je ne peux pas toujours gagner.\u00bb<\/p>\n","protected":false},"excerpt":{"rendered":"Il est temps de raconter une sc\u00e8ne survenue en queue de com\u00e8te du Tour de France 2024, trop&hellip;\n","protected":false},"author":2,"featured_media":279001,"comment_status":"","ping_status":"","sticky":false,"template":"","format":"standard","meta":{"footnotes":""},"categories":[2],"tags":[11,1011,27,12,301,25,210],"class_list":{"0":"post-279000","1":"post","2":"type-post","3":"status-publish","4":"format-standard","5":"has-post-thumbnail","7":"category-actualites","8":"tag-actualites","9":"tag-fr","10":"tag-france","11":"tag-news","12":"tag-premium","13":"tag-republique-francaise","14":"tag-tour-de-france"},"share_on_mastodon":{"url":"https:\/\/pubeurope.com\/@fr\/114929538384372927","error":""},"_links":{"self":[{"href":"https:\/\/www.europesays.com\/fr\/wp-json\/wp\/v2\/posts\/279000","targetHints":{"allow":["GET"]}}],"collection":[{"href":"https:\/\/www.europesays.com\/fr\/wp-json\/wp\/v2\/posts"}],"about":[{"href":"https:\/\/www.europesays.com\/fr\/wp-json\/wp\/v2\/types\/post"}],"author":[{"embeddable":true,"href":"https:\/\/www.europesays.com\/fr\/wp-json\/wp\/v2\/users\/2"}],"replies":[{"embeddable":true,"href":"https:\/\/www.europesays.com\/fr\/wp-json\/wp\/v2\/comments?post=279000"}],"version-history":[{"count":0,"href":"https:\/\/www.europesays.com\/fr\/wp-json\/wp\/v2\/posts\/279000\/revisions"}],"wp:featuredmedia":[{"embeddable":true,"href":"https:\/\/www.europesays.com\/fr\/wp-json\/wp\/v2\/media\/279001"}],"wp:attachment":[{"href":"https:\/\/www.europesays.com\/fr\/wp-json\/wp\/v2\/media?parent=279000"}],"wp:term":[{"taxonomy":"category","embeddable":true,"href":"https:\/\/www.europesays.com\/fr\/wp-json\/wp\/v2\/categories?post=279000"},{"taxonomy":"post_tag","embeddable":true,"href":"https:\/\/www.europesays.com\/fr\/wp-json\/wp\/v2\/tags?post=279000"}],"curies":[{"name":"wp","href":"https:\/\/api.w.org\/{rel}","templated":true}]}}