{"id":279004,"date":"2025-07-28T06:53:29","date_gmt":"2025-07-28T06:53:29","guid":{"rendered":"https:\/\/www.europesays.com\/fr\/279004\/"},"modified":"2025-07-28T06:53:29","modified_gmt":"2025-07-28T06:53:29","slug":"quatre-francaises-a-the-open-et-la-der-de-la-saison-reguliere-du-pga-tour-au-programme-de-la-semaine","status":"publish","type":"post","link":"https:\/\/www.europesays.com\/fr\/279004\/","title":{"rendered":"Quatre Fran\u00e7aises \u00e0 The Open et la der de la saison r\u00e9guli\u00e8re du PGA Tour au programme de la semaine"},"content":{"rendered":"<p>\t\t\t\t\t\t<img width=\"770\" height=\"556\" src=\"https:\/\/www.europesays.com\/fr\/wp-content\/uploads\/2025\/06\/nastasia-nadaud-tristan-joneslet-770x556.jpg\" class=\"img-responsive wp-post-image\" alt=\"\" decoding=\"async\" fetchpriority=\"high\"  \/>\t\t\t\t\t<\/p>\n<p>\t\t\t\t\t\t Partager cet article <\/p>\n<p class=\"screen-reader-text juiz_sps_maybe_hidden_text\">Partager la publication \u00ab\u00a0Quatre Fran\u00e7aises \u00e0 The Open et la der de la saison r\u00e9guli\u00e8re du PGA Tour au programme de la semaine\u00a0\u00bb<\/p>\n<p><strong>Pour la toute derni\u00e8re fois de l\u2019ann\u00e9e, le golf mondial nous offre une semaine de Majeur avec l\u2019AIG Women\u2019s Open au pays de Galles. Le PGA Tour s\u2019arr\u00eate en Caroline du Nord pour la fin de sa saison r\u00e9guli\u00e8re. L\u2019HotelPlanner Tour s\u2019exporte en \u00c9cosse.<\/strong><\/p>\n<p>\t\t\t\t<img loading=\"lazy\" decoding=\"async\" src=\"data:image\/svg+xml,%3Csvg%20xmlns=\" http:=\"\" attributionsrc=\"\" border=\"0\" height=\"1\" width=\"1\" alt=\"Advertisement\" data-lazy-src=\"https:\/\/www.europesays.com\/fr\/wp-content\/uploads\/2025\/06\/B33661776.421948095;dc_trk_aid=614321628;dc_trk_cid=235413172;ord=[timestamp];dc_lat=;dc_rdid=;tag_f.gif\"\/><\/p>\n<p>\t\t\t\t\t<a id=\"174697\" href=\"https:\/\/ad.doubleclick.net\/ddm\/trackclk\/N6600.3770024GOLFPLANATE\/B33661776.421948095;dc_trk_aid=614321628;dc_trk_cid=235413172;dc_lat=;dc_rdid=;tag_for_child_directed_treatment=;tfua=;gdpr=${GDPR};gdpr_consent=${GDPR_CONSENT_755};ltd=;dc_tdv=1\" target=\"_blank\" rel=\"sponsorised nofollow noopener\"><img decoding=\"async\" src=\"data:image\/svg+xml,%3Csvg%20xmlns=\" http:=\"\" class=\"img-responsive\" alt=\"\" data-lazy-src=\"https:\/\/www.europesays.com\/fr\/wp-content\/uploads\/2025\/06\/amundi-e01-retraite-2506-1170x275-1.jpg\"\/><\/a><br \/>\nPGA Tour : Wyndham Championship, Sedgefield Country Club, Greensboro, Caroline du Nord<\/p>\n<p><strong>Du 31\u00a0juillet au 3\u00a0ao\u00fbt<\/strong><\/p>\n<p>La saison r\u00e9guli\u00e8re du circuit am\u00e9ricain prend fin cette semaine en Caroline du Nord. <strong>Antoine Rozner <\/strong>et<strong> Victor Perez<\/strong> ont besoin de points pour assurer leur carte pour 2026 et \u00e9viter la pression de la <strong>FedExCup Fall. Matthieu Pavon<\/strong>, quant \u00e0 lui, esp\u00e8re un miracle pour jouer les play-offs \u00e0 partir du 7 ao\u00fbt prochain.<\/p>\n<p>\t\t\t\t\t<a id=\"180479\" href=\"https:\/\/www.swing.fr\/voyage\/35-14eme-edition-des-doubles-gosset-by-beachcomber\" target=\"_blank\" rel=\"sponsorised nofollow noopener\"><img decoding=\"async\" src=\"data:image\/svg+xml,%3Csvg%20xmlns=\" http:=\"\" class=\"img-responsive\" alt=\"\" data-lazy-src=\"https:\/\/www.europesays.com\/fr\/wp-content\/uploads\/2025\/07\/beachcomber-e01-doubles-gosset-26-1170x275-1.jpg\"\/><\/a><br \/>\nLPGA\/LET : AIG Women\u2019s Open, Royal Porthcawl Golf Club, Porthcawl, Pays de Galles<\/p>\n<p><strong>Du 31\u00a0juillet au 3\u00a0ao\u00fbt<\/strong><\/p>\n<p>C\u2019est au pays de Galles que l\u2019\u00e9lite f\u00e9minine \u00e0 rendez-vous pour le dernier Majeur de la saison. L\u2019\u00e9preuve se dispute sur un somptueux par 72, un links de bord de mer \u00e0 l\u2019ouest de Cardiff. Comme pour l\u2019<strong>Amundi Evian Championship<\/strong>, quatre Fran\u00e7aises sont au d\u00e9part\u00a0: <strong>Nastasia Nadaud <\/strong>(photo),<strong> Pauline Roussin-Bouchard<\/strong>,<strong> C\u00e9line Boutier <\/strong>et<strong> Perrine Delacour.<\/strong><\/p>\n<p>\t\t\t\t\t<a id=\"178017\" href=\"https:\/\/www.formigolf.fr\/voyage-pays~jardin-de-tecina-4etoiles-la-gomera~75~canaries\" target=\"_blank\" rel=\"sponsorised nofollow noopener\"><img decoding=\"async\" src=\"data:image\/svg+xml,%3Csvg%20xmlns=\" http:=\"\" class=\"img-responsive\" alt=\"\" data-lazy-src=\"https:\/\/www.europesays.com\/fr\/wp-content\/uploads\/2025\/07\/formigolf-e07-canaries-gomera-1170x275-1.gif\"\/><\/a><br \/>\nKorn Ferry Tour : Utah Championship presented by Zions Bank and Intermountain Health, Ogden Golf &amp; Country Club, Ogden, Utah<\/p>\n<p><strong>Du 31\u00a0juillet au 3\u00a0ao\u00fbt<\/strong><\/p>\n<p><strong>J\u00e9r\u00e9my Gandon <\/strong>et le Belge<strong> Adrien Dumont de Chassart<\/strong> sont \u00e9galement dans le money time de la saison. Apr\u00e8s son cut manqu\u00e9 la semaine pass\u00e9, le Fran\u00e7ais va chercher \u00e0 r\u00e9agir. Ils jouent sur un par 70 de 6\u00a0489 m\u00e8tres<\/p>\n<p>\t\t\t\t\t<a id=\"179394\" href=\"https:\/\/eu.ping.com\/fr-fr\/clubs\/irons\/i240\" target=\"_blank\" rel=\"sponsorised nofollow noopener\"><img decoding=\"async\" src=\"data:image\/svg+xml,%3Csvg%20xmlns=\" http:=\"\" class=\"img-responsive\" alt=\"\" data-lazy-src=\"https:\/\/www.europesays.com\/fr\/wp-content\/uploads\/2025\/07\/ping-e06-fers-i240-1170x275-1.jpg\"\/><\/a><br \/>\nHotelPlanner Tour (Challenge Tour)\u00a0: Farmfoods Scottish Challenge supported by The R &amp; A, The Roxburghe Championship Golf Course, Kelso, \u00c9cosse<\/p>\n<p><strong>Du 31\u00a0juillet au 3\u00a0ao\u00fbt<\/strong><\/p>\n<p>Apr\u00e8s une petite semaine de pause, l\u2019<strong>HotelPlanner Tour<\/strong> reprend sa route avec une escale au pays du golf. <strong>Benjamin Kedochim<\/strong>,<strong> Julien Quesne<\/strong>,<strong> Julien Sale<\/strong>,<strong> Mathieu Decottignies Lafon<\/strong>,<strong> Oihan Guillamoundeguy<\/strong>,<strong> S\u00e9bastien Gros<\/strong>,<strong> Maxence Giboudot <\/strong>et<strong> Nathan Legendre<\/strong> sont du d\u00e9placement sur un par 72 de 6\u00a0588 m\u00e8tres.<\/p>\n<p>\t\t\t\t<img loading=\"lazy\" decoding=\"async\" src=\"data:image\/svg+xml,%3Csvg%20xmlns=\" http:=\"\" attributionsrc=\"\" border=\"0\" height=\"1\" width=\"1\" alt=\"Advertisement\" data-lazy-src=\"https:\/\/www.europesays.com\/fr\/wp-content\/uploads\/2025\/05\/B33047934.421787844;dc_trk_aid=614154864;dc_trk_cid=235296214;ord=[timestamp];dc_lat=;dc_rdid=;tag_f.gif\"\/><\/p>\n<p>\t\t\t\t\t<a id=\"173261\" href=\"https:\/\/ad.doubleclick.net\/ddm\/trackclk\/N1153799.3770024GOLFPLANATE\/B33047934.421787844;dc_trk_aid=614154864;dc_trk_cid=235296214;dc_lat=;dc_rdid=;tag_for_child_directed_treatment=;tfua=;gdpr=${GDPR};gdpr_consent=${GDPR_CONSENT_755};ltd=;dc_tdv=1\" target=\"_blank\" rel=\"sponsorised nofollow noopener\"><img decoding=\"async\" src=\"data:image\/svg+xml,%3Csvg%20xmlns=\" http:=\"\" class=\"img-responsive\" alt=\"\" data-lazy-src=\"https:\/\/www.europesays.com\/fr\/wp-content\/uploads\/2025\/05\/callaway-e03-aione-square2square-1170x275-1.jpg\"\/><\/a><br \/>\nLETAS\u00a0: Q-Tour Himmerland Championship Presented by Sand Spedition, Himmerland Resort, Himmerland Resort, Himmerland, Danemark<\/p>\n<p><strong>Du 31\u00a0juillet au 2\u00a0ao\u00fbt<\/strong><\/p>\n<p>Le <strong>LETAS<\/strong> repart vers les pays du Nord pour deux \u00e9v\u00e9nements. Les golfeuses s\u2019arr\u00eatent tout d\u2019abord au Danemark pour une \u00e9preuve dot\u00e9e de 50 000 \u20ac. Huit Fran\u00e7aises sont pr\u00e9sentes pour cette \u00e9preuve.<\/p>\n<p>\t\t\t\t\t<a id=\"178032\" href=\"https:\/\/www.golfy.fr\/landing\/golf-planete-decouvrez-les-golfs-collections-du-reseau-golfy?utm_source=golf_planete&amp;utm_medium=display&amp;utm_campaign=golfs_collection_2025\" target=\"_blank\" rel=\"sponsorised nofollow noopener\"><img decoding=\"async\" src=\"data:image\/svg+xml,%3Csvg%20xmlns=\" http:=\"\" class=\"img-responsive\" alt=\"\" data-lazy-src=\"https:\/\/www.europesays.com\/fr\/wp-content\/uploads\/2025\/06\/golfy-e06-golfs-collection-france-ete-1170x275-1.jpg\"\/><\/a><br \/>\nEpson Tour : Four Winds Invitational, South Bend Country Club, South Bend, Indiana<\/p>\n<p><strong>Du 1er au 3\u00a0ao\u00fbt<\/strong><\/p>\n<p>Les aventures d\u2019<strong>Agathe Laisn\u00e9<\/strong> et d\u2019<strong>Emma Broze<\/strong> se poursuivent dans la r\u00e9gion des grands lacs. Pour ce tournoi proposant une dotation de 225 000 dollars, elles se mesurent \u00e0 un par 72 de 5 864 m\u00e8tres.<\/p>\n<p>\t\t\t\t\t<a id=\"178042\" href=\"https:\/\/leclub-golf.com\/fr\/actualites\/team-sud-ouest-vs-team-sud-est-le-duel-de-lete?utm_source=golf+planete&amp;utm_medium=referral&amp;utm_campaign=team+sud&amp;utm_id=team+sud_golf+planete_referral_banner\" target=\"_blank\" rel=\"sponsorised nofollow noopener\"><img decoding=\"async\" src=\"data:image\/svg+xml,%3Csvg%20xmlns=\" http:=\"\" class=\"img-responsive\" alt=\"\" data-lazy-src=\"https:\/\/www.europesays.com\/fr\/wp-content\/uploads\/2025\/07\/leclubgolf-e08-duel-teams-1170x275-1.png\"\/><\/a><br \/>\nPro Golf Tour\u00a0: Bonmont Pro Golf Tour 2025, Golf &amp; Country Club de Bonmont, Ch\u00e9serex, Suisse<\/p>\n<p><strong>Du 28 au 30\u00a0juillet<\/strong><\/p>\n<p>Les Bleus sont tr\u00e8s nombreux cette semaine en Suisse. Exactement 38 golfeurs Tricolores vont prendre le d\u00e9part d\u2019un tournoi disput\u00e9 \u00e0 quelques encablures de la fronti\u00e8re fran\u00e7aise, au nord de Gen\u00e8ve.<\/p>\n<p>\u00a0<\/p>\n<p>\u00a0<\/p>\n<p>DP World Tour\u00a0: Pause<\/p>\n<p>Prochain tournoi\u00a0: Nexo Championship, Trump International Golf Links, Aberdeen, \u00c9cosse<\/p>\n<p><strong>Du 7 au 10 ao\u00fbt<\/strong><\/p>\n<p>\t\t\t\t\t<a id=\"180488\" href=\"https:\/\/golfplus.fr\/\" target=\"_blank\" rel=\"sponsorised nofollow noopener\"><img decoding=\"async\" src=\"data:image\/svg+xml,%3Csvg%20xmlns=\" http:=\"\" class=\"img-responsive\" alt=\"\" data-lazy-src=\"https:\/\/www.europesays.com\/fr\/wp-content\/uploads\/2025\/07\/golfplus-e19-livraison-lieu-vacances-1170x275-1.jpg\"\/><\/a><br \/>\nAsian Tour : Pause<\/p>\n<p>Prochain tournoi : Mandiri Indonesia Open, Pondok Indah Golf Course, Jakarta, Indon\u00e9sie<\/p>\n<p><strong>Du 28 au 31 ao\u00fbt<\/strong><\/p>\n<p>\t\t\t\t\t<a id=\"180462\" href=\"https:\/\/www.makilas-golftour.com\/sejour\/makilas-agadir-2023-2-2\/\" target=\"_blank\" rel=\"sponsorised nofollow noopener\"><img decoding=\"async\" src=\"data:image\/svg+xml,%3Csvg%20xmlns=\" http:=\"\" class=\"img-responsive\" alt=\"\" data-lazy-src=\"https:\/\/www.europesays.com\/fr\/wp-content\/uploads\/2025\/07\/challengeorganisation-e01-rencontres-agadir-1170x275-1.jpeg\"\/><\/a><br \/>\nAlps Tour : Pause<\/p>\n<p>Prochain tournoi\u00a0: 2025 Longwy Alps Open, UGolf Longwy International, Longwy, Meurthe-et-Moselle<\/p>\n<p><strong>Du 4 au 6 septembre<\/strong><\/p>\n<p>TGL : Saison termin\u00e9e<\/p>\n<p>\u00a0<\/p>\n<p>\u00a0<\/p>\n<p>\u00a9 Tristan Jones\/LET<\/p>\n","protected":false},"excerpt":{"rendered":"Partager cet article Partager la publication \u00ab\u00a0Quatre Fran\u00e7aises \u00e0 The Open et la der de la saison r\u00e9guli\u00e8re&hellip;\n","protected":false},"author":2,"featured_media":174238,"comment_status":"","ping_status":"","sticky":false,"template":"","format":"standard","meta":{"footnotes":""},"categories":[1418],"tags":[1011,27,1472,60],"class_list":{"0":"post-279004","1":"post","2":"type-post","3":"status-publish","4":"format-standard","5":"has-post-thumbnail","7":"category-golf","8":"tag-fr","9":"tag-france","10":"tag-golf","11":"tag-sports"},"share_on_mastodon":{"url":"https:\/\/pubeurope.com\/@fr\/114929546203866094","error":""},"_links":{"self":[{"href":"https:\/\/www.europesays.com\/fr\/wp-json\/wp\/v2\/posts\/279004","targetHints":{"allow":["GET"]}}],"collection":[{"href":"https:\/\/www.europesays.com\/fr\/wp-json\/wp\/v2\/posts"}],"about":[{"href":"https:\/\/www.europesays.com\/fr\/wp-json\/wp\/v2\/types\/post"}],"author":[{"embeddable":true,"href":"https:\/\/www.europesays.com\/fr\/wp-json\/wp\/v2\/users\/2"}],"replies":[{"embeddable":true,"href":"https:\/\/www.europesays.com\/fr\/wp-json\/wp\/v2\/comments?post=279004"}],"version-history":[{"count":0,"href":"https:\/\/www.europesays.com\/fr\/wp-json\/wp\/v2\/posts\/279004\/revisions"}],"wp:featuredmedia":[{"embeddable":true,"href":"https:\/\/www.europesays.com\/fr\/wp-json\/wp\/v2\/media\/174238"}],"wp:attachment":[{"href":"https:\/\/www.europesays.com\/fr\/wp-json\/wp\/v2\/media?parent=279004"}],"wp:term":[{"taxonomy":"category","embeddable":true,"href":"https:\/\/www.europesays.com\/fr\/wp-json\/wp\/v2\/categories?post=279004"},{"taxonomy":"post_tag","embeddable":true,"href":"https:\/\/www.europesays.com\/fr\/wp-json\/wp\/v2\/tags?post=279004"}],"curies":[{"name":"wp","href":"https:\/\/api.w.org\/{rel}","templated":true}]}}