{"id":279007,"date":"2025-07-28T06:56:09","date_gmt":"2025-07-28T06:56:09","guid":{"rendered":"https:\/\/www.europesays.com\/fr\/279007\/"},"modified":"2025-07-28T06:56:09","modified_gmt":"2025-07-28T06:56:09","slug":"petite-douche-froide-pour-monfils-sorti-dentree-a-toronto-malgre-quatre-balles-de-match","status":"publish","type":"post","link":"https:\/\/www.europesays.com\/fr\/279007\/","title":{"rendered":"petite douche froide pour Monfils, sorti d&rsquo;entr\u00e9e \u00e0 Toronto malgr\u00e9 quatre balles de match"},"content":{"rendered":"<p>Ga\u00ebl Monfils s&rsquo;est inclin\u00e9 (6-4, 4-6, 7-6) d\u00e8s son entr\u00e9e en lice au Masters 1000 de Toronto contre le Chilien Tomas Barrios Vera, issu des qualifications apr\u00e8s s&rsquo;\u00eatre pourtant procur\u00e9 quatre balles de match.<\/p>\n<p>Nouvelle d\u00e9convenue pour <a href=\"https:\/\/rmcsport.bfmtv.com\/tennis\/gael-monfils_DN-201411280299.html\" title=\"Ga\u00ebl Monfils\" class=\"internal_link\" rel=\"nofollow noopener\" target=\"_blank\">Ga\u00ebl Monfils<\/a>. Le Fran\u00e7ais a \u00e9t\u00e9 surpris d&rsquo;entr\u00e9e au Masters 1000 de Toronto par le qualifi\u00e9 chilien Tomas Barrios Vera 6-4, 4-6, 7-6 dimanche, malgr\u00e9 quatre balles de match en sa faveur. Toronto &#8211; qui organise le Masters 1000 canadien un an sur deux en alternance avec Montr\u00e9al &#8211; le reverra-t-il? Avant de quitter le terrain, le trentenaire fran\u00e7ais a pris le temps de tapoter le coin du court de la main et de remercier et saluer le public.<\/p>\n<p>Sixi\u00e8me d\u00e9faite en sept matchs depuis Roland-Garros<\/p>\n<p>A 38 ans, l&rsquo;ex-n\u00b06 mondial aujourd&rsquo;hui 48e avait d\u00e9j\u00e0 quitt\u00e9 d\u00e8s le premier tour le tournoi de Washington il y a quelques jours. Il s&rsquo;agit m\u00eame de sa sixi\u00e8me d\u00e9faite en sept matches depuis son \u00e9limination au deuxi\u00e8me tour de Roland-Garros. Sous le soleil canadien, Monfils n&rsquo;a pas su convertir les occasions de conclure qu&rsquo;il s&rsquo;est procur\u00e9es avant le jeu d\u00e9cisif, deux \u00e0 5-4, et deux autres \u00e0 6-5, quand Barrios Vera, 142e joueur mondial, a lui saisi sa premi\u00e8re, apr\u00e8s 2h46 min de match.<\/p>\n<p>Mpetshi Perricard passe le premier tour<\/p>\n<p>Il ne profitera pas d&rsquo;un tableau d\u00e9sert\u00e9 par quatre des dix meilleurs joueurs mondiaux: Jannik Sinner, Carlos Alcaraz, Novak Djokovic et Jack Draper. Giovanni Mpetshi Perricard (45e) a lui franchi le premier tour en dominant le qualifi\u00e9 japonais Shintaro Mochizuki (123e) 6-4, 6-2 et doit affronter le n\u00b09 mondial Holger Rune au tour suivant.<\/p>\n<p>Benjamin Bonzi (69e) a \u00e9t\u00e9 renvers\u00e9 4-6, 6-0, 6-3 par l&rsquo;Australien Adam Walton (84e), et Quentin Halys (71e) 4-6, 6-4, 7-5 par le Serbe Miomir Kecmanovic (49e). Comme eux, Pierre-Hugues Herbert, Valentin Royer et Ugo Blanchet, tous les trois issus des qualifications, se sont inclin\u00e9s d&rsquo;entr\u00e9e.<\/p>\n","protected":false},"excerpt":{"rendered":"Ga\u00ebl Monfils s&rsquo;est inclin\u00e9 (6-4, 4-6, 7-6) d\u00e8s son entr\u00e9e en lice au Masters 1000 de Toronto contre&hellip;\n","protected":false},"author":2,"featured_media":279008,"comment_status":"","ping_status":"","sticky":false,"template":"","format":"standard","meta":{"footnotes":""},"categories":[1415],"tags":[1011,27,60,1467],"class_list":{"0":"post-279007","1":"post","2":"type-post","3":"status-publish","4":"format-standard","5":"has-post-thumbnail","7":"category-tennis","8":"tag-fr","9":"tag-france","10":"tag-sports","11":"tag-tennis"},"share_on_mastodon":{"url":"https:\/\/pubeurope.com\/@fr\/114929557997081166","error":""},"_links":{"self":[{"href":"https:\/\/www.europesays.com\/fr\/wp-json\/wp\/v2\/posts\/279007","targetHints":{"allow":["GET"]}}],"collection":[{"href":"https:\/\/www.europesays.com\/fr\/wp-json\/wp\/v2\/posts"}],"about":[{"href":"https:\/\/www.europesays.com\/fr\/wp-json\/wp\/v2\/types\/post"}],"author":[{"embeddable":true,"href":"https:\/\/www.europesays.com\/fr\/wp-json\/wp\/v2\/users\/2"}],"replies":[{"embeddable":true,"href":"https:\/\/www.europesays.com\/fr\/wp-json\/wp\/v2\/comments?post=279007"}],"version-history":[{"count":0,"href":"https:\/\/www.europesays.com\/fr\/wp-json\/wp\/v2\/posts\/279007\/revisions"}],"wp:featuredmedia":[{"embeddable":true,"href":"https:\/\/www.europesays.com\/fr\/wp-json\/wp\/v2\/media\/279008"}],"wp:attachment":[{"href":"https:\/\/www.europesays.com\/fr\/wp-json\/wp\/v2\/media?parent=279007"}],"wp:term":[{"taxonomy":"category","embeddable":true,"href":"https:\/\/www.europesays.com\/fr\/wp-json\/wp\/v2\/categories?post=279007"},{"taxonomy":"post_tag","embeddable":true,"href":"https:\/\/www.europesays.com\/fr\/wp-json\/wp\/v2\/tags?post=279007"}],"curies":[{"name":"wp","href":"https:\/\/api.w.org\/{rel}","templated":true}]}}