{"id":279009,"date":"2025-07-28T06:58:13","date_gmt":"2025-07-28T06:58:13","guid":{"rendered":"https:\/\/www.europesays.com\/fr\/279009\/"},"modified":"2025-07-28T06:58:13","modified_gmt":"2025-07-28T06:58:13","slug":"pourquoi-marc-marquez-est-toujours-siffle-dix-ans-apres-sepang","status":"publish","type":"post","link":"https:\/\/www.europesays.com\/fr\/279009\/","title":{"rendered":"pourquoi Marc M\u00e1rquez est toujours siffl\u00e9 dix ans apr\u00e8s Sepang"},"content":{"rendered":"<p>Dix ans apr\u00e8s l\u2019un des \u00e9pisodes les plus tendus de l\u2019histoire du MotoGP, le Grand Prix de Sepang 2015 reste une r\u00e9f\u00e9rence lorsqu\u2019il s\u2019agit d\u2019\u00e9voquer les tensions entre Marc M\u00e1rquez et une partie du public, notamment les tifosi de Valentino Rossi. Ce duel explosif entre les deux champions a laiss\u00e9 une empreinte durable dans les m\u00e9moires.<\/p>\n<p>Malgr\u00e9 ses succ\u00e8s et son statut d\u2019octuple champion du monde, Marc M\u00e1rquez ne fait toujours pas l\u2019unanimit\u00e9. Sur les circuits italiens notamment, il continue d\u2019\u00eatre accueilli par des sifflets nourris. Ce rejet populaire s\u2019explique par un sentiment de trahison que certains fans n\u2019ont jamais dig\u00e9r\u00e9 depuis 2015.<\/p>\n<p><b>Une attitude point\u00e9e du doigt<\/b><\/p>\n<p>Un ancien pilote italien, figure respect\u00e9e du paddock, a r\u00e9cemment raviv\u00e9 les d\u00e9bats. Il estime que M\u00e1rquez aurait franchi une ligne rouge ce jour-l\u00e0, non pas dans sa performance, mais dans son comportement. Selon lui, l\u2019Espagnol aurait agi en contradiction avec l\u2019esprit du sport, provoquant une rupture d\u2019image profonde.<\/p>\n<blockquote>\n<p>\u201cCette saison a tout chang\u00e9.\u00a0M\u00e1rquez a manqu\u00e9 de respect \u00e0 la moto, cette saison-l\u00e0, il s\u2019est disqualifi\u00e9 en tant qu\u2019homme. J\u2019\u00e9tais aussi son fan, en fait, \u00e0 vrai dire, je pr\u00e9f\u00e9rais Marc \u00e0 Valentino. J\u2019ai beaucoup appr\u00e9ci\u00e9 son arriv\u00e9e en\u00a0MotoGP\u00a0et son talent pour remettre tout le monde \u00e0 sa place. Personne ne peut lui enlever \u00e7a, mais M\u00e1rquez, l\u2019homme, a beaucoup perdu.\u00a0Je ne suis pas surpris qu\u2019on le siffle\u201d D\u00e9clare Loris Reggiani, source : <a href=\"http:\/\/paddock-gp.com\" rel=\"nofollow noopener\" target=\"_blank\">paddock-gp.com<\/a>\u00a0<\/p>\n<\/blockquote>\n<p>Si M\u00e1rquez reste l\u2019un des pilotes les plus talentueux de sa g\u00e9n\u00e9ration, l\u2019ombre de Sepang plane toujours sur sa carri\u00e8re. Le ressentiment d\u2019une partie du public d\u00e9montre que dans le sport de haut niveau, la perception peut parfois peser autant que les r\u00e9sultats. Pour certains, ce que le pilote incarne depuis ce jour-l\u00e0 ne s\u2019effacera jamais totalement.<\/p>\n<blockquote>\n<p>\u201cRossi n\u2019a jamais donn\u00e9 de coup de pied \u00e0 M\u00e1rquez, m\u00eame la Dorna ne l\u2019a pas envisag\u00e9 de cette fa\u00e7on. Il est humainement impossible de pousser une moto de 150 kilos en mouvement, m\u00eame lentement. Rossi m\u00e9ritait ce titre, il avait men\u00e9 de la premi\u00e8re \u00e0 l\u2019avant-derni\u00e8re course. Lorenzo a remport\u00e9 plus de Grands Prix, mais Vale a \u00e9t\u00e9 plus r\u00e9gulier et Jorge s\u2019est pr\u00eat\u00e9 un peu \u00e0 ce jeu, il l\u2019a dit lui-m\u00eame apr\u00e8s Valence. Si ces trois derni\u00e8res courses s\u2019\u00e9taient d\u00e9roul\u00e9es comme elles auraient d\u00fb, Rossi aurait remport\u00e9 ce Championnat du Monde, \u00e0 36 ans !\u201d D\u00e9clare le pilote italien, source : <a href=\"http:\/\/paddock-gp.com\" rel=\"nofollow noopener\" target=\"_blank\">paddock-gp.com<\/a>\u00a0<\/p>\n<\/blockquote>\n<p>    Partagez cette info avec vos amis et vos proches en cliquant ici  <\/p>\n<p> Podcasts \u00e0 la une MEN LIFE <\/p>\n<p>    MotoGP : L\u2019ombre de Sepang plane toujours sur Marc M\u00e1rquez, dix ans apr\u00e8s<\/p>\n<p>Dix ans apr\u00e8s l\u2019explosif Grand Prix de Sepang 2015, Marc M\u00e1rquez reste une figure clivante en MotoGP. Un ancien pilote relance la pol\u00e9mique et remet en cause son attitude pass\u00e9e, expliquant les sifflets r\u00e9currents dont il est la cible. Une cicatrice que le temps ne semble pas refermer.<\/p>\n<p>R\u00e9dacteur<\/p>\n<p><img decoding=\"async\" width=\"76\" height=\"76\" loading=\"lazy\" src=\"https:\/\/www.europesays.com\/fr\/wp-content\/uploads\/2025\/04\/avatar-sport-am.png\" alt=\"Victor Teyssier\"\/><\/p>\n","protected":false},"excerpt":{"rendered":"Dix ans apr\u00e8s l\u2019un des \u00e9pisodes les plus tendus de l\u2019histoire du MotoGP, le Grand Prix de Sepang&hellip;\n","protected":false},"author":2,"featured_media":279010,"comment_status":"","ping_status":"","sticky":false,"template":"","format":"standard","meta":{"footnotes":""},"categories":[1413],"tags":[1011,27,1457,1456,60],"class_list":{"0":"post-279009","1":"post","2":"type-post","3":"status-publish","4":"format-standard","5":"has-post-thumbnail","7":"category-moto","8":"tag-fr","9":"tag-france","10":"tag-moto","11":"tag-motocycle","12":"tag-sports"},"share_on_mastodon":{"url":"https:\/\/pubeurope.com\/@fr\/114929565975196191","error":""},"_links":{"self":[{"href":"https:\/\/www.europesays.com\/fr\/wp-json\/wp\/v2\/posts\/279009","targetHints":{"allow":["GET"]}}],"collection":[{"href":"https:\/\/www.europesays.com\/fr\/wp-json\/wp\/v2\/posts"}],"about":[{"href":"https:\/\/www.europesays.com\/fr\/wp-json\/wp\/v2\/types\/post"}],"author":[{"embeddable":true,"href":"https:\/\/www.europesays.com\/fr\/wp-json\/wp\/v2\/users\/2"}],"replies":[{"embeddable":true,"href":"https:\/\/www.europesays.com\/fr\/wp-json\/wp\/v2\/comments?post=279009"}],"version-history":[{"count":0,"href":"https:\/\/www.europesays.com\/fr\/wp-json\/wp\/v2\/posts\/279009\/revisions"}],"wp:featuredmedia":[{"embeddable":true,"href":"https:\/\/www.europesays.com\/fr\/wp-json\/wp\/v2\/media\/279010"}],"wp:attachment":[{"href":"https:\/\/www.europesays.com\/fr\/wp-json\/wp\/v2\/media?parent=279009"}],"wp:term":[{"taxonomy":"category","embeddable":true,"href":"https:\/\/www.europesays.com\/fr\/wp-json\/wp\/v2\/categories?post=279009"},{"taxonomy":"post_tag","embeddable":true,"href":"https:\/\/www.europesays.com\/fr\/wp-json\/wp\/v2\/tags?post=279009"}],"curies":[{"name":"wp","href":"https:\/\/api.w.org\/{rel}","templated":true}]}}