{"id":279013,"date":"2025-07-28T07:00:09","date_gmt":"2025-07-28T07:00:09","guid":{"rendered":"https:\/\/www.europesays.com\/fr\/279013\/"},"modified":"2025-07-28T07:00:09","modified_gmt":"2025-07-28T07:00:09","slug":"tour-de-france-van-aert-fait-plier-pogacar-dans-la-butte-montmartre-et-soffre-une-victoire-de-legende-sur-les-champs-elysees","status":"publish","type":"post","link":"https:\/\/www.europesays.com\/fr\/279013\/","title":{"rendered":"Tour de France\u00a0: Van Aert fait plier Pogacar dans la Butte Montmartre et s\u2019offre une victoire de l\u00e9gende sur les Champs-\u00c9lys\u00e9es"},"content":{"rendered":"<p>Grandissime favori au d\u00e9part, Tadej Pogacar a remport\u00e9 son quatri\u00e8me Tour de France dimanche \u00e0 Paris \u00e0 l&rsquo;issue d&rsquo;une derni\u00e8re \u00e9tape exceptionnelle remport\u00e9e par Wout Van Aert sur les Champs-\u00c9lys\u00e9es.<\/p>\n<p>Le Slov\u00e8ne s&rsquo;impose avec une avance confortable de 4:24 au classement g\u00e9n\u00e9ral sur le Danois Jonas Vingegaard.<\/p>\n<p>Mais il ne s&rsquo;est pas content\u00e9 de finir en roue libre, dynamitant au contraire l&rsquo;ultime \u00e9pisode couru sous un d\u00e9luge, lors de la triple ascension de la butte Montmartre, noire de monde.<\/p>\n<p>Passant en t\u00eate lors des deux premi\u00e8res ascensions, il a encore attaqu\u00e9, au sein d&rsquo;un groupe de six coureurs, lors de la derni\u00e8re mont\u00e9e de la rue Lepic, noy\u00e9e dans une ferveur indescriptible pour suivre cette derni\u00e8re \u00e9tape transform\u00e9e en classique pav\u00e9e flandrienne.<\/p>\n<p>Mais Van Aert a r\u00e9ussi \u00e0 s&rsquo;accrocher \u00e0 sa roue avant de l\u00e2cher le maillot jaune dans les derniers m\u00e8tres de l&rsquo;ascension et d&rsquo;aller gagner pour la deuxi\u00e8me fois de sa carri\u00e8re sur les Champs-\u00c9lys\u00e9es, trois ans apr\u00e8s sa derni\u00e8re victoire d&rsquo;\u00e9tape sur le Tour.<\/p>\n<p>Quatri\u00e8me de l&rsquo;\u00e9tape, Pogacar, tremp\u00e9 jusqu&rsquo;\u00e0 l&rsquo;os, a franchi la ligne le doigt lev\u00e9 pour conclure en beaut\u00e9 un Tour de France qu&rsquo;il aura ma\u00eetris\u00e9 de bout en bout.<\/p>\n<p>Apr\u00e8s avoir assomm\u00e9 la concurrence d\u00e8s les Pyr\u00e9n\u00e9es et ensuite promen\u00e9 son ennui dans les Alpes, le champion du monde avait d\u00e9cid\u00e9 de faire la course dimanche.<\/p>\n<p>Et ce alors m\u00eame que sa victoire finale \u00e9tait assur\u00e9e puisque les temps au g\u00e9n\u00e9ral avaient \u00e9t\u00e9 gel\u00e9s avant Montmartre \u00e0 cause de la pluie &#8211; il ne lui restait plus qu&rsquo;\u00e0 passer la ligne, quand-m\u00eame. Cela ne l&rsquo;a pas emp\u00each\u00e9 de prendre des risques pour participer \u00e0 un spectacle total dans des rues d\u00e9tremp\u00e9es de Paris, dont Vingegaard s&rsquo;est tenu \u00e9loign\u00e9.<\/p>\n<p>En six participations, Pogacar en est d\u00e9sormais \u00e0 quatre victoires dans le Tour de France et deux deuxi\u00e8mes places, \u00e9galant Chris Froome pour se rapprocher \u00e0 une unit\u00e9 du record d\u00e9tenu par Eddy Merckx, Bernard Hinault, Jacques Anquetil et Miguel Indurain.<\/p>\n<p>Tout n&rsquo;a pourtant pas \u00e9t\u00e9 rose et le Slov\u00e8ne a d\u00fb composer avec l&rsquo;abandon de son lieutenant Joao Almeida, plusieurs coureurs malades dans son \u00e9quipe, un rhume pour lui-m\u00eame, les in\u00e9vitables questionnements sur sa supr\u00e9matie et l&rsquo;\u00e9quipe Visma.<\/p>\n<p>Mais la strat\u00e9gie de harc\u00e8lement de la formation n\u00e9erlandaise a fait pschitt et, au final, Vingegaard boucle son plus mauvais Tour depuis 2021, sans victoire d&rsquo;\u00e9tape.<\/p>\n<p>Derri\u00e8re, les jeunes poussent \u00e0 commencer par Florian Lipowitz, 24 ans, premier Allemand sur le podium depuis Andreas Kl\u00f6den en 2006. Deux Fran\u00e7ais qu&rsquo;on n&rsquo;attendait pas \u00e0 ce niveau se glissent dans le Top 10 avec K\u00e9vin Vauquelin (7e) et Jordan J\u00e9gat (10e).<\/p>\n","protected":false},"excerpt":{"rendered":"Grandissime favori au d\u00e9part, Tadej Pogacar a remport\u00e9 son quatri\u00e8me Tour de France dimanche \u00e0 Paris \u00e0 l&rsquo;issue&hellip;\n","protected":false},"author":2,"featured_media":279014,"comment_status":"","ping_status":"","sticky":false,"template":"","format":"standard","meta":{"footnotes":""},"categories":[1411],"tags":[1154,207,1011,27,60],"class_list":{"0":"post-279013","1":"post","2":"type-post","3":"status-publish","4":"format-standard","5":"has-post-thumbnail","7":"category-cyclisme","8":"tag-cycling","9":"tag-cyclisme","10":"tag-fr","11":"tag-france","12":"tag-sports"},"share_on_mastodon":{"url":"https:\/\/pubeurope.com\/@fr\/114929573883664486","error":""},"_links":{"self":[{"href":"https:\/\/www.europesays.com\/fr\/wp-json\/wp\/v2\/posts\/279013","targetHints":{"allow":["GET"]}}],"collection":[{"href":"https:\/\/www.europesays.com\/fr\/wp-json\/wp\/v2\/posts"}],"about":[{"href":"https:\/\/www.europesays.com\/fr\/wp-json\/wp\/v2\/types\/post"}],"author":[{"embeddable":true,"href":"https:\/\/www.europesays.com\/fr\/wp-json\/wp\/v2\/users\/2"}],"replies":[{"embeddable":true,"href":"https:\/\/www.europesays.com\/fr\/wp-json\/wp\/v2\/comments?post=279013"}],"version-history":[{"count":0,"href":"https:\/\/www.europesays.com\/fr\/wp-json\/wp\/v2\/posts\/279013\/revisions"}],"wp:featuredmedia":[{"embeddable":true,"href":"https:\/\/www.europesays.com\/fr\/wp-json\/wp\/v2\/media\/279014"}],"wp:attachment":[{"href":"https:\/\/www.europesays.com\/fr\/wp-json\/wp\/v2\/media?parent=279013"}],"wp:term":[{"taxonomy":"category","embeddable":true,"href":"https:\/\/www.europesays.com\/fr\/wp-json\/wp\/v2\/categories?post=279013"},{"taxonomy":"post_tag","embeddable":true,"href":"https:\/\/www.europesays.com\/fr\/wp-json\/wp\/v2\/tags?post=279013"}],"curies":[{"name":"wp","href":"https:\/\/api.w.org\/{rel}","templated":true}]}}